{"id":1356,"date":"2024-10-14T09:25:19","date_gmt":"2024-10-14T09:25:19","guid":{"rendered":"https:\/\/www.5starshome.com\/blog\/?p=1356"},"modified":"2024-10-25T10:51:37","modified_gmt":"2024-10-25T10:51:37","slug":"sehenswertes-palma-de-mallorca","status":"publish","type":"post","link":"https:\/\/www.5starshome.com\/blog\/de\/sehenswertes-palma-de-mallorca\/","title":{"rendered":"Sehenswertes in Palma de Mallorca: ein absolut lohnenswertes Reiseziel"},"content":{"rendered":"\t\t<div data-elementor-type=\"wp-post\" data-elementor-id=\"1356\" class=\"elementor elementor-1356 elementor-1228\" data-elementor-post-type=\"post\">\n\t\t\t\t<div class=\"elementor-element elementor-element-9767b63 e-flex e-con-boxed e-con e-parent\" data-id=\"9767b63\" data-element_type=\"container\">\n\t\t\t\t\t<div class=\"e-con-inner\">\n\t\t\t\t<div class=\"elementor-element elementor-element-5d14d2f2 elementor-widget elementor-widget-text-editor\" data-id=\"5d14d2f2\" data-element_type=\"widget\" data-widget_type=\"text-editor.default\">\n\t\t\t\t<div class=\"elementor-widget-container\">\n\t\t\t<style>\/*! elementor - v3.23.0 - 23-07-2024 *\/\n.elementor-widget-text-editor.elementor-drop-cap-view-stacked .elementor-drop-cap{background-color:#69727d;color:#fff}.elementor-widget-text-editor.elementor-drop-cap-view-framed .elementor-drop-cap{color:#69727d;border:3px solid;background-color:transparent}.elementor-widget-text-editor:not(.elementor-drop-cap-view-default) .elementor-drop-cap{margin-top:8px}.elementor-widget-text-editor:not(.elementor-drop-cap-view-default) .elementor-drop-cap-letter{width:1em;height:1em}.elementor-widget-text-editor .elementor-drop-cap{float:left;text-align:center;line-height:1;font-size:50px}.elementor-widget-text-editor .elementor-drop-cap-letter{display:inline-block}<\/style>\t\t\t\t<p>M\u00f6chten Sie zu einem reizvollen Reiseziel im Herzen des Mittelmeers reisen, das viel zu sehen bietet? Dann sollten Sie sich folgendes notieren, denn Palma de Mallorca k\u00f6nnte die Antwort auf Ihre Fragen sein. <strong>Es ist eine Stadt, die alles zu bieten hat: Traumstr\u00e4nde, eine wundersch\u00f6ne Altstadt mit engen Gassen, Gesch\u00e4ften und Geschichte, einen charmanten Hafen mit Terrassen mit Blick auf das Meer sowie eine Gastronomie, die pure Versuchung ist. <\/strong>Und auch das kosmopolitische Leben kommt nicht zu kurz, denn Palma de Mallorca verf\u00fcgt \u00fcber zahlreiche Designl\u00e4den, zeitgen\u00f6ssische Kunst und ein gro\u00dfes kulturelles Angebot das ganze Jahr \u00fcber.<\/p><p style=\"font-weight: 400;\">Wir haben Sie fast \u00fcberzeugt und Sie wollen wissen, was es in Palma de Mallorca zu sehen gibt? Dann lesen Sie weiter!<\/p>\t\t\t\t\t\t<\/div>\n\t\t\t\t<\/div>\n\t\t\t\t\t<\/div>\n\t\t\t\t<\/div>\n\t\t<div class=\"elementor-element elementor-element-6129615e e-flex e-con-boxed e-con e-parent\" data-id=\"6129615e\" data-element_type=\"container\">\n\t\t\t\t\t<div class=\"e-con-inner\">\n\t\t\t\t<div class=\"elementor-element elementor-element-6575c1d elementor-widget elementor-widget-table-of-contents\" data-id=\"6575c1d\" data-element_type=\"widget\" data-settings=\"{&quot;headings_by_tags&quot;:[&quot;h2&quot;,&quot;h3&quot;],&quot;exclude_headings_by_selector&quot;:[],&quot;marker_view&quot;:&quot;bullets&quot;,&quot;icon&quot;:{&quot;value&quot;:&quot;&quot;,&quot;library&quot;:&quot;&quot;},&quot;hierarchical_view&quot;:&quot;yes&quot;,&quot;min_height&quot;:{&quot;unit&quot;:&quot;px&quot;,&quot;size&quot;:&quot;&quot;,&quot;sizes&quot;:[]},&quot;min_height_tablet&quot;:{&quot;unit&quot;:&quot;px&quot;,&quot;size&quot;:&quot;&quot;,&quot;sizes&quot;:[]},&quot;min_height_mobile&quot;:{&quot;unit&quot;:&quot;px&quot;,&quot;size&quot;:&quot;&quot;,&quot;sizes&quot;:[]}}\" data-widget_type=\"table-of-contents.default\">\n\t\t\t\t<div class=\"elementor-widget-container\">\n\t\t\t<style>\/*! elementor-pro - v3.23.0 - 23-07-2024 *\/\n.elementor-widget-table-of-contents .elementor-toc__header-title{color:var(--header-color)}.elementor-widget-table-of-contents.elementor-toc--collapsed .elementor-toc__toggle-button--collapse,.elementor-widget-table-of-contents:not(.elementor-toc--collapsed) .elementor-toc__toggle-button--expand{display:none}.elementor-widget-table-of-contents .elementor-widget-container{min-height:var(--box-min-height);border:var(--box-border-width,1px) solid var(--box-border-color,#9da5ae);border-radius:var(--box-border-radius,3px);background-color:var(--box-background-color);transition:min-height .4s;overflow:hidden}.elementor-toc__header{display:flex;align-items:center;justify-content:space-between;padding:var(--box-padding,20px);background-color:var(--header-background-color);border-bottom:var(--separator-width,1px) solid var(--box-border-color,#9da5ae)}.elementor-toc__header-title{font-size:18px;margin:0;color:var(--header-color);flex-grow:1}.elementor-toc__toggle-button{cursor:pointer;display:inline-flex}.elementor-toc__toggle-button i{color:var(--toggle-button-color)}.elementor-toc__toggle-button svg{height:1em;width:1em;fill:var(--toggle-button-color)}.elementor-toc__spinner-container{text-align:center}.elementor-toc__spinner{font-size:2em}.elementor-toc__spinner.e-font-icon-svg{height:1em;width:1em}.elementor-toc__body{padding:var(--box-padding,20px);max-height:var(--toc-body-max-height);overflow-y:auto}.elementor-toc__body::-webkit-scrollbar{width:7px}.elementor-toc__body::-webkit-scrollbar-thumb{background-color:#babfc5;border-radius:10px}.elementor-toc__list-wrapper{list-style:none;padding:0}.elementor-toc__list-item{margin-bottom:.5em}.elementor-toc__list-item.elementor-item-active{font-weight:700}.elementor-toc__list-item .elementor-toc__list-wrapper{margin-top:.5em;margin-inline-start:var(--nested-list-indent,1em)}.elementor-toc__list-item-text{transition-duration:var(--item-text-transition-duration)}.elementor-toc__list-item-text:hover{color:var(--item-text-hover-color);-webkit-text-decoration:var(--item-text-hover-decoration);text-decoration:var(--item-text-hover-decoration)}.elementor-toc__list-item-text.elementor-item-active{color:var(--item-text-active-color);-webkit-text-decoration:var(--item-text-active-decoration);text-decoration:var(--item-text-active-decoration)}.elementor-toc__list-item-text-wrapper{display:flex;align-items:center}.elementor-toc__list-item-text-wrapper:before,.elementor-toc__list-item-text-wrapper i{margin-inline-end:8px;color:var(--marker-color)}.elementor-toc__list-item-text-wrapper svg{margin-inline-end:8px;fill:var(--marker-color);height:var(--marker-size,.5em);width:var(--marker-size,.5em)}.elementor-toc__list-item-text-wrapper i{font-size:var(--marker-size,.5em)}.elementor-toc__list-item-text-wrapper:before{font-size:var(--marker-size,1em)}.elementor-toc--content-ellipsis .elementor-toc__list-item-text{white-space:nowrap;overflow:hidden;text-overflow:ellipsis}.elementor-toc__list-items--collapsible>.elementor-toc__list-wrapper>.elementor-toc__list-item>.elementor-toc__list-wrapper{display:none}.elementor-toc__heading-anchor{position:absolute}.elementor-toc__body .elementor-toc__list-item-text{color:var(--item-text-color);-webkit-text-decoration:var(--item-text-decoration);text-decoration:var(--item-text-decoration);transition-duration:var(--item-text-transition-duration)}.elementor-toc__body .elementor-toc__list-item-text:hover{color:var(--item-text-hover-color);-webkit-text-decoration:var(--item-text-hover-decoration);text-decoration:var(--item-text-hover-decoration)}.elementor-toc__body .elementor-toc__list-item-text.elementor-item-active{color:var(--item-text-active-color);-webkit-text-decoration:var(--item-text-active-decoration);text-decoration:var(--item-text-active-decoration)}ol.elementor-toc__list-wrapper{counter-reset:item}ol.elementor-toc__list-wrapper .elementor-toc__list-item{counter-increment:item}ol.elementor-toc__list-wrapper .elementor-toc__list-item-text-wrapper:before{content:counters(item,\".\") \". \"}<\/style>\t\t<div class=\"elementor-toc__header\">\n\t\t\t<div class=\"elementor-toc__header-title\">\n\t\t\t\tVerzeichnis\t\t\t<\/div>\n\t\t\t\t\t<\/div>\n\t\t<div id=\"elementor-toc__6575c1d\" class=\"elementor-toc__body\">\n\t\t\t<div class=\"elementor-toc__spinner-container\">\n\t\t\t\t<svg class=\"elementor-toc__spinner eicon-animation-spin e-font-icon-svg e-eicon-loading\" aria-hidden=\"true\" viewBox=\"0 0 1000 1000\" xmlns=\"http:\/\/www.w3.org\/2000\/svg\"><path d=\"M500 975V858C696 858 858 696 858 500S696 142 500 142 142 304 142 500H25C25 237 238 25 500 25S975 237 975 500 763 975 500 975Z\"><\/path><\/svg>\t\t\t<\/div>\n\t\t<\/div>\n\t\t\t\t<\/div>\n\t\t\t\t<\/div>\n\t\t\t\t\t<\/div>\n\t\t\t\t<\/div>\n\t\t<div class=\"elementor-element elementor-element-29983611 e-flex e-con-boxed e-con e-parent\" data-id=\"29983611\" data-element_type=\"container\">\n\t\t\t\t\t<div class=\"e-con-inner\">\n\t\t\t\t<div class=\"elementor-element elementor-element-7126792d elementor-widget elementor-widget-heading\" data-id=\"7126792d\" data-element_type=\"widget\" data-widget_type=\"heading.default\">\n\t\t\t\t<div class=\"elementor-widget-container\">\n\t\t\t<style>\/*! elementor - v3.23.0 - 23-07-2024 *\/\n.elementor-heading-title{padding:0;margin:0;line-height:1}.elementor-widget-heading .elementor-heading-title[class*=elementor-size-]>a{color:inherit;font-size:inherit;line-height:inherit}.elementor-widget-heading .elementor-heading-title.elementor-size-small{font-size:15px}.elementor-widget-heading .elementor-heading-title.elementor-size-medium{font-size:19px}.elementor-widget-heading .elementor-heading-title.elementor-size-large{font-size:29px}.elementor-widget-heading .elementor-heading-title.elementor-size-xl{font-size:39px}.elementor-widget-heading .elementor-heading-title.elementor-size-xxl{font-size:59px}<\/style><h2 class=\"elementor-heading-title elementor-size-default\">Was gibt es in Palma de Mallorca zu sehen?\n<\/h2>\t\t<\/div>\n\t\t\t\t<\/div>\n\t\t\t\t<div class=\"elementor-element elementor-element-7ffad5fc elementor-widget elementor-widget-text-editor\" data-id=\"7ffad5fc\" data-element_type=\"widget\" data-widget_type=\"text-editor.default\">\n\t\t\t\t<div class=\"elementor-widget-container\">\n\t\t\t\t\t\t\t<p>Die erste Frage, die einem in den Sinn kommt, wenn man am <em>Brainstormen<\/em> ist, wohin man in den Urlaub fahren soll, ist die nach den Sehensw\u00fcrdigkeiten. Und wenn man dar\u00fcber nachdenkt, in die Hauptstadt der Balearen zu reisen, verschwinden diese Zweifel, denn in Palma de Mallorca gibt es so viele Dinge zu sehen, dass man nicht lange \u00fcberlegen muss, ob es sich lohnt oder nicht.<\/p><p>Und folgende Sehensw\u00fcrdigkeiten sollten Sie sich unter gar keinen Umst\u00e4nden entgehen lassen:<\/p>\t\t\t\t\t\t<\/div>\n\t\t\t\t<\/div>\n\t\t\t\t\t<\/div>\n\t\t\t\t<\/div>\n\t\t<div class=\"elementor-element elementor-element-6dabf91c e-flex e-con-boxed e-con e-parent\" data-id=\"6dabf91c\" data-element_type=\"container\">\n\t\t\t\t\t<div class=\"e-con-inner\">\n\t\t\t\t<div class=\"elementor-element elementor-element-3904fba1 elementor-widget elementor-widget-heading\" data-id=\"3904fba1\" data-element_type=\"widget\" data-widget_type=\"heading.default\">\n\t\t\t\t<div class=\"elementor-widget-container\">\n\t\t\t<h3 class=\"elementor-heading-title elementor-size-default\">Kathedrale von Mallorca\n<\/h3>\t\t<\/div>\n\t\t\t\t<\/div>\n\t\t\t\t\t<\/div>\n\t\t\t\t<\/div>\n\t\t<div class=\"elementor-element elementor-element-2bb573b e-flex e-con-boxed e-con e-parent\" data-id=\"2bb573b\" data-element_type=\"container\">\n\t\t\t\t\t<div class=\"e-con-inner\">\n\t\t<div class=\"elementor-element elementor-element-499dac7 e-con-full e-flex e-con e-child\" data-id=\"499dac7\" data-element_type=\"container\">\n\t\t\t\t<div class=\"elementor-element elementor-element-1c3a2893 elementor-widget elementor-widget-text-editor\" data-id=\"1c3a2893\" data-element_type=\"widget\" data-widget_type=\"text-editor.default\">\n\t\t\t\t<div class=\"elementor-widget-container\">\n\t\t\t\t\t\t\t<p>Die Kathedrale von Mallorca, auch bekannt als La Seu, ist <strong>das unbestrittene Wahrzeichen der Stadt<\/strong>. Sie befindet sich direkt am Meer in der Bucht von Palma und wurde an der Stelle einer alten arabischen Moschee errichtet<strong>. Mit ihrem Bau wurde im 13. Jahrhundert begonnen, aber die Kathedrale wurde im Laufe der Jahrhunderte ver\u00e4ndert, wobei Elemente der Renaissance, des Barock und der Gotik eingearbeitet wurden.<\/strong><\/p><p>Im Inneren der Kathedrale d\u00fcrfen Sie sich die Capilla del Sant\u00edsimo, ein modernistisches Werk von Antoni Gaud\u00ed, sowie das visuelle Spektakel der Kapelle des Corpus Christi mit ihrem besonderen Keramik-Wandbild des K\u00fcnstlers Miquel Barcel\u00f3 nicht entgehen lassen.<\/p><p style=\"font-weight: 400;\">Und nat\u00fcrlich kann man den Ort nicht verlassen, ohne auf die Terrasse der Kathedrale zu gehen, von der aus man den besten Panoramablick auf die Stadt, den Hafen und das Mittelmeer hat.<\/p>\t\t\t\t\t\t<\/div>\n\t\t\t\t<\/div>\n\t\t\t\t<\/div>\n\t\t<div class=\"elementor-element elementor-element-9c70cbf e-con-full e-flex e-con e-child\" data-id=\"9c70cbf\" data-element_type=\"container\">\n\t\t\t\t<div class=\"elementor-element elementor-element-0152ed7 elementor-widget elementor-widget-image\" data-id=\"0152ed7\" data-element_type=\"widget\" data-widget_type=\"image.default\">\n\t\t\t\t<div class=\"elementor-widget-container\">\n\t\t\t<style>\/*! elementor - v3.23.0 - 23-07-2024 *\/\n.elementor-widget-image{text-align:center}.elementor-widget-image a{display:inline-block}.elementor-widget-image a img[src$=\".svg\"]{width:48px}.elementor-widget-image img{vertical-align:middle;display:inline-block}<\/style>\t\t\t\t\t\t\t\t\t\t<img decoding=\"async\" width=\"762\" height=\"459\" src=\"https:\/\/www.5starshome.com\/blog\/wp-content\/uploads\/2024\/10\/catedral-de-mallorca-palma.jpg\" class=\"attachment-large size-large wp-image-1266\" alt=\"catedral-de-mallorca-palma\" srcset=\"https:\/\/www.5starshome.com\/blog\/wp-content\/uploads\/2024\/10\/catedral-de-mallorca-palma.jpg 762w, https:\/\/www.5starshome.com\/blog\/wp-content\/uploads\/2024\/10\/catedral-de-mallorca-palma-300x181.jpg 300w\" sizes=\"(max-width: 762px) 100vw, 762px\" \/>\t\t\t\t\t\t\t\t\t\t\t\t\t<\/div>\n\t\t\t\t<\/div>\n\t\t\t\t<\/div>\n\t\t\t\t\t<\/div>\n\t\t\t\t<\/div>\n\t\t<div class=\"elementor-element elementor-element-60f43b3 e-flex e-con-boxed e-con e-parent\" data-id=\"60f43b3\" data-element_type=\"container\">\n\t\t\t\t\t<div class=\"e-con-inner\">\n\t\t\t\t<div class=\"elementor-element elementor-element-9c99f9d elementor-widget elementor-widget-heading\" data-id=\"9c99f9d\" data-element_type=\"widget\" data-widget_type=\"heading.default\">\n\t\t\t\t<div class=\"elementor-widget-container\">\n\t\t\t<h3 class=\"elementor-heading-title elementor-size-default\">K\u00f6nigspalast La Almudaina \n<\/h3>\t\t<\/div>\n\t\t\t\t<\/div>\n\t\t\t\t\t<\/div>\n\t\t\t\t<\/div>\n\t\t<div class=\"elementor-element elementor-element-207e65d e-flex e-con-boxed e-con e-parent\" data-id=\"207e65d\" data-element_type=\"container\">\n\t\t\t\t\t<div class=\"e-con-inner\">\n\t\t<div class=\"elementor-element elementor-element-d8a8789 e-con-full e-flex e-con e-child\" data-id=\"d8a8789\" data-element_type=\"container\">\n\t\t\t\t<div class=\"elementor-element elementor-element-e71e3ec elementor-widget elementor-widget-text-editor\" data-id=\"e71e3ec\" data-element_type=\"widget\" data-widget_type=\"text-editor.default\">\n\t\t\t\t<div class=\"elementor-widget-container\">\n\t\t\t\t\t\t\t<p>Direkt neben der Kathedrale befindet sich der K\u00f6nigspalast La Almudaina, <strong>ein Ort, der Geschichte, Eleganz und einen ebenso spektakul\u00e4ren Blick auf das Meer wie die Kathedrale perfekt miteinander verbindet<\/strong>.<\/p><p style=\"font-weight: 400;\">Er dient als offizielle Residenz der k\u00f6niglichen Familie, obwohl er in der Vergangenheit eine arabische Festung war, weshalb sich in seiner Architektur islamische und gotische Elemente vermischen. <strong>Und was werden Sie hier finden? Viele Wandteppiche, Dekorationen und M\u00f6bel mit jahrhundertealter Geschichte.<\/strong> Au\u00dferdem k\u00f6nnen Sie durch die G\u00e4rten mit ihren Brunnen, Pflanzen und B\u00e4umen schlendern und, Achtung, auch den Hafen von Palma sehen. Ein perfekter Ort, um den Sonnenuntergang zu beobachten, finden Sie nicht auch?<\/p>\t\t\t\t\t\t<\/div>\n\t\t\t\t<\/div>\n\t\t\t\t<\/div>\n\t\t<div class=\"elementor-element elementor-element-00784df e-con-full e-flex e-con e-child\" data-id=\"00784df\" data-element_type=\"container\">\n\t\t\t\t<div class=\"elementor-element elementor-element-7a3898f elementor-widget elementor-widget-image\" data-id=\"7a3898f\" data-element_type=\"widget\" data-widget_type=\"image.default\">\n\t\t\t\t<div class=\"elementor-widget-container\">\n\t\t\t\t\t\t\t\t\t\t\t\t\t<img decoding=\"async\" width=\"724\" height=\"482\" src=\"https:\/\/www.5starshome.com\/blog\/wp-content\/uploads\/2024\/10\/palacio-dreal-de-la-almudaina-Palma-de-mallorca.jpg\" class=\"attachment-large size-large wp-image-1270\" alt=\"palacio-dreal-de-la-almudaina-Palma-de-mallorca\" srcset=\"https:\/\/www.5starshome.com\/blog\/wp-content\/uploads\/2024\/10\/palacio-dreal-de-la-almudaina-Palma-de-mallorca.jpg 724w, https:\/\/www.5starshome.com\/blog\/wp-content\/uploads\/2024\/10\/palacio-dreal-de-la-almudaina-Palma-de-mallorca-300x200.jpg 300w\" sizes=\"(max-width: 724px) 100vw, 724px\" \/>\t\t\t\t\t\t\t\t\t\t\t\t\t<\/div>\n\t\t\t\t<\/div>\n\t\t\t\t<\/div>\n\t\t\t\t\t<\/div>\n\t\t\t\t<\/div>\n\t\t<div class=\"elementor-element elementor-element-ad8de55 e-flex e-con-boxed e-con e-parent\" data-id=\"ad8de55\" data-element_type=\"container\">\n\t\t\t\t\t<div class=\"e-con-inner\">\n\t\t\t\t<div class=\"elementor-element elementor-element-23032cc elementor-widget elementor-widget-heading\" data-id=\"23032cc\" data-element_type=\"widget\" data-widget_type=\"heading.default\">\n\t\t\t\t<div class=\"elementor-widget-container\">\n\t\t\t<h3 class=\"elementor-heading-title elementor-size-default\">Altstadt von Palma de Mallorca und j\u00fcdisches Viertel\n<\/h3>\t\t<\/div>\n\t\t\t\t<\/div>\n\t\t\t\t\t<\/div>\n\t\t\t\t<\/div>\n\t\t<div class=\"elementor-element elementor-element-16aefe4 e-flex e-con-boxed e-con e-parent\" data-id=\"16aefe4\" data-element_type=\"container\">\n\t\t\t\t\t<div class=\"e-con-inner\">\n\t\t<div class=\"elementor-element elementor-element-ee03429 e-con-full e-flex e-con e-child\" data-id=\"ee03429\" data-element_type=\"container\">\n\t\t\t\t<div class=\"elementor-element elementor-element-cb59b4c elementor-widget elementor-widget-text-editor\" data-id=\"cb59b4c\" data-element_type=\"widget\" data-widget_type=\"text-editor.default\">\n\t\t\t\t<div class=\"elementor-widget-container\">\n\t\t\t\t\t\t\t<p>Die Altstadt von Palma ist ein Labyrinth aus engen Gassen, versteckten H\u00f6fen und malerischen Ecken. Und das j\u00fcdische Viertel \u2013 Call Jueu \u2013 ist einer der faszinierendsten Orte, die man in der Altstadt von Palma de Mallorca sehen kann.<\/p><p>In den Stra\u00dfen, an den Fassaden und in den Ornamenten sind noch die Spuren der j\u00fcdischen Gemeinde zu sehen, die hier im Mittelalter lebte. <strong>Unbedingt sehenswert sind die Plaza de Santa Eulalia, einer der \u00e4ltesten Pl\u00e4tze der Stadt, und die Basilika Sant Francesc. Und nat\u00fcrlich m\u00fcssen Sie ein Herrenhaus betreten und seine typisch mallorquinischen Innenh\u00f6fe genie\u00dfen<\/strong>, von denen viele f\u00fcr die \u00d6ffentlichkeit zug\u00e4nglich sind!<\/p>\t\t\t\t\t\t<\/div>\n\t\t\t\t<\/div>\n\t\t\t\t<\/div>\n\t\t<div class=\"elementor-element elementor-element-80296af e-con-full e-flex e-con e-child\" data-id=\"80296af\" data-element_type=\"container\">\n\t\t\t\t<div class=\"elementor-element elementor-element-3c5beb0 elementor-widget elementor-widget-image\" data-id=\"3c5beb0\" data-element_type=\"widget\" data-widget_type=\"image.default\">\n\t\t\t\t<div class=\"elementor-widget-container\">\n\t\t\t\t\t\t\t\t\t\t\t\t\t<img decoding=\"async\" width=\"792\" height=\"441\" src=\"https:\/\/www.5starshome.com\/blog\/wp-content\/uploads\/2024\/10\/casco-antiguo-Palma-de-mallorca.jpg\" class=\"attachment-large size-large wp-image-1274\" alt=\"casco-antiguo-Palma-de-mallorca\" srcset=\"https:\/\/www.5starshome.com\/blog\/wp-content\/uploads\/2024\/10\/casco-antiguo-Palma-de-mallorca.jpg 792w, https:\/\/www.5starshome.com\/blog\/wp-content\/uploads\/2024\/10\/casco-antiguo-Palma-de-mallorca-300x167.jpg 300w, https:\/\/www.5starshome.com\/blog\/wp-content\/uploads\/2024\/10\/casco-antiguo-Palma-de-mallorca-768x428.jpg 768w\" sizes=\"(max-width: 792px) 100vw, 792px\" \/>\t\t\t\t\t\t\t\t\t\t\t\t\t<\/div>\n\t\t\t\t<\/div>\n\t\t\t\t<\/div>\n\t\t\t\t\t<\/div>\n\t\t\t\t<\/div>\n\t\t<div class=\"elementor-element elementor-element-278eb79 e-flex e-con-boxed e-con e-parent\" data-id=\"278eb79\" data-element_type=\"container\">\n\t\t\t\t\t<div class=\"e-con-inner\">\n\t\t\t\t<div class=\"elementor-element elementor-element-897eca3 elementor-widget elementor-widget-heading\" data-id=\"897eca3\" data-element_type=\"widget\" data-widget_type=\"heading.default\">\n\t\t\t\t<div class=\"elementor-widget-container\">\n\t\t\t<h3 class=\"elementor-heading-title elementor-size-default\">La Lonja de Palma <\/h3>\t\t<\/div>\n\t\t\t\t<\/div>\n\t\t\t\t\t<\/div>\n\t\t\t\t<\/div>\n\t\t<div class=\"elementor-element elementor-element-a8adef5 e-flex e-con-boxed e-con e-parent\" data-id=\"a8adef5\" data-element_type=\"container\">\n\t\t\t\t\t<div class=\"e-con-inner\">\n\t\t<div class=\"elementor-element elementor-element-fd5add6 e-con-full e-flex e-con e-child\" data-id=\"fd5add6\" data-element_type=\"container\">\n\t\t\t\t<div class=\"elementor-element elementor-element-d49f958 elementor-widget elementor-widget-text-editor\" data-id=\"d49f958\" data-element_type=\"widget\" data-widget_type=\"text-editor.default\">\n\t\t\t\t<div class=\"elementor-widget-container\">\n\t\t\t\t\t\t\t<p style=\"font-weight: 400;\">La Lonja de Palma oder Sa Llotja wurde im 15. Jahrhundert erbaut und ist eines der besten Beispiele ziviler gotischer Architektur auf Mallorca. <strong>Es handelt sich um ein gro\u00dfes, sehr symmetrisches Geb\u00e4ude, das durch die Form seiner S\u00e4ulen und seine warmen Farben hypnotisierend wirkt.<\/strong> Fr\u00fcher diente es als Handelsb\u00f6rse und war Treffpunkt der Kaufleute, um zu verhandeln und Handel zu treiben; heute ist es ein kultureller Ort, an dem Wechselausstellungen und zahlreiche Veranstaltungen stattfinden.<\/p>\t\t\t\t\t\t<\/div>\n\t\t\t\t<\/div>\n\t\t\t\t<\/div>\n\t\t<div class=\"elementor-element elementor-element-02945ea e-con-full e-flex e-con e-child\" data-id=\"02945ea\" data-element_type=\"container\">\n\t\t\t\t<div class=\"elementor-element elementor-element-5ff15d4 elementor-widget elementor-widget-image\" data-id=\"5ff15d4\" data-element_type=\"widget\" data-widget_type=\"image.default\">\n\t\t\t\t<div class=\"elementor-widget-container\">\n\t\t\t\t\t\t\t\t\t\t\t\t\t<img decoding=\"async\" width=\"724\" height=\"483\" src=\"https:\/\/www.5starshome.com\/blog\/wp-content\/uploads\/2024\/10\/lonja-Palma-de-mallorca.jpg\" class=\"attachment-large size-large wp-image-1278\" alt=\"lonja-Palma-de-mallorca\" srcset=\"https:\/\/www.5starshome.com\/blog\/wp-content\/uploads\/2024\/10\/lonja-Palma-de-mallorca.jpg 724w, https:\/\/www.5starshome.com\/blog\/wp-content\/uploads\/2024\/10\/lonja-Palma-de-mallorca-300x200.jpg 300w\" sizes=\"(max-width: 724px) 100vw, 724px\" \/>\t\t\t\t\t\t\t\t\t\t\t\t\t<\/div>\n\t\t\t\t<\/div>\n\t\t\t\t<\/div>\n\t\t\t\t\t<\/div>\n\t\t\t\t<\/div>\n\t\t<div class=\"elementor-element elementor-element-940690d e-flex e-con-boxed e-con e-parent\" data-id=\"940690d\" data-element_type=\"container\">\n\t\t\t\t\t<div class=\"e-con-inner\">\n\t\t\t\t<div class=\"elementor-element elementor-element-ccdb80e elementor-widget elementor-widget-heading\" data-id=\"ccdb80e\" data-element_type=\"widget\" data-widget_type=\"heading.default\">\n\t\t\t\t<div class=\"elementor-widget-container\">\n\t\t\t<h3 class=\"elementor-heading-title elementor-size-default\">Castillo de Bellver <\/h3>\t\t<\/div>\n\t\t\t\t<\/div>\n\t\t\t\t\t<\/div>\n\t\t\t\t<\/div>\n\t\t<div class=\"elementor-element elementor-element-d8a023f e-flex e-con-boxed e-con e-parent\" data-id=\"d8a023f\" data-element_type=\"container\">\n\t\t\t\t\t<div class=\"e-con-inner\">\n\t\t<div class=\"elementor-element elementor-element-9d7ea57 e-con-full e-flex e-con e-child\" data-id=\"9d7ea57\" data-element_type=\"container\">\n\t\t\t\t<div class=\"elementor-element elementor-element-a46e572 elementor-widget elementor-widget-text-editor\" data-id=\"a46e572\" data-element_type=\"widget\" data-widget_type=\"text-editor.default\">\n\t\t\t\t<div class=\"elementor-widget-container\">\n\t\t\t\t\t\t\t<p>Das Castillo de Bellver ist eine der Attraktionen in Palma de Mallorca, die am Rande der Stadt liegen, aber dennoch lohnenswert sind, <strong>denn es ist eines der wenigen Rundburgen, die es in Europa gibt<\/strong>.<\/p><p style=\"font-weight: 400;\">Sie wurde im 14. Jahrhundert erbaut und diente als k\u00f6nigliche Residenz, aber auch als Gef\u00e4ngnis, jedoch ist sie nun seit 1931 das Geschichtsmuseum der Stadt. <strong>Ihr Name bedeutet auf Katalanisch \u201esch\u00f6ne Aussicht\u201c, da man von ihren Mauern aus die Stadt, die Bucht und die Sierra de Tramuntana in einem einzigen Panoramablick sehen kann.<\/strong><\/p>\t\t\t\t\t\t<\/div>\n\t\t\t\t<\/div>\n\t\t\t\t<\/div>\n\t\t<div class=\"elementor-element elementor-element-f819c77 e-con-full e-flex e-con e-child\" data-id=\"f819c77\" data-element_type=\"container\">\n\t\t\t\t<div class=\"elementor-element elementor-element-b09635a elementor-widget elementor-widget-image\" data-id=\"b09635a\" data-element_type=\"widget\" data-widget_type=\"image.default\">\n\t\t\t\t<div class=\"elementor-widget-container\">\n\t\t\t\t\t\t\t\t\t\t\t\t\t<img decoding=\"async\" width=\"724\" height=\"483\" src=\"https:\/\/www.5starshome.com\/blog\/wp-content\/uploads\/2024\/10\/castillo-de-bellver-Palma-de-mallorca.jpg\" class=\"attachment-large size-large wp-image-1282\" alt=\"castillo-de-bellver-Palma-de-mallorca\" srcset=\"https:\/\/www.5starshome.com\/blog\/wp-content\/uploads\/2024\/10\/castillo-de-bellver-Palma-de-mallorca.jpg 724w, https:\/\/www.5starshome.com\/blog\/wp-content\/uploads\/2024\/10\/castillo-de-bellver-Palma-de-mallorca-300x200.jpg 300w\" sizes=\"(max-width: 724px) 100vw, 724px\" \/>\t\t\t\t\t\t\t\t\t\t\t\t\t<\/div>\n\t\t\t\t<\/div>\n\t\t\t\t<\/div>\n\t\t\t\t\t<\/div>\n\t\t\t\t<\/div>\n\t\t<div class=\"elementor-element elementor-element-701e151 e-flex e-con-boxed e-con e-parent\" data-id=\"701e151\" data-element_type=\"container\">\n\t\t\t\t\t<div class=\"e-con-inner\">\n\t\t\t\t<div class=\"elementor-element elementor-element-8c07af2 elementor-widget elementor-widget-heading\" data-id=\"8c07af2\" data-element_type=\"widget\" data-widget_type=\"heading.default\">\n\t\t\t\t<div class=\"elementor-widget-container\">\n\t\t\t<h2 class=\"elementor-heading-title elementor-size-default\">Route zum Erkunden von Palma de Mallorca an einem Tag\n<\/h2>\t\t<\/div>\n\t\t\t\t<\/div>\n\t\t\t\t<div class=\"elementor-element elementor-element-980e7b6 elementor-widget elementor-widget-text-editor\" data-id=\"980e7b6\" data-element_type=\"widget\" data-widget_type=\"text-editor.default\">\n\t\t\t\t<div class=\"elementor-widget-container\">\n\t\t\t\t\t\t\t<p>Sie reisen nach Mallorca und haben nur einen Tag Zeit, um die Hauptstadt zu erkunden? Keine Sorge, wir haben eine Route f\u00fcr die Sehensw\u00fcrdigkeiten von Palma de Mallorca an einem Tag zusammengestellt, die sich perfekt eignet, um die Stadt gr\u00fcndlich kennenzulernen, ohne auf ihren Charme zu verzichten.<\/p><p>Beginnen Sie den Tag auf dem <strong>Paseo Mar\u00edtimo oder im Viertel Santa Catalina<\/strong>, das f\u00fcr seine unkonventionelle Atmosph\u00e4re bekannt ist, und genie\u00dfen Sie ein typisch mallorquinisches Fr\u00fchst\u00fcck: eine frisch zubereitete Ensaimada oder <em>Pa amb oli<\/em> \u2013 Brot mit Tomaten und Oliven\u00f6l. Anschlie\u00dfend <strong>besichtigen Sie die Kathedrale von Mallorca und den K\u00f6nigspalast La Almudaina<\/strong>, die direkt nebeneinander liegen. Wenn Sie Ihre Besuchszeiten gut organiseren, k\u00f6nnen Sie vor dem Mittagessen noch <strong>die Altstadt und das j\u00fcdische Viertel erkunden, eine Pause auf der Plaza Mayor einlegen oder \u00fcber die Plaza de Cort schlendern<\/strong>, wo sich der historische antike Olivenbaum und das Rathaus von Palma befinden.<\/p><p>Um wieder zu Kr\u00e4ften zu kommen, k\u00f6nnen Sie den <strong>Olivar Markt oder den Santa Catalina Markt <\/strong>besuchen, beides perfekte Orte, um die authentische Gastronomie der Insel zu genie\u00dfen, und sie geh\u00f6ren ebenfalls zu den Orten, die Sie in Palma de Mallorca unbedingt gesehen haben m\u00fcssen.<\/p><p style=\"font-weight: 400;\">Nach dem Mittagessen k\u00f6nnen Sie in das Viertel La Lonja fahren, <strong>um Sa Llotja zu besichtigen, und den Tag mit einem Besuch im Castillo de Bellver abschlie\u00dfen<\/strong>, das Sie mit dem Taxi oder dem Bus erreichen k\u00f6nnen. Zur\u00fcck in Palma de Mallorca k\u00f6nnen Sie den Tag mit einem guten Abendessen oder in einer Tapas-Bar im Viertel Santa Catalina ausklingen lassen, einem Ort mit vielen verschiedenen gastronomischen Angeboten. Und wenn Sie noch genug Energie \u00fcbrig haben, <strong>k\u00f6nnen Sie den Abend mit einem Cocktail auf dem Paseo Mar\u00edtimo genussvoll beenden<\/strong>. Klingt gut, nicht wahr?<\/p>\t\t\t\t\t\t<\/div>\n\t\t\t\t<\/div>\n\t\t\t\t\t<\/div>\n\t\t\t\t<\/div>\n\t\t<div class=\"elementor-element elementor-element-0bddbe7 e-flex e-con-boxed e-con e-parent\" data-id=\"0bddbe7\" data-element_type=\"container\">\n\t\t\t\t\t<div class=\"e-con-inner\">\n\t\t\t\t<div class=\"elementor-element elementor-element-a1fef5a elementor-widget elementor-widget-heading\" data-id=\"a1fef5a\" data-element_type=\"widget\" data-widget_type=\"heading.default\">\n\t\t\t\t<div class=\"elementor-widget-container\">\n\t\t\t<h2 class=\"elementor-heading-title elementor-size-default\">Werden Sie Palma de Mallorca besuchen?\n<\/h2>\t\t<\/div>\n\t\t\t\t<\/div>\n\t\t\t\t<div class=\"elementor-element elementor-element-e6dfda9 elementor-widget elementor-widget-text-editor\" data-id=\"e6dfda9\" data-element_type=\"widget\" data-widget_type=\"text-editor.default\">\n\t\t\t\t<div class=\"elementor-widget-container\">\n\t\t\t\t\t\t\t<p>Wir sind sicher, dass Sie sich darauf freuen, alle Sehensw\u00fcrdigkeiten und Attraktionen in Palma de Mallorca zu sehen und zu erkunden, aber warten Sie. <strong>Zuallererst m\u00fcssen Sie wissen, wo Sie nach einem langen Sightseeing-Tag \u00fcbernachten k\u00f6nnen.<\/strong> Und daf\u00fcr haben wir die sofortige L\u00f6sung, nur einen Klick entfernt, denn bei 5 Stars Home haben wir eine Vielzahl von Unterk\u00fcnften, in denen Sie sich sicher ausruhen und neue Energie f\u00fcr die Erkundung von Palma de Mallorca und dem Rest der Insel tanken k\u00f6nnen.<\/p><p style=\"font-weight: 400;\">M\u00f6chten Sie einen Blick darauf werfen? Dann gehen Sie auf unsere Website, vergleichen Sie, w\u00e4hlen Sie die Unterkunft, die Ihnen am besten gef\u00e4llt, aus und kommen Sie! Packen Sie Ihre Koffer und entdecken Sie, was es in Palma de Mallorca zu sehen gibt.<\/p>\t\t\t\t\t\t<\/div>\n\t\t\t\t<\/div>\n\t\t\t\t\t<\/div>\n\t\t\t\t<\/div>\n\t\t<div class=\"elementor-element elementor-element-6875d4c3 e-flex e-con-boxed e-con e-parent\" data-id=\"6875d4c3\" data-element_type=\"container\">\n\t\t\t\t\t<div class=\"e-con-inner\">\n\t\t<div class=\"elementor-element elementor-element-1a23931d e-con-full e-flex e-con e-child\" data-id=\"1a23931d\" data-element_type=\"container\">\n\t\t\t\t<div class=\"elementor-element elementor-element-1f474c6d elementor-align-center elementor-widget__width-initial elementor-widget elementor-widget-button\" data-id=\"1f474c6d\" data-element_type=\"widget\" data-widget_type=\"button.default\">\n\t\t\t\t<div class=\"elementor-widget-container\">\n\t\t\t\t\t<div class=\"elementor-button-wrapper\">\n\t\t\t<a class=\"elementor-button elementor-button-link elementor-size-sm\" href=\"https:\/\/www.5starshome.com\/de\/unterkunfte-mallorca\/\">\n\t\t\t\t\t\t<span class=\"elementor-button-content-wrapper\">\n\t\t\t\t\t\t\t\t\t<span class=\"elementor-button-text\">Unterk\u00fcnfte auf Mallorca<\/span>\n\t\t\t\t\t<\/span>\n\t\t\t\t\t<\/a>\n\t\t<\/div>\n\t\t\t\t<\/div>\n\t\t\t\t<\/div>\n\t\t\t\t<\/div>\n\t\t<div class=\"elementor-element elementor-element-19da87b8 e-con-full e-flex e-con e-child\" data-id=\"19da87b8\" data-element_type=\"container\">\n\t\t\t\t<div class=\"elementor-element elementor-element-29cdc5ea elementor-align-center elementor-widget elementor-widget-button\" data-id=\"29cdc5ea\" data-element_type=\"widget\" data-widget_type=\"button.default\">\n\t\t\t\t<div class=\"elementor-widget-container\">\n\t\t\t\t\t<div class=\"elementor-button-wrapper\">\n\t\t\t<a class=\"elementor-button elementor-button-link elementor-size-sm\" href=\"https:\/\/www.5starshome.com\/de\/fincas-auf-mallorca\/\">\n\t\t\t\t\t\t<span class=\"elementor-button-content-wrapper\">\n\t\t\t\t\t\t\t\t\t<span class=\"elementor-button-text\">Fincas auf Mallorca<\/span>\n\t\t\t\t\t<\/span>\n\t\t\t\t\t<\/a>\n\t\t<\/div>\n\t\t\t\t<\/div>\n\t\t\t\t<\/div>\n\t\t\t\t<\/div>\n\t\t<div class=\"elementor-element elementor-element-1f30f41c e-con-full e-flex e-con e-child\" data-id=\"1f30f41c\" data-element_type=\"container\">\n\t\t\t\t<div class=\"elementor-element elementor-element-1773225 elementor-align-center elementor-widget elementor-widget-button\" data-id=\"1773225\" data-element_type=\"widget\" data-widget_type=\"button.default\">\n\t\t\t\t<div class=\"elementor-widget-container\">\n\t\t\t\t\t<div class=\"elementor-button-wrapper\">\n\t\t\t<a class=\"elementor-button elementor-button-link elementor-size-sm\" href=\"https:\/\/www.5starshome.com\/de\/villa-auf-mallorca-mieten\/\">\n\t\t\t\t\t\t<span class=\"elementor-button-content-wrapper\">\n\t\t\t\t\t\t\t\t\t<span class=\"elementor-button-text\">Villas auf Mallorca<\/span>\n\t\t\t\t\t<\/span>\n\t\t\t\t\t<\/a>\n\t\t<\/div>\n\t\t\t\t<\/div>\n\t\t\t\t<\/div>\n\t\t\t\t<\/div>\n\t\t<div class=\"elementor-element elementor-element-4c0f3a0a e-con-full e-flex e-con e-child\" data-id=\"4c0f3a0a\" data-element_type=\"container\">\n\t\t\t\t<div class=\"elementor-element elementor-element-66e489f6 elementor-align-center elementor-widget elementor-widget-button\" data-id=\"66e489f6\" data-element_type=\"widget\" data-widget_type=\"button.default\">\n\t\t\t\t<div class=\"elementor-widget-container\">\n\t\t\t\t\t<div class=\"elementor-button-wrapper\">\n\t\t\t<a class=\"elementor-button elementor-button-link elementor-size-sm\" href=\"https:\/\/www.5starshome.com\/de\/ferienhauser-auf-mallorca\/\">\n\t\t\t\t\t\t<span class=\"elementor-button-content-wrapper\">\n\t\t\t\t\t\t\t\t\t<span class=\"elementor-button-text\">Ferienh\u00e4user auf Mallorca<\/span>\n\t\t\t\t\t<\/span>\n\t\t\t\t\t<\/a>\n\t\t<\/div>\n\t\t\t\t<\/div>\n\t\t\t\t<\/div>\n\t\t\t\t<\/div>\n\t\t\t\t\t<\/div>\n\t\t\t\t<\/div>\n\t\t\t\t<\/div>\n\t\t","protected":false},"excerpt":{"rendered":"<p>M\u00f6chten Sie zu einem reizvollen Reiseziel im Herzen des Mittelmeers reisen, das viel zu sehen bietet? Dann sollten Sie sich folgendes notieren, denn Palma de Mallorca k\u00f6nnte die Antwort auf Ihre Fragen sein. Es ist eine Stadt, die alles zu bieten hat: Traumstr\u00e4nde, eine wundersch\u00f6ne Altstadt mit engen Gassen, Gesch\u00e4ften und Geschichte, einen charmanten Hafen [&hellip;]<\/p>\n","protected":false},"author":5,"featured_media":1292,"comment_status":"open","ping_status":"open","sticky":false,"template":"","format":"standard","meta":{"footnotes":""},"categories":[2,40],"tags":[],"class_list":["post-1356","post","type-post","status-publish","format-standard","has-post-thumbnail","hentry","category-balearen","category-mallorca-de"],"yoast_head":"<!-- This site is optimized with the Yoast SEO plugin v23.1 - https:\/\/yoast.com\/wordpress\/plugins\/seo\/ -->\n<title>Die beeindruckendsten Ecken von Palma de Mallorca - Planen Sie Ihre Reise zu den Balearen<\/title>\n<meta name=\"description\" content=\"Entdecken Sie die beeindruckendsten Ecken von Palma de Mallorca. Entdecken Sie Attraktionen und Aktivit\u00e4ten, die Sie nicht verpassen d\u00fcrfen. Planen Sie jetzt Ihren Besuch!\" \/>\n<meta name=\"robots\" content=\"index, follow, max-snippet:-1, max-image-preview:large, max-video-preview:-1\" \/>\n<link rel=\"canonical\" href=\"https:\/\/www.5starshome.com\/blog\/de\/sehenswertes-palma-de-mallorca\/\" \/>\n<meta property=\"og:locale\" content=\"de_DE\" \/>\n<meta property=\"og:type\" content=\"article\" \/>\n<meta property=\"og:title\" content=\"Die beeindruckendsten Ecken von Palma de Mallorca - Planen Sie Ihre Reise zu den Balearen\" \/>\n<meta property=\"og:description\" content=\"Entdecken Sie die beeindruckendsten Ecken von Palma de Mallorca. Entdecken Sie Attraktionen und Aktivit\u00e4ten, die Sie nicht verpassen d\u00fcrfen. Planen Sie jetzt Ihren Besuch!\" \/>\n<meta property=\"og:url\" content=\"https:\/\/www.5starshome.com\/blog\/de\/sehenswertes-palma-de-mallorca\/\" \/>\n<meta property=\"og:site_name\" content=\"Planen Sie Ihre Reise zu den Balearen\" \/>\n<meta property=\"article:published_time\" content=\"2024-10-14T09:25:19+00:00\" \/>\n<meta property=\"article:modified_time\" content=\"2024-10-25T10:51:37+00:00\" \/>\n<meta property=\"og:image\" content=\"https:\/\/www.5starshome.com\/blog\/wp-content\/uploads\/2024\/10\/Palma-de-mallorca-que-ver.jpg\" \/>\n\t<meta property=\"og:image:width\" content=\"1920\" \/>\n\t<meta property=\"og:image:height\" content=\"660\" \/>\n\t<meta property=\"og:image:type\" content=\"image\/jpeg\" \/>\n<meta name=\"author\" content=\"Eva\" \/>\n<meta name=\"twitter:card\" content=\"summary_large_image\" \/>\n<meta name=\"twitter:label1\" content=\"Verfasst von\" \/>\n\t<meta name=\"twitter:data1\" content=\"Eva\" \/>\n\t<meta name=\"twitter:label2\" content=\"Gesch\u00e4tzte Lesezeit\" \/>\n\t<meta name=\"twitter:data2\" content=\"8\u00a0Minuten\" \/>\n<script type=\"application\/ld+json\" class=\"yoast-schema-graph\">{\"@context\":\"https:\/\/schema.org\",\"@graph\":[{\"@type\":\"Article\",\"@id\":\"https:\/\/www.5starshome.com\/blog\/de\/sehenswertes-palma-de-mallorca\/#article\",\"isPartOf\":{\"@id\":\"https:\/\/www.5starshome.com\/blog\/de\/sehenswertes-palma-de-mallorca\/\"},\"author\":{\"name\":\"Eva\",\"@id\":\"https:\/\/www.5starshome.com\/blog\/de\/#\/schema\/person\/89b9cdf7f5915e6a485ac4bf9f548c1a\"},\"headline\":\"Sehenswertes in Palma de Mallorca: ein absolut lohnenswertes Reiseziel\",\"datePublished\":\"2024-10-14T09:25:19+00:00\",\"dateModified\":\"2024-10-25T10:51:37+00:00\",\"mainEntityOfPage\":{\"@id\":\"https:\/\/www.5starshome.com\/blog\/de\/sehenswertes-palma-de-mallorca\/\"},\"wordCount\":1252,\"commentCount\":0,\"publisher\":{\"@id\":\"https:\/\/www.5starshome.com\/blog\/de\/#organization\"},\"image\":{\"@id\":\"https:\/\/www.5starshome.com\/blog\/de\/sehenswertes-palma-de-mallorca\/#primaryimage\"},\"thumbnailUrl\":\"https:\/\/www.5starshome.com\/blog\/wp-content\/uploads\/2024\/10\/Palma-de-mallorca-que-ver.jpg\",\"articleSection\":[\"Balearen\",\"Mallorca\"],\"inLanguage\":\"de\",\"potentialAction\":[{\"@type\":\"CommentAction\",\"name\":\"Comment\",\"target\":[\"https:\/\/www.5starshome.com\/blog\/de\/sehenswertes-palma-de-mallorca\/#respond\"]}]},{\"@type\":\"WebPage\",\"@id\":\"https:\/\/www.5starshome.com\/blog\/de\/sehenswertes-palma-de-mallorca\/\",\"url\":\"https:\/\/www.5starshome.com\/blog\/de\/sehenswertes-palma-de-mallorca\/\",\"name\":\"Die beeindruckendsten Ecken von Palma de Mallorca - Planen Sie Ihre Reise zu den Balearen\",\"isPartOf\":{\"@id\":\"https:\/\/www.5starshome.com\/blog\/de\/#website\"},\"primaryImageOfPage\":{\"@id\":\"https:\/\/www.5starshome.com\/blog\/de\/sehenswertes-palma-de-mallorca\/#primaryimage\"},\"image\":{\"@id\":\"https:\/\/www.5starshome.com\/blog\/de\/sehenswertes-palma-de-mallorca\/#primaryimage\"},\"thumbnailUrl\":\"https:\/\/www.5starshome.com\/blog\/wp-content\/uploads\/2024\/10\/Palma-de-mallorca-que-ver.jpg\",\"datePublished\":\"2024-10-14T09:25:19+00:00\",\"dateModified\":\"2024-10-25T10:51:37+00:00\",\"description\":\"Entdecken Sie die beeindruckendsten Ecken von Palma de Mallorca. Entdecken Sie Attraktionen und Aktivit\u00e4ten, die Sie nicht verpassen d\u00fcrfen. Planen Sie jetzt Ihren Besuch!\",\"breadcrumb\":{\"@id\":\"https:\/\/www.5starshome.com\/blog\/de\/sehenswertes-palma-de-mallorca\/#breadcrumb\"},\"inLanguage\":\"de\",\"potentialAction\":[{\"@type\":\"ReadAction\",\"target\":[\"https:\/\/www.5starshome.com\/blog\/de\/sehenswertes-palma-de-mallorca\/\"]}]},{\"@type\":\"ImageObject\",\"inLanguage\":\"de\",\"@id\":\"https:\/\/www.5starshome.com\/blog\/de\/sehenswertes-palma-de-mallorca\/#primaryimage\",\"url\":\"https:\/\/www.5starshome.com\/blog\/wp-content\/uploads\/2024\/10\/Palma-de-mallorca-que-ver.jpg\",\"contentUrl\":\"https:\/\/www.5starshome.com\/blog\/wp-content\/uploads\/2024\/10\/Palma-de-mallorca-que-ver.jpg\",\"width\":1920,\"height\":660,\"caption\":\"Palma de mallorca que ver\"},{\"@type\":\"BreadcrumbList\",\"@id\":\"https:\/\/www.5starshome.com\/blog\/de\/sehenswertes-palma-de-mallorca\/#breadcrumb\",\"itemListElement\":[{\"@type\":\"ListItem\",\"position\":1,\"name\":\"Home\",\"item\":\"https:\/\/www.5starshome.com\/blog\/de\/\"},{\"@type\":\"ListItem\",\"position\":2,\"name\":\"Sehenswertes in Palma de Mallorca: ein absolut lohnenswertes Reiseziel\"}]},{\"@type\":\"WebSite\",\"@id\":\"https:\/\/www.5starshome.com\/blog\/de\/#website\",\"url\":\"https:\/\/www.5starshome.com\/blog\/de\/\",\"name\":\"Planen Sie Ihre Reise zu den Balearen\",\"description\":\"Holiday Rentals 5starshome\",\"publisher\":{\"@id\":\"https:\/\/www.5starshome.com\/blog\/de\/#organization\"},\"potentialAction\":[{\"@type\":\"SearchAction\",\"target\":{\"@type\":\"EntryPoint\",\"urlTemplate\":\"https:\/\/www.5starshome.com\/blog\/de\/?s={search_term_string}\"},\"query-input\":\"required name=search_term_string\"}],\"inLanguage\":\"de\"},{\"@type\":\"Organization\",\"@id\":\"https:\/\/www.5starshome.com\/blog\/de\/#organization\",\"name\":\"Planen Sie Ihre Reise zu den Balearen\",\"url\":\"https:\/\/www.5starshome.com\/blog\/de\/\",\"logo\":{\"@type\":\"ImageObject\",\"inLanguage\":\"de\",\"@id\":\"https:\/\/www.5starshome.com\/blog\/de\/#\/schema\/logo\/image\/\",\"url\":\"https:\/\/www.5starshome.com\/blog\/wp-content\/uploads\/2024\/10\/logo-1.png\",\"contentUrl\":\"https:\/\/www.5starshome.com\/blog\/wp-content\/uploads\/2024\/10\/logo-1.png\",\"width\":200,\"height\":68,\"caption\":\"Planen Sie Ihre Reise zu den Balearen\"},\"image\":{\"@id\":\"https:\/\/www.5starshome.com\/blog\/de\/#\/schema\/logo\/image\/\"}},{\"@type\":\"Person\",\"@id\":\"https:\/\/www.5starshome.com\/blog\/de\/#\/schema\/person\/89b9cdf7f5915e6a485ac4bf9f548c1a\",\"name\":\"Eva\",\"image\":{\"@type\":\"ImageObject\",\"inLanguage\":\"de\",\"@id\":\"https:\/\/www.5starshome.com\/blog\/de\/#\/schema\/person\/image\/\",\"url\":\"https:\/\/secure.gravatar.com\/avatar\/4b8c057b0ff063660acf247090dae90dd0ae285077fed7b07e91f130d710c6db?s=96&d=mm&r=g\",\"contentUrl\":\"https:\/\/secure.gravatar.com\/avatar\/4b8c057b0ff063660acf247090dae90dd0ae285077fed7b07e91f130d710c6db?s=96&d=mm&r=g\",\"caption\":\"Eva\"},\"url\":\"https:\/\/www.5starshome.com\/blog\/de\/author\/eva\/\"}]}<\/script>\n<!-- \/ Yoast SEO plugin. -->","yoast_head_json":{"title":"Die beeindruckendsten Ecken von Palma de Mallorca - Planen Sie Ihre Reise zu den Balearen","description":"Entdecken Sie die beeindruckendsten Ecken von Palma de Mallorca. Entdecken Sie Attraktionen und Aktivit\u00e4ten, die Sie nicht verpassen d\u00fcrfen. Planen Sie jetzt Ihren Besuch!","robots":{"index":"index","follow":"follow","max-snippet":"max-snippet:-1","max-image-preview":"max-image-preview:large","max-video-preview":"max-video-preview:-1"},"canonical":"https:\/\/www.5starshome.com\/blog\/de\/sehenswertes-palma-de-mallorca\/","og_locale":"de_DE","og_type":"article","og_title":"Die beeindruckendsten Ecken von Palma de Mallorca - Planen Sie Ihre Reise zu den Balearen","og_description":"Entdecken Sie die beeindruckendsten Ecken von Palma de Mallorca. Entdecken Sie Attraktionen und Aktivit\u00e4ten, die Sie nicht verpassen d\u00fcrfen. Planen Sie jetzt Ihren Besuch!","og_url":"https:\/\/www.5starshome.com\/blog\/de\/sehenswertes-palma-de-mallorca\/","og_site_name":"Planen Sie Ihre Reise zu den Balearen","article_published_time":"2024-10-14T09:25:19+00:00","article_modified_time":"2024-10-25T10:51:37+00:00","og_image":[{"width":1920,"height":660,"url":"https:\/\/www.5starshome.com\/blog\/wp-content\/uploads\/2024\/10\/Palma-de-mallorca-que-ver.jpg","type":"image\/jpeg"}],"author":"Eva","twitter_card":"summary_large_image","twitter_misc":{"Verfasst von":"Eva","Gesch\u00e4tzte Lesezeit":"8\u00a0Minuten"},"schema":{"@context":"https:\/\/schema.org","@graph":[{"@type":"Article","@id":"https:\/\/www.5starshome.com\/blog\/de\/sehenswertes-palma-de-mallorca\/#article","isPartOf":{"@id":"https:\/\/www.5starshome.com\/blog\/de\/sehenswertes-palma-de-mallorca\/"},"author":{"name":"Eva","@id":"https:\/\/www.5starshome.com\/blog\/de\/#\/schema\/person\/89b9cdf7f5915e6a485ac4bf9f548c1a"},"headline":"Sehenswertes in Palma de Mallorca: ein absolut lohnenswertes Reiseziel","datePublished":"2024-10-14T09:25:19+00:00","dateModified":"2024-10-25T10:51:37+00:00","mainEntityOfPage":{"@id":"https:\/\/www.5starshome.com\/blog\/de\/sehenswertes-palma-de-mallorca\/"},"wordCount":1252,"commentCount":0,"publisher":{"@id":"https:\/\/www.5starshome.com\/blog\/de\/#organization"},"image":{"@id":"https:\/\/www.5starshome.com\/blog\/de\/sehenswertes-palma-de-mallorca\/#primaryimage"},"thumbnailUrl":"https:\/\/www.5starshome.com\/blog\/wp-content\/uploads\/2024\/10\/Palma-de-mallorca-que-ver.jpg","articleSection":["Balearen","Mallorca"],"inLanguage":"de","potentialAction":[{"@type":"CommentAction","name":"Comment","target":["https:\/\/www.5starshome.com\/blog\/de\/sehenswertes-palma-de-mallorca\/#respond"]}]},{"@type":"WebPage","@id":"https:\/\/www.5starshome.com\/blog\/de\/sehenswertes-palma-de-mallorca\/","url":"https:\/\/www.5starshome.com\/blog\/de\/sehenswertes-palma-de-mallorca\/","name":"Die beeindruckendsten Ecken von Palma de Mallorca - Planen Sie Ihre Reise zu den Balearen","isPartOf":{"@id":"https:\/\/www.5starshome.com\/blog\/de\/#website"},"primaryImageOfPage":{"@id":"https:\/\/www.5starshome.com\/blog\/de\/sehenswertes-palma-de-mallorca\/#primaryimage"},"image":{"@id":"https:\/\/www.5starshome.com\/blog\/de\/sehenswertes-palma-de-mallorca\/#primaryimage"},"thumbnailUrl":"https:\/\/www.5starshome.com\/blog\/wp-content\/uploads\/2024\/10\/Palma-de-mallorca-que-ver.jpg","datePublished":"2024-10-14T09:25:19+00:00","dateModified":"2024-10-25T10:51:37+00:00","description":"Entdecken Sie die beeindruckendsten Ecken von Palma de Mallorca. Entdecken Sie Attraktionen und Aktivit\u00e4ten, die Sie nicht verpassen d\u00fcrfen. Planen Sie jetzt Ihren Besuch!","breadcrumb":{"@id":"https:\/\/www.5starshome.com\/blog\/de\/sehenswertes-palma-de-mallorca\/#breadcrumb"},"inLanguage":"de","potentialAction":[{"@type":"ReadAction","target":["https:\/\/www.5starshome.com\/blog\/de\/sehenswertes-palma-de-mallorca\/"]}]},{"@type":"ImageObject","inLanguage":"de","@id":"https:\/\/www.5starshome.com\/blog\/de\/sehenswertes-palma-de-mallorca\/#primaryimage","url":"https:\/\/www.5starshome.com\/blog\/wp-content\/uploads\/2024\/10\/Palma-de-mallorca-que-ver.jpg","contentUrl":"https:\/\/www.5starshome.com\/blog\/wp-content\/uploads\/2024\/10\/Palma-de-mallorca-que-ver.jpg","width":1920,"height":660,"caption":"Palma de mallorca que ver"},{"@type":"BreadcrumbList","@id":"https:\/\/www.5starshome.com\/blog\/de\/sehenswertes-palma-de-mallorca\/#breadcrumb","itemListElement":[{"@type":"ListItem","position":1,"name":"Home","item":"https:\/\/www.5starshome.com\/blog\/de\/"},{"@type":"ListItem","position":2,"name":"Sehenswertes in Palma de Mallorca: ein absolut lohnenswertes Reiseziel"}]},{"@type":"WebSite","@id":"https:\/\/www.5starshome.com\/blog\/de\/#website","url":"https:\/\/www.5starshome.com\/blog\/de\/","name":"Planen Sie Ihre Reise zu den Balearen","description":"Holiday Rentals 5starshome","publisher":{"@id":"https:\/\/www.5starshome.com\/blog\/de\/#organization"},"potentialAction":[{"@type":"SearchAction","target":{"@type":"EntryPoint","urlTemplate":"https:\/\/www.5starshome.com\/blog\/de\/?s={search_term_string}"},"query-input":"required name=search_term_string"}],"inLanguage":"de"},{"@type":"Organization","@id":"https:\/\/www.5starshome.com\/blog\/de\/#organization","name":"Planen Sie Ihre Reise zu den Balearen","url":"https:\/\/www.5starshome.com\/blog\/de\/","logo":{"@type":"ImageObject","inLanguage":"de","@id":"https:\/\/www.5starshome.com\/blog\/de\/#\/schema\/logo\/image\/","url":"https:\/\/www.5starshome.com\/blog\/wp-content\/uploads\/2024\/10\/logo-1.png","contentUrl":"https:\/\/www.5starshome.com\/blog\/wp-content\/uploads\/2024\/10\/logo-1.png","width":200,"height":68,"caption":"Planen Sie Ihre Reise zu den Balearen"},"image":{"@id":"https:\/\/www.5starshome.com\/blog\/de\/#\/schema\/logo\/image\/"}},{"@type":"Person","@id":"https:\/\/www.5starshome.com\/blog\/de\/#\/schema\/person\/89b9cdf7f5915e6a485ac4bf9f548c1a","name":"Eva","image":{"@type":"ImageObject","inLanguage":"de","@id":"https:\/\/www.5starshome.com\/blog\/de\/#\/schema\/person\/image\/","url":"https:\/\/secure.gravatar.com\/avatar\/4b8c057b0ff063660acf247090dae90dd0ae285077fed7b07e91f130d710c6db?s=96&d=mm&r=g","contentUrl":"https:\/\/secure.gravatar.com\/avatar\/4b8c057b0ff063660acf247090dae90dd0ae285077fed7b07e91f130d710c6db?s=96&d=mm&r=g","caption":"Eva"},"url":"https:\/\/www.5starshome.com\/blog\/de\/author\/eva\/"}]}},"_links":{"self":[{"href":"https:\/\/www.5starshome.com\/blog\/de\/wp-json\/wp\/v2\/posts\/1356","targetHints":{"allow":["GET"]}}],"collection":[{"href":"https:\/\/www.5starshome.com\/blog\/de\/wp-json\/wp\/v2\/posts"}],"about":[{"href":"https:\/\/www.5starshome.com\/blog\/de\/wp-json\/wp\/v2\/types\/post"}],"author":[{"embeddable":true,"href":"https:\/\/www.5starshome.com\/blog\/de\/wp-json\/wp\/v2\/users\/5"}],"replies":[{"embeddable":true,"href":"https:\/\/www.5starshome.com\/blog\/de\/wp-json\/wp\/v2\/comments?post=1356"}],"version-history":[{"count":7,"href":"https:\/\/www.5starshome.com\/blog\/de\/wp-json\/wp\/v2\/posts\/1356\/revisions"}],"predecessor-version":[{"id":1364,"href":"https:\/\/www.5starshome.com\/blog\/de\/wp-json\/wp\/v2\/posts\/1356\/revisions\/1364"}],"wp:featuredmedia":[{"embeddable":true,"href":"https:\/\/www.5starshome.com\/blog\/de\/wp-json\/wp\/v2\/media\/1292"}],"wp:attachment":[{"href":"https:\/\/www.5starshome.com\/blog\/de\/wp-json\/wp\/v2\/media?parent=1356"}],"wp:term":[{"taxonomy":"category","embeddable":true,"href":"https:\/\/www.5starshome.com\/blog\/de\/wp-json\/wp\/v2\/categories?post=1356"},{"taxonomy":"post_tag","embeddable":true,"href":"https:\/\/www.5starshome.com\/blog\/de\/wp-json\/wp\/v2\/tags?post=1356"}],"curies":[{"name":"wp","href":"https:\/\/api.w.org\/{rel}","templated":true}]}}