{"id":1469,"date":"2024-11-18T15:00:30","date_gmt":"2024-11-18T15:00:30","guid":{"rendered":"https:\/\/www.5starshome.com\/blog\/?p=1469"},"modified":"2024-11-28T12:18:14","modified_gmt":"2024-11-28T12:18:14","slug":"mallorca-karte","status":"publish","type":"post","link":"https:\/\/www.5starshome.com\/blog\/de\/mallorca-karte\/","title":{"rendered":"Entdecken Sie Mallorca anhand seiner Karte"},"content":{"rendered":"\t\t<div data-elementor-type=\"wp-post\" data-elementor-id=\"1469\" class=\"elementor elementor-1469 elementor-1379\" data-elementor-post-type=\"post\">\n\t\t\t\t<div class=\"elementor-element elementor-element-287f8858 e-flex e-con-boxed e-con e-parent\" data-id=\"287f8858\" data-element_type=\"container\">\n\t\t\t\t\t<div class=\"e-con-inner\">\n\t\t\t\t<div class=\"elementor-element elementor-element-4ab86b52 elementor-widget elementor-widget-text-editor\" data-id=\"4ab86b52\" data-element_type=\"widget\" data-widget_type=\"text-editor.default\">\n\t\t\t\t<div class=\"elementor-widget-container\">\n\t\t\t<style>\/*! elementor - v3.23.0 - 23-07-2024 *\/\n.elementor-widget-text-editor.elementor-drop-cap-view-stacked .elementor-drop-cap{background-color:#69727d;color:#fff}.elementor-widget-text-editor.elementor-drop-cap-view-framed .elementor-drop-cap{color:#69727d;border:3px solid;background-color:transparent}.elementor-widget-text-editor:not(.elementor-drop-cap-view-default) .elementor-drop-cap{margin-top:8px}.elementor-widget-text-editor:not(.elementor-drop-cap-view-default) .elementor-drop-cap-letter{width:1em;height:1em}.elementor-widget-text-editor .elementor-drop-cap{float:left;text-align:center;line-height:1;font-size:50px}.elementor-widget-text-editor .elementor-drop-cap-letter{display:inline-block}<\/style>\t\t\t\t<p>Mallorca ist nicht nur ein Reiseziel mit idyllischen Str\u00e4nden und malerischen D\u00f6rfern, sondern auch <strong>eine Insel mit einer faszinierenden Geografie, die es verdient, im Detail erkundet zu werden<\/strong>. Wenn Sie sich daf\u00fcr interessieren, wie die Geografie und die politische Organisation Mallorcas den Charakter der Insel gepr\u00e4gt haben, dann machen Sie sich bereit, denn wir werden die Insel bereisen\u00a0\u2026 mit einer Karte von Mallorca in der Hand!<\/p>\t\t\t\t\t\t<\/div>\n\t\t\t\t<\/div>\n\t\t\t\t\t<\/div>\n\t\t\t\t<\/div>\n\t\t<div class=\"elementor-element elementor-element-45337e8 e-flex e-con-boxed e-con e-parent\" data-id=\"45337e8\" data-element_type=\"container\">\n\t\t\t\t\t<div class=\"e-con-inner\">\n\t\t\t\t<div class=\"elementor-element elementor-element-5081d42b elementor-widget elementor-widget-table-of-contents\" data-id=\"5081d42b\" data-element_type=\"widget\" data-settings=\"{&quot;headings_by_tags&quot;:[&quot;h2&quot;],&quot;exclude_headings_by_selector&quot;:[],&quot;marker_view&quot;:&quot;bullets&quot;,&quot;icon&quot;:{&quot;value&quot;:&quot;&quot;,&quot;library&quot;:&quot;&quot;},&quot;hierarchical_view&quot;:&quot;yes&quot;,&quot;min_height&quot;:{&quot;unit&quot;:&quot;px&quot;,&quot;size&quot;:&quot;&quot;,&quot;sizes&quot;:[]},&quot;min_height_tablet&quot;:{&quot;unit&quot;:&quot;px&quot;,&quot;size&quot;:&quot;&quot;,&quot;sizes&quot;:[]},&quot;min_height_mobile&quot;:{&quot;unit&quot;:&quot;px&quot;,&quot;size&quot;:&quot;&quot;,&quot;sizes&quot;:[]}}\" data-widget_type=\"table-of-contents.default\">\n\t\t\t\t<div class=\"elementor-widget-container\">\n\t\t\t<style>\/*! elementor-pro - v3.23.0 - 23-07-2024 *\/\n.elementor-widget-table-of-contents .elementor-toc__header-title{color:var(--header-color)}.elementor-widget-table-of-contents.elementor-toc--collapsed .elementor-toc__toggle-button--collapse,.elementor-widget-table-of-contents:not(.elementor-toc--collapsed) .elementor-toc__toggle-button--expand{display:none}.elementor-widget-table-of-contents .elementor-widget-container{min-height:var(--box-min-height);border:var(--box-border-width,1px) solid var(--box-border-color,#9da5ae);border-radius:var(--box-border-radius,3px);background-color:var(--box-background-color);transition:min-height .4s;overflow:hidden}.elementor-toc__header{display:flex;align-items:center;justify-content:space-between;padding:var(--box-padding,20px);background-color:var(--header-background-color);border-bottom:var(--separator-width,1px) solid var(--box-border-color,#9da5ae)}.elementor-toc__header-title{font-size:18px;margin:0;color:var(--header-color);flex-grow:1}.elementor-toc__toggle-button{cursor:pointer;display:inline-flex}.elementor-toc__toggle-button i{color:var(--toggle-button-color)}.elementor-toc__toggle-button svg{height:1em;width:1em;fill:var(--toggle-button-color)}.elementor-toc__spinner-container{text-align:center}.elementor-toc__spinner{font-size:2em}.elementor-toc__spinner.e-font-icon-svg{height:1em;width:1em}.elementor-toc__body{padding:var(--box-padding,20px);max-height:var(--toc-body-max-height);overflow-y:auto}.elementor-toc__body::-webkit-scrollbar{width:7px}.elementor-toc__body::-webkit-scrollbar-thumb{background-color:#babfc5;border-radius:10px}.elementor-toc__list-wrapper{list-style:none;padding:0}.elementor-toc__list-item{margin-bottom:.5em}.elementor-toc__list-item.elementor-item-active{font-weight:700}.elementor-toc__list-item .elementor-toc__list-wrapper{margin-top:.5em;margin-inline-start:var(--nested-list-indent,1em)}.elementor-toc__list-item-text{transition-duration:var(--item-text-transition-duration)}.elementor-toc__list-item-text:hover{color:var(--item-text-hover-color);-webkit-text-decoration:var(--item-text-hover-decoration);text-decoration:var(--item-text-hover-decoration)}.elementor-toc__list-item-text.elementor-item-active{color:var(--item-text-active-color);-webkit-text-decoration:var(--item-text-active-decoration);text-decoration:var(--item-text-active-decoration)}.elementor-toc__list-item-text-wrapper{display:flex;align-items:center}.elementor-toc__list-item-text-wrapper:before,.elementor-toc__list-item-text-wrapper i{margin-inline-end:8px;color:var(--marker-color)}.elementor-toc__list-item-text-wrapper svg{margin-inline-end:8px;fill:var(--marker-color);height:var(--marker-size,.5em);width:var(--marker-size,.5em)}.elementor-toc__list-item-text-wrapper i{font-size:var(--marker-size,.5em)}.elementor-toc__list-item-text-wrapper:before{font-size:var(--marker-size,1em)}.elementor-toc--content-ellipsis .elementor-toc__list-item-text{white-space:nowrap;overflow:hidden;text-overflow:ellipsis}.elementor-toc__list-items--collapsible>.elementor-toc__list-wrapper>.elementor-toc__list-item>.elementor-toc__list-wrapper{display:none}.elementor-toc__heading-anchor{position:absolute}.elementor-toc__body .elementor-toc__list-item-text{color:var(--item-text-color);-webkit-text-decoration:var(--item-text-decoration);text-decoration:var(--item-text-decoration);transition-duration:var(--item-text-transition-duration)}.elementor-toc__body .elementor-toc__list-item-text:hover{color:var(--item-text-hover-color);-webkit-text-decoration:var(--item-text-hover-decoration);text-decoration:var(--item-text-hover-decoration)}.elementor-toc__body .elementor-toc__list-item-text.elementor-item-active{color:var(--item-text-active-color);-webkit-text-decoration:var(--item-text-active-decoration);text-decoration:var(--item-text-active-decoration)}ol.elementor-toc__list-wrapper{counter-reset:item}ol.elementor-toc__list-wrapper .elementor-toc__list-item{counter-increment:item}ol.elementor-toc__list-wrapper .elementor-toc__list-item-text-wrapper:before{content:counters(item,\".\") \". \"}<\/style>\t\t<div class=\"elementor-toc__header\">\n\t\t\t<div class=\"elementor-toc__header-title\">\n\t\t\t\tVerzeichnis\t\t\t<\/div>\n\t\t\t\t\t<\/div>\n\t\t<div id=\"elementor-toc__5081d42b\" class=\"elementor-toc__body\">\n\t\t\t<div class=\"elementor-toc__spinner-container\">\n\t\t\t\t<svg class=\"elementor-toc__spinner eicon-animation-spin e-font-icon-svg e-eicon-loading\" aria-hidden=\"true\" viewBox=\"0 0 1000 1000\" xmlns=\"http:\/\/www.w3.org\/2000\/svg\"><path d=\"M500 975V858C696 858 858 696 858 500S696 142 500 142 142 304 142 500H25C25 237 238 25 500 25S975 237 975 500 763 975 500 975Z\"><\/path><\/svg>\t\t\t<\/div>\n\t\t<\/div>\n\t\t\t\t<\/div>\n\t\t\t\t<\/div>\n\t\t\t\t\t<\/div>\n\t\t\t\t<\/div>\n\t\t<div class=\"elementor-element elementor-element-caf32a7 e-flex e-con-boxed e-con e-parent\" data-id=\"caf32a7\" data-element_type=\"container\">\n\t\t\t\t\t<div class=\"e-con-inner\">\n\t\t\t\t<div class=\"elementor-element elementor-element-563df559 elementor-widget elementor-widget-heading\" data-id=\"563df559\" data-element_type=\"widget\" data-widget_type=\"heading.default\">\n\t\t\t\t<div class=\"elementor-widget-container\">\n\t\t\t<style>\/*! elementor - v3.23.0 - 23-07-2024 *\/\n.elementor-heading-title{padding:0;margin:0;line-height:1}.elementor-widget-heading .elementor-heading-title[class*=elementor-size-]>a{color:inherit;font-size:inherit;line-height:inherit}.elementor-widget-heading .elementor-heading-title.elementor-size-small{font-size:15px}.elementor-widget-heading .elementor-heading-title.elementor-size-medium{font-size:19px}.elementor-widget-heading .elementor-heading-title.elementor-size-large{font-size:29px}.elementor-widget-heading .elementor-heading-title.elementor-size-xl{font-size:39px}.elementor-widget-heading .elementor-heading-title.elementor-size-xxl{font-size:59px}<\/style><h2 class=\"elementor-heading-title elementor-size-default\">Die Geografie Mallorcas: Berge, Fl\u00fcsse, Buchten und spektakul\u00e4re Steilk\u00fcsten\n<\/h2>\t\t<\/div>\n\t\t\t\t<\/div>\n\t\t\t\t<div class=\"elementor-element elementor-element-59e54ef elementor-widget elementor-widget-text-editor\" data-id=\"59e54ef\" data-element_type=\"widget\" data-widget_type=\"text-editor.default\">\n\t\t\t\t<div class=\"elementor-widget-container\">\n\t\t\t\t\t\t\t<p>Die geografische Vielfalt Mallorcas macht die Insel zu einem unglaublich interessanten Reiseziel f\u00fcr jede Art von Reisenden. Dieses kleine St\u00fcck Paradies im Mittelmeer bietet eine solche Vielfalt an Landschaften, Bergen, Buchten und Klippen, dass die Entscheidung, was man auf Mallorca sehen m\u00f6chte, eine ziemliche Herausforderung sein kann.<\/p><p>Ob Sie nun die Gipfel der Serra de Tramuntana erklimmen oder das kristallklare Wasser der s\u00fcdlichen Buchten genie\u00dfen wollen \u2013 die Insel ist ein wahres Kunstwerk der Natur, wohin man auch schaut. Wir stellen Ihnen die interessantesten Orte vor, einen nach dem anderen.<\/p>\t\t\t\t\t\t<\/div>\n\t\t\t\t<\/div>\n\t\t\t\t\t<\/div>\n\t\t\t\t<\/div>\n\t\t<div class=\"elementor-element elementor-element-3a7525a e-flex e-con-boxed e-con e-parent\" data-id=\"3a7525a\" data-element_type=\"container\">\n\t\t\t\t\t<div class=\"e-con-inner\">\n\t\t<div class=\"elementor-element elementor-element-c2496c5 e-con-full e-flex e-con e-child\" data-id=\"c2496c5\" data-element_type=\"container\">\n\t\t\t\t<div class=\"elementor-element elementor-element-e0968d3 elementor-widget elementor-widget-heading\" data-id=\"e0968d3\" data-element_type=\"widget\" data-widget_type=\"heading.default\">\n\t\t\t\t<div class=\"elementor-widget-container\">\n\t\t\t<h3 class=\"elementor-heading-title elementor-size-default\">Der majest\u00e4tische Gebirgszug Serra de Tramuntana\n<\/h3>\t\t<\/div>\n\t\t\t\t<\/div>\n\t\t\t\t<div class=\"elementor-element elementor-element-2e4ee1f elementor-widget elementor-widget-text-editor\" data-id=\"2e4ee1f\" data-element_type=\"widget\" data-widget_type=\"text-editor.default\">\n\t\t\t\t<div class=\"elementor-widget-container\">\n\t\t\t\t\t\t\t<p>Die von der UNESCO zum Weltkulturerbe erkl\u00e4rte <strong>Serra de Tramuntana ist die bergige Seele Mallorcas<\/strong>. Dieser Gebirgszug zieht sich wie ein R\u00fcckgrat durch den Norden der Insel und beherbergt Gipfel wie den Puig Major, mit 1.445 Metern der h\u00f6chste Punkt aller Balearen, und den Puig de Massanella mit 1.365 Metern.<\/p><p>Wenn Sie leidenschaftlicher Wanderer sind, ist diese Gegend ein Paradies, mit Wegen durch jahrhundertealte Olivenhaine, kleinen D\u00f6rfern wie <strong>Dei\u00e0 und Fornalutx \u2013 die als die sch\u00f6nsten Spaniens gelten \u2013<\/strong> und atemberaubenden Aussichten wie die des Landguts Son Marroig, der ehemaligen Residenz von Erzherzog Ludwig Salvator von \u00d6sterreich.<\/p>\t\t\t\t\t\t<\/div>\n\t\t\t\t<\/div>\n\t\t\t\t<\/div>\n\t\t<div class=\"elementor-element elementor-element-6150173 e-con-full e-flex e-con e-child\" data-id=\"6150173\" data-element_type=\"container\">\n\t\t\t\t<div class=\"elementor-element elementor-element-73f518e elementor-widget elementor-widget-heading\" data-id=\"73f518e\" data-element_type=\"widget\" data-widget_type=\"heading.default\">\n\t\t\t\t<div class=\"elementor-widget-container\">\n\t\t\t<h3 class=\"elementor-heading-title elementor-size-default\">Die Fl\u00fcsse: selten, aber interessant\n<\/h3>\t\t<\/div>\n\t\t\t\t<\/div>\n\t\t\t\t<div class=\"elementor-element elementor-element-c0d37f8 elementor-widget elementor-widget-text-editor\" data-id=\"c0d37f8\" data-element_type=\"widget\" data-widget_type=\"text-editor.default\">\n\t\t\t\t<div class=\"elementor-widget-container\">\n\t\t\t\t\t\t\t<p>Mallorca ist nicht f\u00fcr seine Fl\u00fcsse bekannt; tats\u00e4chlich gibt es hier keine Fl\u00fcsse, daf\u00fcr aber saisonale Sturzb\u00e4che, die nach den Regenf\u00e4llen zum Leben erwachen. <strong>Der ber\u00fchmteste ist der Torrent de Pareis<\/strong> in der Serra de Tramuntana, der in die spektakul\u00e4re Bucht Sa Calobra m\u00fcndet. Er ist nicht nur ein beeindruckendes Naturph\u00e4nomen, sondern verf\u00fcgt auch \u00fcber einen Wanderweg, der f\u00fcr seine Schluchten und Wasserf\u00e4lle bekannt ist, die eine unvergleichliche Natursch\u00f6nheit schaffen.<\/p><p>Und wenn Sie dachten, das Fehlen von Fl\u00fcssen bedeute, dass Sie auf der Landkarte Mallorcas keine Wasserf\u00e4lle finden w\u00fcrden\u00a0\u2026 dann irren Sie sich! <strong>Im Orient-Tal k\u00f6nnen Sie ein kleines Paradies namens Es Salt des Freu entdecken<\/strong>, den vielleicht sch\u00f6nsten Wasserfall Mallorcas.<\/p>\t\t\t\t\t\t<\/div>\n\t\t\t\t<\/div>\n\t\t\t\t<\/div>\n\t\t\t\t\t<\/div>\n\t\t\t\t<\/div>\n\t\t<div class=\"elementor-element elementor-element-7edc51e e-flex e-con-boxed e-con e-parent\" data-id=\"7edc51e\" data-element_type=\"container\">\n\t\t\t\t\t<div class=\"e-con-inner\">\n\t\t\t\t<div class=\"elementor-element elementor-element-353eee0 elementor-widget elementor-widget-image\" data-id=\"353eee0\" data-element_type=\"widget\" data-widget_type=\"image.default\">\n\t\t\t\t<div class=\"elementor-widget-container\">\n\t\t\t<style>\/*! elementor - v3.23.0 - 23-07-2024 *\/\n.elementor-widget-image{text-align:center}.elementor-widget-image a{display:inline-block}.elementor-widget-image a img[src$=\".svg\"]{width:48px}.elementor-widget-image img{vertical-align:middle;display:inline-block}<\/style>\t\t\t\t\t\t\t\t\t\t<img decoding=\"async\" src=\"https:\/\/www.5starshome.com\/blog\/wp-content\/uploads\/elementor\/thumbs\/Serra-tramuntana-qx8s9l5btl5iiqsh524frv62h45ebtb2myj7bfl10w.jpg\" title=\"Serra-tramuntana\" alt=\"Serra-tramuntana\" loading=\"lazy\" \/>\t\t\t\t\t\t\t\t\t\t\t\t\t<\/div>\n\t\t\t\t<\/div>\n\t\t\t\t\t<\/div>\n\t\t\t\t<\/div>\n\t\t<div class=\"elementor-element elementor-element-8743cdb e-flex e-con-boxed e-con e-parent\" data-id=\"8743cdb\" data-element_type=\"container\">\n\t\t\t\t\t<div class=\"e-con-inner\">\n\t\t<div class=\"elementor-element elementor-element-562837c e-con-full e-flex e-con e-child\" data-id=\"562837c\" data-element_type=\"container\">\n\t\t\t\t<div class=\"elementor-element elementor-element-e79e1d6 elementor-widget elementor-widget-heading\" data-id=\"e79e1d6\" data-element_type=\"widget\" data-widget_type=\"heading.default\">\n\t\t\t\t<div class=\"elementor-widget-container\">\n\t\t\t<h3 class=\"elementor-heading-title elementor-size-default\">Die Buchten: ein Schatz im S\u00fcden\n<\/h3>\t\t<\/div>\n\t\t\t\t<\/div>\n\t\t\t\t<div class=\"elementor-element elementor-element-fc1bbd5 elementor-widget elementor-widget-text-editor\" data-id=\"fc1bbd5\" data-element_type=\"widget\" data-widget_type=\"text-editor.default\">\n\t\t\t\t<div class=\"elementor-widget-container\">\n\t\t\t\t\t\t\t<p>Die Landkarte Mallorcas ist \u00fcbers\u00e4t mit wundersch\u00f6nen Buchten. Die bekanntesten sind die <strong>Bah\u00eda de Palma<\/strong>, wo die Hauptstadt direkt am Mittelmeer liegt, die <strong>Bah\u00eda de Pollen\u00e7a<\/strong>, die vom beeindruckenden Cap Formentor und dem Cap des Pinar umgeben ist, und die <strong>Bah\u00eda de Alcudia<\/strong> mit mehreren Str\u00e4nden mit feinem Sand und flachem Wasser, ideal f\u00fcr Familien. Und wenn Sie es lieber etwas versteckter m\u00f6gen, sind die kleinen Buchten im S\u00fcdosten, wie Cala Mondrag\u00f3 oder Cala Llombards, eine sichere Sache.<\/p>\t\t\t\t\t\t<\/div>\n\t\t\t\t<\/div>\n\t\t\t\t<\/div>\n\t\t<div class=\"elementor-element elementor-element-65da1b6 e-con-full e-flex e-con e-child\" data-id=\"65da1b6\" data-element_type=\"container\">\n\t\t\t\t<div class=\"elementor-element elementor-element-b1ce951 elementor-widget elementor-widget-heading\" data-id=\"b1ce951\" data-element_type=\"widget\" data-widget_type=\"heading.default\">\n\t\t\t\t<div class=\"elementor-widget-container\">\n\t\t\t<h3 class=\"elementor-heading-title elementor-size-default\">Die Klippen: atemberaubende Naturwunder\n<\/h3>\t\t<\/div>\n\t\t\t\t<\/div>\n\t\t\t\t<div class=\"elementor-element elementor-element-0abdb4f elementor-widget elementor-widget-text-editor\" data-id=\"0abdb4f\" data-element_type=\"widget\" data-widget_type=\"text-editor.default\">\n\t\t\t\t<div class=\"elementor-widget-container\">\n\t\t\t\t\t\t\t<p>Man kann nicht \u00fcber die Karte von Mallorca sprechen, ohne die beeindruckenden Steilk\u00fcsten zu erw\u00e4hnen. Entlang der K\u00fcste gibt es zahllose Felsformationen wie das <strong>Cap Formentor<\/strong>, ein idealer Ort f\u00fcr Aktivit\u00e4ten wie Wandern und Vogelbeobachtung, oder <strong>Sa Foradada<\/strong>, wo man nicht nur die Aussicht genie\u00dfen, sondern auch bei einem Drink und einem Snack in der Strandbar entspannen kann. <strong>Nicht zu vergessen die Steilk\u00fcste von Sa Dragonera und Dei\u00e0 in Valldemossa<\/strong>, von wo aus man an klaren Tagen angeblich Barcelona sehen kann.<\/p>\t\t\t\t\t\t<\/div>\n\t\t\t\t<\/div>\n\t\t\t\t<\/div>\n\t\t\t\t\t<\/div>\n\t\t\t\t<\/div>\n\t\t<div class=\"elementor-element elementor-element-5e989fa e-flex e-con-boxed e-con e-parent\" data-id=\"5e989fa\" data-element_type=\"container\">\n\t\t\t\t\t<div class=\"e-con-inner\">\n\t\t\t\t<div class=\"elementor-element elementor-element-2fd5092 elementor-widget elementor-widget-image\" data-id=\"2fd5092\" data-element_type=\"widget\" data-widget_type=\"image.default\">\n\t\t\t\t<div class=\"elementor-widget-container\">\n\t\t\t\t\t\t\t\t\t\t\t\t\t<img decoding=\"async\" width=\"1366\" height=\"768\" src=\"https:\/\/www.5starshome.com\/blog\/wp-content\/uploads\/2024\/11\/bahia-mallorca.jpg\" class=\"attachment-full size-full wp-image-1406\" alt=\"bahia-mallorca\" srcset=\"https:\/\/www.5starshome.com\/blog\/wp-content\/uploads\/2024\/11\/bahia-mallorca.jpg 1366w, https:\/\/www.5starshome.com\/blog\/wp-content\/uploads\/2024\/11\/bahia-mallorca-300x169.jpg 300w, https:\/\/www.5starshome.com\/blog\/wp-content\/uploads\/2024\/11\/bahia-mallorca-1024x576.jpg 1024w, https:\/\/www.5starshome.com\/blog\/wp-content\/uploads\/2024\/11\/bahia-mallorca-768x432.jpg 768w\" sizes=\"(max-width: 1366px) 100vw, 1366px\" \/>\t\t\t\t\t\t\t\t\t\t\t\t\t<\/div>\n\t\t\t\t<\/div>\n\t\t\t\t\t<\/div>\n\t\t\t\t<\/div>\n\t\t<div class=\"elementor-element elementor-element-27e99d4 e-flex e-con-boxed e-con e-parent\" data-id=\"27e99d4\" data-element_type=\"container\">\n\t\t\t\t\t<div class=\"e-con-inner\">\n\t\t\t\t<div class=\"elementor-element elementor-element-23175b0 elementor-widget elementor-widget-heading\" data-id=\"23175b0\" data-element_type=\"widget\" data-widget_type=\"heading.default\">\n\t\t\t\t<div class=\"elementor-widget-container\">\n\t\t\t<h2 class=\"elementor-heading-title elementor-size-default\">Politische Karte von Mallorca: gro\u00dfe St\u00e4dte und charmante D\u00f6rfer\n<\/h2>\t\t<\/div>\n\t\t\t\t<\/div>\n\t\t\t\t<div class=\"elementor-element elementor-element-7062028 elementor-widget elementor-widget-text-editor\" data-id=\"7062028\" data-element_type=\"widget\" data-widget_type=\"text-editor.default\">\n\t\t\t\t<div class=\"elementor-widget-container\">\n\t\t\t\t\t\t\t<p>Wenn Sie die Geographie Mallorcas \u00fcberrascht hat, dann warten Sie, bis Sie die politische und administrative Aufteilung der Insel kennengelernt haben. Die Insel hat eine Hauptstadt, Palma de Mallorca, die alles zu bieten hat, und zahlreiche D\u00f6rfer, die wahre Schmuckst\u00fccke sind.<\/p>\t\t\t\t\t\t<\/div>\n\t\t\t\t<\/div>\n\t\t\t\t\t<\/div>\n\t\t\t\t<\/div>\n\t\t<div class=\"elementor-element elementor-element-b74188a e-flex e-con-boxed e-con e-parent\" data-id=\"b74188a\" data-element_type=\"container\">\n\t\t\t\t\t<div class=\"e-con-inner\">\n\t\t<div class=\"elementor-element elementor-element-1cc594c e-con-full e-flex e-con e-child\" data-id=\"1cc594c\" data-element_type=\"container\">\n\t\t\t\t<div class=\"elementor-element elementor-element-7e054f6e elementor-widget elementor-widget-heading\" data-id=\"7e054f6e\" data-element_type=\"widget\" data-widget_type=\"heading.default\">\n\t\t\t\t<div class=\"elementor-widget-container\">\n\t\t\t<h3 class=\"elementor-heading-title elementor-size-default\">Palma de Mallorca: das Herz der Insel\n<\/h3>\t\t<\/div>\n\t\t\t\t<\/div>\n\t\t\t\t<div class=\"elementor-element elementor-element-72b681a elementor-widget elementor-widget-image\" data-id=\"72b681a\" data-element_type=\"widget\" data-widget_type=\"image.default\">\n\t\t\t\t<div class=\"elementor-widget-container\">\n\t\t\t\t\t\t\t\t\t\t\t\t\t<img decoding=\"async\" src=\"https:\/\/www.5starshome.com\/blog\/wp-content\/uploads\/elementor\/thumbs\/casco-antiguo-Palma-de-mallorca-qvjgx5kj1afmacjgjs23jd2lm4ii8wvmc0tgb1h9cw.jpg\" title=\"casco-antiguo-Palma-de-mallorca\" alt=\"casco-antiguo-Palma-de-mallorca\" loading=\"lazy\" \/>\t\t\t\t\t\t\t\t\t\t\t\t\t<\/div>\n\t\t\t\t<\/div>\n\t\t\t\t<div class=\"elementor-element elementor-element-66743310 elementor-widget elementor-widget-text-editor\" data-id=\"66743310\" data-element_type=\"widget\" data-widget_type=\"text-editor.default\">\n\t\t\t\t<div class=\"elementor-widget-container\">\n\t\t\t\t\t\t\t<p>Palma de Mallorca: das Herz der Insel<\/p><p>Die Hauptstadt Palma ist das Epizentrum des st\u00e4dtischen Lebens auf der Insel. Mit ihren mehr als 400.000 Einwohnern ist sie eine Stadt, die Geschichte und Moderne gleicherma\u00dfen vereint. Und Palma de Mallorca hat viel zu bieten: <strong>In den Stra\u00dfen versteckt sich eine wundersch\u00f6ne Altstadt mit der imposanten Kathedrale La Seu<\/strong>, verwinkelten Kopfsteinpflasterstra\u00dfen, versteckten Innenh\u00f6fen und charmanten Pl\u00e4tzen. Aber Achtung, die Karte von Palma de Mallorca zeichnet sich auch durch seine Gastronomie \u2013 es gibt unendlich viele Bars und Restaurants \u2013, seine Gesch\u00e4fte und sein lebhaftes Nachtleben aus. Kurz gesagt, sie hat einfach alles.<\/p>\t\t\t\t\t\t<\/div>\n\t\t\t\t<\/div>\n\t\t\t\t<\/div>\n\t\t<div class=\"elementor-element elementor-element-8926824 e-con-full e-flex e-con e-child\" data-id=\"8926824\" data-element_type=\"container\">\n\t\t\t\t<div class=\"elementor-element elementor-element-616411e elementor-widget elementor-widget-heading\" data-id=\"616411e\" data-element_type=\"widget\" data-widget_type=\"heading.default\">\n\t\t\t\t<div class=\"elementor-widget-container\">\n\t\t\t<h3 class=\"elementor-heading-title elementor-size-default\">Alcudia und Pollen\u00e7a: Geschichte und Charme im Norden\n<\/h3>\t\t<\/div>\n\t\t\t\t<\/div>\n\t\t\t\t<div class=\"elementor-element elementor-element-988f078 elementor-widget elementor-widget-image\" data-id=\"988f078\" data-element_type=\"widget\" data-widget_type=\"image.default\">\n\t\t\t\t<div class=\"elementor-widget-container\">\n\t\t\t\t\t\t\t\t\t\t\t\t\t<img decoding=\"async\" src=\"https:\/\/www.5starshome.com\/blog\/wp-content\/uploads\/elementor\/thumbs\/Puerta-de-Xara-qx8slr5y73wdwho9uxtvt6032l8suphcpxc79rgvxo.jpg\" title=\"Puerta-de-Xara\" alt=\"Puerta-de-Xara\" loading=\"lazy\" \/>\t\t\t\t\t\t\t\t\t\t\t\t\t<\/div>\n\t\t\t\t<\/div>\n\t\t\t\t<div class=\"elementor-element elementor-element-b792936 elementor-widget elementor-widget-text-editor\" data-id=\"b792936\" data-element_type=\"widget\" data-widget_type=\"text-editor.default\">\n\t\t\t\t<div class=\"elementor-widget-container\">\n\t\t\t\t\t\t\t<p>Im Norden der Insel finden wir zwei St\u00e4dte voller Charakter und Sch\u00f6nheit. <strong>Alcudia besticht durch seine ummauerte Altstadt<\/strong>, die zu einem Spaziergang und einer Reise in die Vergangenheit einl\u00e4dt. Au\u00dferdem liegt ganz in der N\u00e4he <strong>Pollen\u00e7a mit seinen bezaubernden Kopfsteinpflasterstra\u00dfen und seiner unkonventionellen Atmosph\u00e4re, die K\u00fcnstler, Komponisten und Schauspieler<\/strong> <strong>inspiriert hat<\/strong>, wie beispielsweise Joaqu\u00edn Sorolla, Marilina Ross und Peter Ustinov. Au\u00dferdem d\u00fcrfen Sie sich den w\u00f6chentlichen Sonntagsmarkt, auf dem lokale Produkte und Kunsthandwerk angeboten werden, nicht entgehen lassen.<\/p>\t\t\t\t\t\t<\/div>\n\t\t\t\t<\/div>\n\t\t\t\t<\/div>\n\t\t<div class=\"elementor-element elementor-element-c92a24b e-con-full e-flex e-con e-child\" data-id=\"c92a24b\" data-element_type=\"container\">\n\t\t\t\t<div class=\"elementor-element elementor-element-3a9992b elementor-widget elementor-widget-heading\" data-id=\"3a9992b\" data-element_type=\"widget\" data-widget_type=\"heading.default\">\n\t\t\t\t<div class=\"elementor-widget-container\">\n\t\t\t<h3 class=\"elementor-heading-title elementor-size-default\">S\u00f3ller und Valldemossa: die Essenz der Serra de Tramuntana\n<\/h3>\t\t<\/div>\n\t\t\t\t<\/div>\n\t\t\t\t<div class=\"elementor-element elementor-element-160ae59 elementor-widget elementor-widget-image\" data-id=\"160ae59\" data-element_type=\"widget\" data-widget_type=\"image.default\">\n\t\t\t\t<div class=\"elementor-widget-container\">\n\t\t\t\t\t\t\t\t\t\t\t\t\t<img decoding=\"async\" src=\"https:\/\/www.5starshome.com\/blog\/wp-content\/uploads\/elementor\/thumbs\/Soller-Pueblos-mallorca-qx8sm3dunydebpuo1mg9h4u2ziso9ptgeckfiu897k.jpg\" title=\"Soller-Pueblos-mallorca\" alt=\"Soller-Pueblos-mallorca\" loading=\"lazy\" \/>\t\t\t\t\t\t\t\t\t\t\t\t\t<\/div>\n\t\t\t\t<\/div>\n\t\t\t\t<div class=\"elementor-element elementor-element-ba5fc3b elementor-widget elementor-widget-text-editor\" data-id=\"ba5fc3b\" data-element_type=\"widget\" data-widget_type=\"text-editor.default\">\n\t\t\t\t<div class=\"elementor-widget-container\">\n\t\t\t\t\t\t\t<p>In der Serra de Tramuntana gibt es zwei D\u00f6rfer, die sich durch ihre Sch\u00f6nheit auszeichnen: <strong>S\u00f3ller<\/strong>, bekannt f\u00fcr seine Holzeisenbahn, die nach Palma f\u00e4hrt, sowie seine Orangenhaine, die die Luft parf\u00fcmieren, und <strong>Valldemossa<\/strong>, ber\u00fchmt f\u00fcr den Palast von K\u00f6nig Sancho und die Kartause, in der Chopin einen Winter verbrachte.<\/p>\t\t\t\t\t\t<\/div>\n\t\t\t\t<\/div>\n\t\t\t\t<\/div>\n\t\t\t\t\t<\/div>\n\t\t\t\t<\/div>\n\t\t<div class=\"elementor-element elementor-element-d7220c2 e-flex e-con-boxed e-con e-parent\" data-id=\"d7220c2\" data-element_type=\"container\">\n\t\t\t\t\t<div class=\"e-con-inner\">\n\t\t\t\t<div class=\"elementor-element elementor-element-a7f0055 elementor-widget elementor-widget-heading\" data-id=\"a7f0055\" data-element_type=\"widget\" data-widget_type=\"heading.default\">\n\t\t\t\t<div class=\"elementor-widget-container\">\n\t\t\t<h2 class=\"elementor-heading-title elementor-size-default\">Dies ist die Beschreibung Mallorcas entsprechend seiner Geographie\n<\/h2>\t\t<\/div>\n\t\t\t\t<\/div>\n\t\t\t\t<div class=\"elementor-element elementor-element-df17436 elementor-widget elementor-widget-text-editor\" data-id=\"df17436\" data-element_type=\"widget\" data-widget_type=\"text-editor.default\">\n\t\t\t\t<div class=\"elementor-widget-container\">\n\t\t\t\t\t\t\t<p>Die Karte Mallorcas offenbart, dass die Insel viel mehr zu bieten hat als nur Str\u00e4nde, nicht wahr? Wenn Sie Ihre Reise planen, haben Sie wahrscheinlich schon gemerkt, dass diese Insel voller Kontraste ist und ein Gleichgewicht zwischen Natur und Stadtleben bietet. Von den H\u00f6hen der Serra de Tramuntana bis zu den kleinen versteckten Buchten, vorbei an gro\u00dfen St\u00e4dten und geschichtstr\u00e4chtigen D\u00f6rfern \u2013 <strong>Mallorca hat f\u00fcr jeden Reisenden etwas zu bieten<\/strong>.<\/p><p style=\"font-weight: 400;\">Das Gleiche gilt f\u00fcr die Unterk\u00fcnfte. <strong>Wenn Sie sich bereits f\u00fcr Mallorca als Urlaubsziel entschieden haben, k\u00f6nnen wir Ihnen sagen, dass Sie eine gro\u00dfe Auswahl an Unterk\u00fcnften finden werden<\/strong>, fast so viele wie es Sehensw\u00fcrdigkeiten gibt. Werfen Sie einen Blick auf unsere Website, wir haben viele H\u00e4user, Villen und Fincas, die sich perfekt eignen, um Mallorca auf der Karte zu erkunden.<\/p>\t\t\t\t\t\t<\/div>\n\t\t\t\t<\/div>\n\t\t\t\t\t<\/div>\n\t\t\t\t<\/div>\n\t\t<div class=\"elementor-element elementor-element-403c89a6 e-flex e-con-boxed e-con e-parent\" data-id=\"403c89a6\" data-element_type=\"container\">\n\t\t\t\t\t<div class=\"e-con-inner\">\n\t\t<div class=\"elementor-element elementor-element-1fa9fdfd e-con-full e-flex e-con e-child\" data-id=\"1fa9fdfd\" data-element_type=\"container\">\n\t\t\t\t<div class=\"elementor-element elementor-element-1f417567 elementor-align-center elementor-widget__width-initial elementor-widget elementor-widget-button\" data-id=\"1f417567\" data-element_type=\"widget\" data-widget_type=\"button.default\">\n\t\t\t\t<div class=\"elementor-widget-container\">\n\t\t\t\t\t<div class=\"elementor-button-wrapper\">\n\t\t\t<a class=\"elementor-button elementor-button-link elementor-size-sm\" href=\"https:\/\/www.5starshome.com\/de\/unterkunfte-mallorca\/\">\n\t\t\t\t\t\t<span class=\"elementor-button-content-wrapper\">\n\t\t\t\t\t\t\t\t\t<span class=\"elementor-button-text\">Unterk\u00fcnfte auf Mallorca<\/span>\n\t\t\t\t\t<\/span>\n\t\t\t\t\t<\/a>\n\t\t<\/div>\n\t\t\t\t<\/div>\n\t\t\t\t<\/div>\n\t\t\t\t<\/div>\n\t\t<div class=\"elementor-element elementor-element-680b9743 e-con-full e-flex e-con e-child\" data-id=\"680b9743\" data-element_type=\"container\">\n\t\t\t\t<div class=\"elementor-element elementor-element-23f77ac7 elementor-align-center elementor-widget elementor-widget-button\" data-id=\"23f77ac7\" data-element_type=\"widget\" data-widget_type=\"button.default\">\n\t\t\t\t<div class=\"elementor-widget-container\">\n\t\t\t\t\t<div class=\"elementor-button-wrapper\">\n\t\t\t<a class=\"elementor-button elementor-button-link elementor-size-sm\" href=\"https:\/\/www.5starshome.com\/de\/fincas-auf-mallorca\/\">\n\t\t\t\t\t\t<span class=\"elementor-button-content-wrapper\">\n\t\t\t\t\t\t\t\t\t<span class=\"elementor-button-text\">Fincas auf Mallorca<\/span>\n\t\t\t\t\t<\/span>\n\t\t\t\t\t<\/a>\n\t\t<\/div>\n\t\t\t\t<\/div>\n\t\t\t\t<\/div>\n\t\t\t\t<\/div>\n\t\t<div class=\"elementor-element elementor-element-456773ef e-con-full e-flex e-con e-child\" data-id=\"456773ef\" data-element_type=\"container\">\n\t\t\t\t<div class=\"elementor-element elementor-element-61ac5129 elementor-align-center elementor-widget elementor-widget-button\" data-id=\"61ac5129\" data-element_type=\"widget\" data-widget_type=\"button.default\">\n\t\t\t\t<div class=\"elementor-widget-container\">\n\t\t\t\t\t<div class=\"elementor-button-wrapper\">\n\t\t\t<a class=\"elementor-button elementor-button-link elementor-size-sm\" href=\"https:\/\/www.5starshome.com\/de\/villa-auf-mallorca-mieten\/\">\n\t\t\t\t\t\t<span class=\"elementor-button-content-wrapper\">\n\t\t\t\t\t\t\t\t\t<span class=\"elementor-button-text\">Villas auf Mallorca<\/span>\n\t\t\t\t\t<\/span>\n\t\t\t\t\t<\/a>\n\t\t<\/div>\n\t\t\t\t<\/div>\n\t\t\t\t<\/div>\n\t\t\t\t<\/div>\n\t\t<div class=\"elementor-element elementor-element-32094e56 e-con-full e-flex e-con e-child\" data-id=\"32094e56\" data-element_type=\"container\">\n\t\t\t\t<div class=\"elementor-element elementor-element-66f16de1 elementor-align-center elementor-widget elementor-widget-button\" data-id=\"66f16de1\" data-element_type=\"widget\" data-widget_type=\"button.default\">\n\t\t\t\t<div class=\"elementor-widget-container\">\n\t\t\t\t\t<div class=\"elementor-button-wrapper\">\n\t\t\t<a class=\"elementor-button elementor-button-link elementor-size-sm\" href=\"https:\/\/www.5starshome.com\/de\/ferienhauser-auf-mallorca\/\">\n\t\t\t\t\t\t<span class=\"elementor-button-content-wrapper\">\n\t\t\t\t\t\t\t\t\t<span class=\"elementor-button-text\">Ferienh\u00e4user auf Mallorca<\/span>\n\t\t\t\t\t<\/span>\n\t\t\t\t\t<\/a>\n\t\t<\/div>\n\t\t\t\t<\/div>\n\t\t\t\t<\/div>\n\t\t\t\t<\/div>\n\t\t\t\t\t<\/div>\n\t\t\t\t<\/div>\n\t\t\t\t<\/div>\n\t\t","protected":false},"excerpt":{"rendered":"<p>Mallorca ist nicht nur ein Reiseziel mit idyllischen Str\u00e4nden und malerischen D\u00f6rfern, sondern auch eine Insel mit einer faszinierenden Geografie, die es verdient, im Detail erkundet zu werden. Wenn Sie sich daf\u00fcr interessieren, wie die Geografie und die politische Organisation Mallorcas den Charakter der Insel gepr\u00e4gt haben, dann machen Sie sich bereit, denn wir werden [&hellip;]<\/p>\n","protected":false},"author":5,"featured_media":1422,"comment_status":"open","ping_status":"open","sticky":false,"template":"","format":"standard","meta":{"footnotes":""},"categories":[2,40],"tags":[],"class_list":["post-1469","post","type-post","status-publish","format-standard","has-post-thumbnail","hentry","category-balearen","category-mallorca-de"],"yoast_head":"<!-- This site is optimized with the Yoast SEO plugin v23.1 - https:\/\/yoast.com\/wordpress\/plugins\/seo\/ -->\n<title>Entdecken Sie Mallorca anhand seiner Karte - Planen Sie Ihre Reise zu den Balearen<\/title>\n<meta name=\"description\" content=\"Entdecken Sie die vollst\u00e4ndige Karte von Mallorca und entdecken Sie die Ecken, die Sie bei Ihrem n\u00e4chsten Besuch nicht verpassen d\u00fcrfen.\" \/>\n<meta name=\"robots\" content=\"index, follow, max-snippet:-1, max-image-preview:large, max-video-preview:-1\" \/>\n<link rel=\"canonical\" href=\"https:\/\/www.5starshome.com\/blog\/de\/mallorca-karte\/\" \/>\n<meta property=\"og:locale\" content=\"de_DE\" \/>\n<meta property=\"og:type\" content=\"article\" \/>\n<meta property=\"og:title\" content=\"Entdecken Sie Mallorca anhand seiner Karte - Planen Sie Ihre Reise zu den Balearen\" \/>\n<meta property=\"og:description\" content=\"Entdecken Sie die vollst\u00e4ndige Karte von Mallorca und entdecken Sie die Ecken, die Sie bei Ihrem n\u00e4chsten Besuch nicht verpassen d\u00fcrfen.\" \/>\n<meta property=\"og:url\" content=\"https:\/\/www.5starshome.com\/blog\/de\/mallorca-karte\/\" \/>\n<meta property=\"og:site_name\" content=\"Planen Sie Ihre Reise zu den Balearen\" \/>\n<meta property=\"article:published_time\" content=\"2024-11-18T15:00:30+00:00\" \/>\n<meta property=\"article:modified_time\" content=\"2024-11-28T12:18:14+00:00\" \/>\n<meta property=\"og:image\" content=\"https:\/\/www.5starshome.com\/blog\/wp-content\/uploads\/2024\/11\/mapa-mallorca.jpg\" \/>\n\t<meta property=\"og:image:width\" content=\"1920\" \/>\n\t<meta property=\"og:image:height\" content=\"710\" \/>\n\t<meta property=\"og:image:type\" content=\"image\/jpeg\" \/>\n<meta name=\"author\" content=\"Eva\" \/>\n<meta name=\"twitter:card\" content=\"summary_large_image\" \/>\n<meta name=\"twitter:label1\" content=\"Verfasst von\" \/>\n\t<meta name=\"twitter:data1\" content=\"Eva\" \/>\n\t<meta name=\"twitter:label2\" content=\"Gesch\u00e4tzte Lesezeit\" \/>\n\t<meta name=\"twitter:data2\" content=\"7\u00a0Minuten\" \/>\n<script type=\"application\/ld+json\" class=\"yoast-schema-graph\">{\"@context\":\"https:\/\/schema.org\",\"@graph\":[{\"@type\":\"Article\",\"@id\":\"https:\/\/www.5starshome.com\/blog\/de\/mallorca-karte\/#article\",\"isPartOf\":{\"@id\":\"https:\/\/www.5starshome.com\/blog\/de\/mallorca-karte\/\"},\"author\":{\"name\":\"Eva\",\"@id\":\"https:\/\/www.5starshome.com\/blog\/de\/#\/schema\/person\/89b9cdf7f5915e6a485ac4bf9f548c1a\"},\"headline\":\"Entdecken Sie Mallorca anhand seiner Karte\",\"datePublished\":\"2024-11-18T15:00:30+00:00\",\"dateModified\":\"2024-11-28T12:18:14+00:00\",\"mainEntityOfPage\":{\"@id\":\"https:\/\/www.5starshome.com\/blog\/de\/mallorca-karte\/\"},\"wordCount\":1114,\"commentCount\":0,\"publisher\":{\"@id\":\"https:\/\/www.5starshome.com\/blog\/de\/#organization\"},\"image\":{\"@id\":\"https:\/\/www.5starshome.com\/blog\/de\/mallorca-karte\/#primaryimage\"},\"thumbnailUrl\":\"https:\/\/www.5starshome.com\/blog\/wp-content\/uploads\/2024\/11\/mapa-mallorca.jpg\",\"articleSection\":[\"Balearen\",\"Mallorca\"],\"inLanguage\":\"de\",\"potentialAction\":[{\"@type\":\"CommentAction\",\"name\":\"Comment\",\"target\":[\"https:\/\/www.5starshome.com\/blog\/de\/mallorca-karte\/#respond\"]}]},{\"@type\":\"WebPage\",\"@id\":\"https:\/\/www.5starshome.com\/blog\/de\/mallorca-karte\/\",\"url\":\"https:\/\/www.5starshome.com\/blog\/de\/mallorca-karte\/\",\"name\":\"Entdecken Sie Mallorca anhand seiner Karte - Planen Sie Ihre Reise zu den Balearen\",\"isPartOf\":{\"@id\":\"https:\/\/www.5starshome.com\/blog\/de\/#website\"},\"primaryImageOfPage\":{\"@id\":\"https:\/\/www.5starshome.com\/blog\/de\/mallorca-karte\/#primaryimage\"},\"image\":{\"@id\":\"https:\/\/www.5starshome.com\/blog\/de\/mallorca-karte\/#primaryimage\"},\"thumbnailUrl\":\"https:\/\/www.5starshome.com\/blog\/wp-content\/uploads\/2024\/11\/mapa-mallorca.jpg\",\"datePublished\":\"2024-11-18T15:00:30+00:00\",\"dateModified\":\"2024-11-28T12:18:14+00:00\",\"description\":\"Entdecken Sie die vollst\u00e4ndige Karte von Mallorca und entdecken Sie die Ecken, die Sie bei Ihrem n\u00e4chsten Besuch nicht verpassen d\u00fcrfen.\",\"breadcrumb\":{\"@id\":\"https:\/\/www.5starshome.com\/blog\/de\/mallorca-karte\/#breadcrumb\"},\"inLanguage\":\"de\",\"potentialAction\":[{\"@type\":\"ReadAction\",\"target\":[\"https:\/\/www.5starshome.com\/blog\/de\/mallorca-karte\/\"]}]},{\"@type\":\"ImageObject\",\"inLanguage\":\"de\",\"@id\":\"https:\/\/www.5starshome.com\/blog\/de\/mallorca-karte\/#primaryimage\",\"url\":\"https:\/\/www.5starshome.com\/blog\/wp-content\/uploads\/2024\/11\/mapa-mallorca.jpg\",\"contentUrl\":\"https:\/\/www.5starshome.com\/blog\/wp-content\/uploads\/2024\/11\/mapa-mallorca.jpg\",\"width\":1920,\"height\":710,\"caption\":\"mapa mallorca\"},{\"@type\":\"BreadcrumbList\",\"@id\":\"https:\/\/www.5starshome.com\/blog\/de\/mallorca-karte\/#breadcrumb\",\"itemListElement\":[{\"@type\":\"ListItem\",\"position\":1,\"name\":\"Home\",\"item\":\"https:\/\/www.5starshome.com\/blog\/de\/\"},{\"@type\":\"ListItem\",\"position\":2,\"name\":\"Entdecken Sie Mallorca anhand seiner Karte\"}]},{\"@type\":\"WebSite\",\"@id\":\"https:\/\/www.5starshome.com\/blog\/de\/#website\",\"url\":\"https:\/\/www.5starshome.com\/blog\/de\/\",\"name\":\"Planen Sie Ihre Reise zu den Balearen\",\"description\":\"Holiday Rentals 5starshome\",\"publisher\":{\"@id\":\"https:\/\/www.5starshome.com\/blog\/de\/#organization\"},\"potentialAction\":[{\"@type\":\"SearchAction\",\"target\":{\"@type\":\"EntryPoint\",\"urlTemplate\":\"https:\/\/www.5starshome.com\/blog\/de\/?s={search_term_string}\"},\"query-input\":\"required name=search_term_string\"}],\"inLanguage\":\"de\"},{\"@type\":\"Organization\",\"@id\":\"https:\/\/www.5starshome.com\/blog\/de\/#organization\",\"name\":\"Planen Sie Ihre Reise zu den Balearen\",\"url\":\"https:\/\/www.5starshome.com\/blog\/de\/\",\"logo\":{\"@type\":\"ImageObject\",\"inLanguage\":\"de\",\"@id\":\"https:\/\/www.5starshome.com\/blog\/de\/#\/schema\/logo\/image\/\",\"url\":\"https:\/\/www.5starshome.com\/blog\/wp-content\/uploads\/2024\/10\/logo-1.png\",\"contentUrl\":\"https:\/\/www.5starshome.com\/blog\/wp-content\/uploads\/2024\/10\/logo-1.png\",\"width\":200,\"height\":68,\"caption\":\"Planen Sie Ihre Reise zu den Balearen\"},\"image\":{\"@id\":\"https:\/\/www.5starshome.com\/blog\/de\/#\/schema\/logo\/image\/\"}},{\"@type\":\"Person\",\"@id\":\"https:\/\/www.5starshome.com\/blog\/de\/#\/schema\/person\/89b9cdf7f5915e6a485ac4bf9f548c1a\",\"name\":\"Eva\",\"image\":{\"@type\":\"ImageObject\",\"inLanguage\":\"de\",\"@id\":\"https:\/\/www.5starshome.com\/blog\/de\/#\/schema\/person\/image\/\",\"url\":\"https:\/\/secure.gravatar.com\/avatar\/4b8c057b0ff063660acf247090dae90dd0ae285077fed7b07e91f130d710c6db?s=96&d=mm&r=g\",\"contentUrl\":\"https:\/\/secure.gravatar.com\/avatar\/4b8c057b0ff063660acf247090dae90dd0ae285077fed7b07e91f130d710c6db?s=96&d=mm&r=g\",\"caption\":\"Eva\"},\"url\":\"https:\/\/www.5starshome.com\/blog\/de\/author\/eva\/\"}]}<\/script>\n<!-- \/ Yoast SEO plugin. -->","yoast_head_json":{"title":"Entdecken Sie Mallorca anhand seiner Karte - Planen Sie Ihre Reise zu den Balearen","description":"Entdecken Sie die vollst\u00e4ndige Karte von Mallorca und entdecken Sie die Ecken, die Sie bei Ihrem n\u00e4chsten Besuch nicht verpassen d\u00fcrfen.","robots":{"index":"index","follow":"follow","max-snippet":"max-snippet:-1","max-image-preview":"max-image-preview:large","max-video-preview":"max-video-preview:-1"},"canonical":"https:\/\/www.5starshome.com\/blog\/de\/mallorca-karte\/","og_locale":"de_DE","og_type":"article","og_title":"Entdecken Sie Mallorca anhand seiner Karte - Planen Sie Ihre Reise zu den Balearen","og_description":"Entdecken Sie die vollst\u00e4ndige Karte von Mallorca und entdecken Sie die Ecken, die Sie bei Ihrem n\u00e4chsten Besuch nicht verpassen d\u00fcrfen.","og_url":"https:\/\/www.5starshome.com\/blog\/de\/mallorca-karte\/","og_site_name":"Planen Sie Ihre Reise zu den Balearen","article_published_time":"2024-11-18T15:00:30+00:00","article_modified_time":"2024-11-28T12:18:14+00:00","og_image":[{"width":1920,"height":710,"url":"https:\/\/www.5starshome.com\/blog\/wp-content\/uploads\/2024\/11\/mapa-mallorca.jpg","type":"image\/jpeg"}],"author":"Eva","twitter_card":"summary_large_image","twitter_misc":{"Verfasst von":"Eva","Gesch\u00e4tzte Lesezeit":"7\u00a0Minuten"},"schema":{"@context":"https:\/\/schema.org","@graph":[{"@type":"Article","@id":"https:\/\/www.5starshome.com\/blog\/de\/mallorca-karte\/#article","isPartOf":{"@id":"https:\/\/www.5starshome.com\/blog\/de\/mallorca-karte\/"},"author":{"name":"Eva","@id":"https:\/\/www.5starshome.com\/blog\/de\/#\/schema\/person\/89b9cdf7f5915e6a485ac4bf9f548c1a"},"headline":"Entdecken Sie Mallorca anhand seiner Karte","datePublished":"2024-11-18T15:00:30+00:00","dateModified":"2024-11-28T12:18:14+00:00","mainEntityOfPage":{"@id":"https:\/\/www.5starshome.com\/blog\/de\/mallorca-karte\/"},"wordCount":1114,"commentCount":0,"publisher":{"@id":"https:\/\/www.5starshome.com\/blog\/de\/#organization"},"image":{"@id":"https:\/\/www.5starshome.com\/blog\/de\/mallorca-karte\/#primaryimage"},"thumbnailUrl":"https:\/\/www.5starshome.com\/blog\/wp-content\/uploads\/2024\/11\/mapa-mallorca.jpg","articleSection":["Balearen","Mallorca"],"inLanguage":"de","potentialAction":[{"@type":"CommentAction","name":"Comment","target":["https:\/\/www.5starshome.com\/blog\/de\/mallorca-karte\/#respond"]}]},{"@type":"WebPage","@id":"https:\/\/www.5starshome.com\/blog\/de\/mallorca-karte\/","url":"https:\/\/www.5starshome.com\/blog\/de\/mallorca-karte\/","name":"Entdecken Sie Mallorca anhand seiner Karte - Planen Sie Ihre Reise zu den Balearen","isPartOf":{"@id":"https:\/\/www.5starshome.com\/blog\/de\/#website"},"primaryImageOfPage":{"@id":"https:\/\/www.5starshome.com\/blog\/de\/mallorca-karte\/#primaryimage"},"image":{"@id":"https:\/\/www.5starshome.com\/blog\/de\/mallorca-karte\/#primaryimage"},"thumbnailUrl":"https:\/\/www.5starshome.com\/blog\/wp-content\/uploads\/2024\/11\/mapa-mallorca.jpg","datePublished":"2024-11-18T15:00:30+00:00","dateModified":"2024-11-28T12:18:14+00:00","description":"Entdecken Sie die vollst\u00e4ndige Karte von Mallorca und entdecken Sie die Ecken, die Sie bei Ihrem n\u00e4chsten Besuch nicht verpassen d\u00fcrfen.","breadcrumb":{"@id":"https:\/\/www.5starshome.com\/blog\/de\/mallorca-karte\/#breadcrumb"},"inLanguage":"de","potentialAction":[{"@type":"ReadAction","target":["https:\/\/www.5starshome.com\/blog\/de\/mallorca-karte\/"]}]},{"@type":"ImageObject","inLanguage":"de","@id":"https:\/\/www.5starshome.com\/blog\/de\/mallorca-karte\/#primaryimage","url":"https:\/\/www.5starshome.com\/blog\/wp-content\/uploads\/2024\/11\/mapa-mallorca.jpg","contentUrl":"https:\/\/www.5starshome.com\/blog\/wp-content\/uploads\/2024\/11\/mapa-mallorca.jpg","width":1920,"height":710,"caption":"mapa mallorca"},{"@type":"BreadcrumbList","@id":"https:\/\/www.5starshome.com\/blog\/de\/mallorca-karte\/#breadcrumb","itemListElement":[{"@type":"ListItem","position":1,"name":"Home","item":"https:\/\/www.5starshome.com\/blog\/de\/"},{"@type":"ListItem","position":2,"name":"Entdecken Sie Mallorca anhand seiner Karte"}]},{"@type":"WebSite","@id":"https:\/\/www.5starshome.com\/blog\/de\/#website","url":"https:\/\/www.5starshome.com\/blog\/de\/","name":"Planen Sie Ihre Reise zu den Balearen","description":"Holiday Rentals 5starshome","publisher":{"@id":"https:\/\/www.5starshome.com\/blog\/de\/#organization"},"potentialAction":[{"@type":"SearchAction","target":{"@type":"EntryPoint","urlTemplate":"https:\/\/www.5starshome.com\/blog\/de\/?s={search_term_string}"},"query-input":"required name=search_term_string"}],"inLanguage":"de"},{"@type":"Organization","@id":"https:\/\/www.5starshome.com\/blog\/de\/#organization","name":"Planen Sie Ihre Reise zu den Balearen","url":"https:\/\/www.5starshome.com\/blog\/de\/","logo":{"@type":"ImageObject","inLanguage":"de","@id":"https:\/\/www.5starshome.com\/blog\/de\/#\/schema\/logo\/image\/","url":"https:\/\/www.5starshome.com\/blog\/wp-content\/uploads\/2024\/10\/logo-1.png","contentUrl":"https:\/\/www.5starshome.com\/blog\/wp-content\/uploads\/2024\/10\/logo-1.png","width":200,"height":68,"caption":"Planen Sie Ihre Reise zu den Balearen"},"image":{"@id":"https:\/\/www.5starshome.com\/blog\/de\/#\/schema\/logo\/image\/"}},{"@type":"Person","@id":"https:\/\/www.5starshome.com\/blog\/de\/#\/schema\/person\/89b9cdf7f5915e6a485ac4bf9f548c1a","name":"Eva","image":{"@type":"ImageObject","inLanguage":"de","@id":"https:\/\/www.5starshome.com\/blog\/de\/#\/schema\/person\/image\/","url":"https:\/\/secure.gravatar.com\/avatar\/4b8c057b0ff063660acf247090dae90dd0ae285077fed7b07e91f130d710c6db?s=96&d=mm&r=g","contentUrl":"https:\/\/secure.gravatar.com\/avatar\/4b8c057b0ff063660acf247090dae90dd0ae285077fed7b07e91f130d710c6db?s=96&d=mm&r=g","caption":"Eva"},"url":"https:\/\/www.5starshome.com\/blog\/de\/author\/eva\/"}]}},"_links":{"self":[{"href":"https:\/\/www.5starshome.com\/blog\/de\/wp-json\/wp\/v2\/posts\/1469","targetHints":{"allow":["GET"]}}],"collection":[{"href":"https:\/\/www.5starshome.com\/blog\/de\/wp-json\/wp\/v2\/posts"}],"about":[{"href":"https:\/\/www.5starshome.com\/blog\/de\/wp-json\/wp\/v2\/types\/post"}],"author":[{"embeddable":true,"href":"https:\/\/www.5starshome.com\/blog\/de\/wp-json\/wp\/v2\/users\/5"}],"replies":[{"embeddable":true,"href":"https:\/\/www.5starshome.com\/blog\/de\/wp-json\/wp\/v2\/comments?post=1469"}],"version-history":[{"count":8,"href":"https:\/\/www.5starshome.com\/blog\/de\/wp-json\/wp\/v2\/posts\/1469\/revisions"}],"predecessor-version":[{"id":1487,"href":"https:\/\/www.5starshome.com\/blog\/de\/wp-json\/wp\/v2\/posts\/1469\/revisions\/1487"}],"wp:featuredmedia":[{"embeddable":true,"href":"https:\/\/www.5starshome.com\/blog\/de\/wp-json\/wp\/v2\/media\/1422"}],"wp:attachment":[{"href":"https:\/\/www.5starshome.com\/blog\/de\/wp-json\/wp\/v2\/media?parent=1469"}],"wp:term":[{"taxonomy":"category","embeddable":true,"href":"https:\/\/www.5starshome.com\/blog\/de\/wp-json\/wp\/v2\/categories?post=1469"},{"taxonomy":"post_tag","embeddable":true,"href":"https:\/\/www.5starshome.com\/blog\/de\/wp-json\/wp\/v2\/tags?post=1469"}],"curies":[{"name":"wp","href":"https:\/\/api.w.org\/{rel}","templated":true}]}}