{"id":1228,"date":"2024-10-14T09:25:19","date_gmt":"2024-10-14T09:25:19","guid":{"rendered":"https:\/\/www.5starshome.com\/blog\/?p=1228"},"modified":"2024-10-15T14:23:48","modified_gmt":"2024-10-15T14:23:48","slug":"que-ver-palma-de-mallorca","status":"publish","type":"post","link":"https:\/\/www.5starshome.com\/blog\/es\/que-ver-palma-de-mallorca\/","title":{"rendered":"Qu\u00e9 ver en Palma de Mallorca: un destino que no tiene desperdicio"},"content":{"rendered":"\t\t<div data-elementor-type=\"wp-post\" data-elementor-id=\"1228\" class=\"elementor elementor-1228\" data-elementor-post-type=\"post\">\n\t\t\t\t<div class=\"elementor-element elementor-element-9767b63 e-flex e-con-boxed e-con e-parent\" data-id=\"9767b63\" data-element_type=\"container\">\n\t\t\t\t\t<div class=\"e-con-inner\">\n\t\t\t\t<div class=\"elementor-element elementor-element-5d14d2f2 elementor-widget elementor-widget-text-editor\" data-id=\"5d14d2f2\" data-element_type=\"widget\" data-widget_type=\"text-editor.default\">\n\t\t\t\t<div class=\"elementor-widget-container\">\n\t\t\t<style>\/*! elementor - v3.23.0 - 23-07-2024 *\/\n.elementor-widget-text-editor.elementor-drop-cap-view-stacked .elementor-drop-cap{background-color:#69727d;color:#fff}.elementor-widget-text-editor.elementor-drop-cap-view-framed .elementor-drop-cap{color:#69727d;border:3px solid;background-color:transparent}.elementor-widget-text-editor:not(.elementor-drop-cap-view-default) .elementor-drop-cap{margin-top:8px}.elementor-widget-text-editor:not(.elementor-drop-cap-view-default) .elementor-drop-cap-letter{width:1em;height:1em}.elementor-widget-text-editor .elementor-drop-cap{float:left;text-align:center;line-height:1;font-size:50px}.elementor-widget-text-editor .elementor-drop-cap-letter{display:inline-block}<\/style>\t\t\t\t<p style=\"font-weight: 400\">\u00bfQuieres viajar a un destino encantador y lleno de cosas que ver en pleno Mediterr\u00e1neo? Entonces anota, porque Palma de Mallorca puede ser la respuesta a tus preguntas. <strong>Es una ciudad que tiene de todo: playas de ensue\u00f1o, un casco hist\u00f3rico precioso lleno de callejuelas, tiendas e historia, tambi\u00e9n un puerto encantador con terrazas con vistas al mar y una gastronom\u00eda que es pura tentaci\u00f3n<\/strong>. Y de vida cosmopolita tampoco se queda corta, Palma de Mallorca tiene un mont\u00f3n de tiendas de dise\u00f1o, arte contempor\u00e1neo y una gran oferta cultural durante todo el a\u00f1o.<\/p><p style=\"font-weight: 400\">Casi te hemos convencido y \u00bfquieres saber qu\u00e9 ver en Palma de Mallorca? \u00a1Pues mira!<\/p>\t\t\t\t\t\t<\/div>\n\t\t\t\t<\/div>\n\t\t\t\t\t<\/div>\n\t\t\t\t<\/div>\n\t\t<div class=\"elementor-element elementor-element-6129615e e-flex e-con-boxed e-con e-parent\" data-id=\"6129615e\" data-element_type=\"container\">\n\t\t\t\t\t<div class=\"e-con-inner\">\n\t\t\t\t<div class=\"elementor-element elementor-element-6575c1d elementor-widget elementor-widget-table-of-contents\" data-id=\"6575c1d\" data-element_type=\"widget\" data-settings=\"{&quot;headings_by_tags&quot;:[&quot;h2&quot;,&quot;h3&quot;],&quot;exclude_headings_by_selector&quot;:[],&quot;marker_view&quot;:&quot;bullets&quot;,&quot;icon&quot;:{&quot;value&quot;:&quot;&quot;,&quot;library&quot;:&quot;&quot;},&quot;hierarchical_view&quot;:&quot;yes&quot;,&quot;min_height&quot;:{&quot;unit&quot;:&quot;px&quot;,&quot;size&quot;:&quot;&quot;,&quot;sizes&quot;:[]},&quot;min_height_tablet&quot;:{&quot;unit&quot;:&quot;px&quot;,&quot;size&quot;:&quot;&quot;,&quot;sizes&quot;:[]},&quot;min_height_mobile&quot;:{&quot;unit&quot;:&quot;px&quot;,&quot;size&quot;:&quot;&quot;,&quot;sizes&quot;:[]}}\" data-widget_type=\"table-of-contents.default\">\n\t\t\t\t<div class=\"elementor-widget-container\">\n\t\t\t<style>\/*! elementor-pro - v3.23.0 - 23-07-2024 *\/\n.elementor-widget-table-of-contents .elementor-toc__header-title{color:var(--header-color)}.elementor-widget-table-of-contents.elementor-toc--collapsed .elementor-toc__toggle-button--collapse,.elementor-widget-table-of-contents:not(.elementor-toc--collapsed) .elementor-toc__toggle-button--expand{display:none}.elementor-widget-table-of-contents .elementor-widget-container{min-height:var(--box-min-height);border:var(--box-border-width,1px) solid var(--box-border-color,#9da5ae);border-radius:var(--box-border-radius,3px);background-color:var(--box-background-color);transition:min-height .4s;overflow:hidden}.elementor-toc__header{display:flex;align-items:center;justify-content:space-between;padding:var(--box-padding,20px);background-color:var(--header-background-color);border-bottom:var(--separator-width,1px) solid var(--box-border-color,#9da5ae)}.elementor-toc__header-title{font-size:18px;margin:0;color:var(--header-color);flex-grow:1}.elementor-toc__toggle-button{cursor:pointer;display:inline-flex}.elementor-toc__toggle-button i{color:var(--toggle-button-color)}.elementor-toc__toggle-button svg{height:1em;width:1em;fill:var(--toggle-button-color)}.elementor-toc__spinner-container{text-align:center}.elementor-toc__spinner{font-size:2em}.elementor-toc__spinner.e-font-icon-svg{height:1em;width:1em}.elementor-toc__body{padding:var(--box-padding,20px);max-height:var(--toc-body-max-height);overflow-y:auto}.elementor-toc__body::-webkit-scrollbar{width:7px}.elementor-toc__body::-webkit-scrollbar-thumb{background-color:#babfc5;border-radius:10px}.elementor-toc__list-wrapper{list-style:none;padding:0}.elementor-toc__list-item{margin-bottom:.5em}.elementor-toc__list-item.elementor-item-active{font-weight:700}.elementor-toc__list-item .elementor-toc__list-wrapper{margin-top:.5em;margin-inline-start:var(--nested-list-indent,1em)}.elementor-toc__list-item-text{transition-duration:var(--item-text-transition-duration)}.elementor-toc__list-item-text:hover{color:var(--item-text-hover-color);-webkit-text-decoration:var(--item-text-hover-decoration);text-decoration:var(--item-text-hover-decoration)}.elementor-toc__list-item-text.elementor-item-active{color:var(--item-text-active-color);-webkit-text-decoration:var(--item-text-active-decoration);text-decoration:var(--item-text-active-decoration)}.elementor-toc__list-item-text-wrapper{display:flex;align-items:center}.elementor-toc__list-item-text-wrapper:before,.elementor-toc__list-item-text-wrapper i{margin-inline-end:8px;color:var(--marker-color)}.elementor-toc__list-item-text-wrapper svg{margin-inline-end:8px;fill:var(--marker-color);height:var(--marker-size,.5em);width:var(--marker-size,.5em)}.elementor-toc__list-item-text-wrapper i{font-size:var(--marker-size,.5em)}.elementor-toc__list-item-text-wrapper:before{font-size:var(--marker-size,1em)}.elementor-toc--content-ellipsis .elementor-toc__list-item-text{white-space:nowrap;overflow:hidden;text-overflow:ellipsis}.elementor-toc__list-items--collapsible>.elementor-toc__list-wrapper>.elementor-toc__list-item>.elementor-toc__list-wrapper{display:none}.elementor-toc__heading-anchor{position:absolute}.elementor-toc__body .elementor-toc__list-item-text{color:var(--item-text-color);-webkit-text-decoration:var(--item-text-decoration);text-decoration:var(--item-text-decoration);transition-duration:var(--item-text-transition-duration)}.elementor-toc__body .elementor-toc__list-item-text:hover{color:var(--item-text-hover-color);-webkit-text-decoration:var(--item-text-hover-decoration);text-decoration:var(--item-text-hover-decoration)}.elementor-toc__body .elementor-toc__list-item-text.elementor-item-active{color:var(--item-text-active-color);-webkit-text-decoration:var(--item-text-active-decoration);text-decoration:var(--item-text-active-decoration)}ol.elementor-toc__list-wrapper{counter-reset:item}ol.elementor-toc__list-wrapper .elementor-toc__list-item{counter-increment:item}ol.elementor-toc__list-wrapper .elementor-toc__list-item-text-wrapper:before{content:counters(item,\".\") \". \"}<\/style>\t\t<div class=\"elementor-toc__header\">\n\t\t\t<div class=\"elementor-toc__header-title\">\n\t\t\t\t\u00cdndice\t\t\t<\/div>\n\t\t\t\t\t<\/div>\n\t\t<div id=\"elementor-toc__6575c1d\" class=\"elementor-toc__body\">\n\t\t\t<div class=\"elementor-toc__spinner-container\">\n\t\t\t\t<svg class=\"elementor-toc__spinner eicon-animation-spin e-font-icon-svg e-eicon-loading\" aria-hidden=\"true\" viewBox=\"0 0 1000 1000\" xmlns=\"http:\/\/www.w3.org\/2000\/svg\"><path d=\"M500 975V858C696 858 858 696 858 500S696 142 500 142 142 304 142 500H25C25 237 238 25 500 25S975 237 975 500 763 975 500 975Z\"><\/path><\/svg>\t\t\t<\/div>\n\t\t<\/div>\n\t\t\t\t<\/div>\n\t\t\t\t<\/div>\n\t\t\t\t\t<\/div>\n\t\t\t\t<\/div>\n\t\t<div class=\"elementor-element elementor-element-29983611 e-flex e-con-boxed e-con e-parent\" data-id=\"29983611\" data-element_type=\"container\">\n\t\t\t\t\t<div class=\"e-con-inner\">\n\t\t\t\t<div class=\"elementor-element elementor-element-7126792d elementor-widget elementor-widget-heading\" data-id=\"7126792d\" data-element_type=\"widget\" data-widget_type=\"heading.default\">\n\t\t\t\t<div class=\"elementor-widget-container\">\n\t\t\t<style>\/*! elementor - v3.23.0 - 23-07-2024 *\/\n.elementor-heading-title{padding:0;margin:0;line-height:1}.elementor-widget-heading .elementor-heading-title[class*=elementor-size-]>a{color:inherit;font-size:inherit;line-height:inherit}.elementor-widget-heading .elementor-heading-title.elementor-size-small{font-size:15px}.elementor-widget-heading .elementor-heading-title.elementor-size-medium{font-size:19px}.elementor-widget-heading .elementor-heading-title.elementor-size-large{font-size:29px}.elementor-widget-heading .elementor-heading-title.elementor-size-xl{font-size:39px}.elementor-widget-heading .elementor-heading-title.elementor-size-xxl{font-size:59px}<\/style><h2 class=\"elementor-heading-title elementor-size-default\">\u00bfQu\u00e9 ver en Palma de Mallorca?<\/h2>\t\t<\/div>\n\t\t\t\t<\/div>\n\t\t\t\t<div class=\"elementor-element elementor-element-7ffad5fc elementor-widget elementor-widget-text-editor\" data-id=\"7ffad5fc\" data-element_type=\"widget\" data-widget_type=\"text-editor.default\">\n\t\t\t\t<div class=\"elementor-widget-container\">\n\t\t\t\t\t\t\t<p style=\"font-weight: 400\">La primera pregunta que se te viene a la mente cuando est\u00e1s en pleno <em>brainstorming<\/em> para decidir a d\u00f3nde viajar en vacaciones es qu\u00e9 hay que ver. Y cuando sopesas directamente viajar a la capital balear, esas dudas se disipan, porque hay tantas cosas que ver en Palma de Mallorca, que no hace falta darle muchas vueltas a si merece o no la pena.<\/p><p style=\"font-weight: 400\">\u00a1Y las que no puedes saltarte ni de broma son estas!<\/p>\t\t\t\t\t\t<\/div>\n\t\t\t\t<\/div>\n\t\t\t\t\t<\/div>\n\t\t\t\t<\/div>\n\t\t<div class=\"elementor-element elementor-element-6dabf91c e-flex e-con-boxed e-con e-parent\" data-id=\"6dabf91c\" data-element_type=\"container\">\n\t\t\t\t\t<div class=\"e-con-inner\">\n\t\t\t\t<div class=\"elementor-element elementor-element-3904fba1 elementor-widget elementor-widget-heading\" data-id=\"3904fba1\" data-element_type=\"widget\" data-widget_type=\"heading.default\">\n\t\t\t\t<div class=\"elementor-widget-container\">\n\t\t\t<h3 class=\"elementor-heading-title elementor-size-default\">Catedral de Mallorca <\/h3>\t\t<\/div>\n\t\t\t\t<\/div>\n\t\t\t\t\t<\/div>\n\t\t\t\t<\/div>\n\t\t<div class=\"elementor-element elementor-element-2bb573b e-flex e-con-boxed e-con e-parent\" data-id=\"2bb573b\" data-element_type=\"container\">\n\t\t\t\t\t<div class=\"e-con-inner\">\n\t\t<div class=\"elementor-element elementor-element-499dac7 e-con-full e-flex e-con e-child\" data-id=\"499dac7\" data-element_type=\"container\">\n\t\t\t\t<div class=\"elementor-element elementor-element-1c3a2893 elementor-widget elementor-widget-text-editor\" data-id=\"1c3a2893\" data-element_type=\"widget\" data-widget_type=\"text-editor.default\">\n\t\t\t\t<div class=\"elementor-widget-container\">\n\t\t\t\t\t\t\t<p style=\"font-weight: 400\">La Catedral de Mallorca, tambi\u00e9n conocida como La Seu, es el <strong>emblema indiscutible de la ciudad<\/strong>. Est\u00e1 situada frente al mar en plena Bah\u00eda de Palma y fue construida sobre una antigua mezquita \u00e1rabe. <strong>Sus obras comenzaron en el siglo XIII, pero la Catedral ha sido modificada a lo largo de los siglos, incorporando elementos renacentistas, barrocos y g\u00f3ticos.<\/strong><\/p><p style=\"font-weight: 400\">En su interior, no puedes perderte la Capilla del Sant\u00edsimo, una obra modernista de Antoni Gaud\u00ed, as\u00ed como el espect\u00e1culo visual de la Capilla del Corpus Christi, con su peculiar mural de cer\u00e1mica del artista Miquel Barcel\u00f3.<\/p><p style=\"font-weight: 400\">\u00a1Ah! Y obviamente, tampoco puedes abandonar el lugar sin subir a la terraza de la Catedral, desde donde tendr\u00e1s las mejores vistas panor\u00e1micas de la ciudad, del puerto y del Mediterr\u00e1neo.<\/p>\t\t\t\t\t\t<\/div>\n\t\t\t\t<\/div>\n\t\t\t\t<\/div>\n\t\t<div class=\"elementor-element elementor-element-9c70cbf e-con-full e-flex e-con e-child\" data-id=\"9c70cbf\" data-element_type=\"container\">\n\t\t\t\t<div class=\"elementor-element elementor-element-0152ed7 elementor-widget elementor-widget-image\" data-id=\"0152ed7\" data-element_type=\"widget\" data-widget_type=\"image.default\">\n\t\t\t\t<div class=\"elementor-widget-container\">\n\t\t\t<style>\/*! elementor - v3.23.0 - 23-07-2024 *\/\n.elementor-widget-image{text-align:center}.elementor-widget-image a{display:inline-block}.elementor-widget-image a img[src$=\".svg\"]{width:48px}.elementor-widget-image img{vertical-align:middle;display:inline-block}<\/style>\t\t\t\t\t\t\t\t\t\t<img decoding=\"async\" width=\"762\" height=\"459\" src=\"https:\/\/www.5starshome.com\/blog\/wp-content\/uploads\/2024\/10\/catedral-de-mallorca-palma.jpg\" class=\"attachment-large size-large wp-image-1266\" alt=\"catedral-de-mallorca-palma\" srcset=\"https:\/\/www.5starshome.com\/blog\/wp-content\/uploads\/2024\/10\/catedral-de-mallorca-palma.jpg 762w, https:\/\/www.5starshome.com\/blog\/wp-content\/uploads\/2024\/10\/catedral-de-mallorca-palma-300x181.jpg 300w\" sizes=\"(max-width: 762px) 100vw, 762px\" \/>\t\t\t\t\t\t\t\t\t\t\t\t\t<\/div>\n\t\t\t\t<\/div>\n\t\t\t\t<\/div>\n\t\t\t\t\t<\/div>\n\t\t\t\t<\/div>\n\t\t<div class=\"elementor-element elementor-element-60f43b3 e-flex e-con-boxed e-con e-parent\" data-id=\"60f43b3\" data-element_type=\"container\">\n\t\t\t\t\t<div class=\"e-con-inner\">\n\t\t\t\t<div class=\"elementor-element elementor-element-9c99f9d elementor-widget elementor-widget-heading\" data-id=\"9c99f9d\" data-element_type=\"widget\" data-widget_type=\"heading.default\">\n\t\t\t\t<div class=\"elementor-widget-container\">\n\t\t\t<h3 class=\"elementor-heading-title elementor-size-default\">Palacio Real de la Almudaina <\/h3>\t\t<\/div>\n\t\t\t\t<\/div>\n\t\t\t\t\t<\/div>\n\t\t\t\t<\/div>\n\t\t<div class=\"elementor-element elementor-element-207e65d e-flex e-con-boxed e-con e-parent\" data-id=\"207e65d\" data-element_type=\"container\">\n\t\t\t\t\t<div class=\"e-con-inner\">\n\t\t<div class=\"elementor-element elementor-element-d8a8789 e-con-full e-flex e-con e-child\" data-id=\"d8a8789\" data-element_type=\"container\">\n\t\t\t\t<div class=\"elementor-element elementor-element-e71e3ec elementor-widget elementor-widget-text-editor\" data-id=\"e71e3ec\" data-element_type=\"widget\" data-widget_type=\"text-editor.default\">\n\t\t\t\t<div class=\"elementor-widget-container\">\n\t\t\t\t\t\t\t<p style=\"font-weight: 400\">Justo al lado de la Catedral, est\u00e1 el Palacio Real de la Almudaina, <strong>un lugar que combina a la perfecci\u00f3n historia, elegancia y unas vistas al mar igualmente espectaculares que las de la Catedral.<\/strong><\/p><p style=\"font-weight: 400\">Funciona como residencia oficial de la familia real aunque en el pasado era una fortaleza \u00e1rabe, por eso su arquitectura mezcla elementos isl\u00e1micos y g\u00f3ticos. <strong>\u00bfY qu\u00e9 vas a encontrarte aqu\u00ed? Un mont\u00f3n de tapices, decoraci\u00f3n y mobiliario con siglos y siglos de historia.<\/strong> Adem\u00e1s, puedes pasear por sus jardines, llenos de fuentes, plantas, \u00e1rboles y, ojo, que tambi\u00e9n tiene vistas al puerto de Palma. Un lugar perfecto para ver el atardecer, \u00bfno crees?<\/p>\t\t\t\t\t\t<\/div>\n\t\t\t\t<\/div>\n\t\t\t\t<\/div>\n\t\t<div class=\"elementor-element elementor-element-00784df e-con-full e-flex e-con e-child\" data-id=\"00784df\" data-element_type=\"container\">\n\t\t\t\t<div class=\"elementor-element elementor-element-7a3898f elementor-widget elementor-widget-image\" data-id=\"7a3898f\" data-element_type=\"widget\" data-widget_type=\"image.default\">\n\t\t\t\t<div class=\"elementor-widget-container\">\n\t\t\t\t\t\t\t\t\t\t\t\t\t<img decoding=\"async\" width=\"724\" height=\"482\" src=\"https:\/\/www.5starshome.com\/blog\/wp-content\/uploads\/2024\/10\/palacio-dreal-de-la-almudaina-Palma-de-mallorca.jpg\" class=\"attachment-large size-large wp-image-1270\" alt=\"palacio-dreal-de-la-almudaina-Palma-de-mallorca\" srcset=\"https:\/\/www.5starshome.com\/blog\/wp-content\/uploads\/2024\/10\/palacio-dreal-de-la-almudaina-Palma-de-mallorca.jpg 724w, https:\/\/www.5starshome.com\/blog\/wp-content\/uploads\/2024\/10\/palacio-dreal-de-la-almudaina-Palma-de-mallorca-300x200.jpg 300w\" sizes=\"(max-width: 724px) 100vw, 724px\" \/>\t\t\t\t\t\t\t\t\t\t\t\t\t<\/div>\n\t\t\t\t<\/div>\n\t\t\t\t<\/div>\n\t\t\t\t\t<\/div>\n\t\t\t\t<\/div>\n\t\t<div class=\"elementor-element elementor-element-ad8de55 e-flex e-con-boxed e-con e-parent\" data-id=\"ad8de55\" data-element_type=\"container\">\n\t\t\t\t\t<div class=\"e-con-inner\">\n\t\t\t\t<div class=\"elementor-element elementor-element-23032cc elementor-widget elementor-widget-heading\" data-id=\"23032cc\" data-element_type=\"widget\" data-widget_type=\"heading.default\">\n\t\t\t\t<div class=\"elementor-widget-container\">\n\t\t\t<h3 class=\"elementor-heading-title elementor-size-default\">Casco antiguo de Palma de Mallorca y la juder\u00eda <\/h3>\t\t<\/div>\n\t\t\t\t<\/div>\n\t\t\t\t\t<\/div>\n\t\t\t\t<\/div>\n\t\t<div class=\"elementor-element elementor-element-16aefe4 e-flex e-con-boxed e-con e-parent\" data-id=\"16aefe4\" data-element_type=\"container\">\n\t\t\t\t\t<div class=\"e-con-inner\">\n\t\t<div class=\"elementor-element elementor-element-ee03429 e-con-full e-flex e-con e-child\" data-id=\"ee03429\" data-element_type=\"container\">\n\t\t\t\t<div class=\"elementor-element elementor-element-cb59b4c elementor-widget elementor-widget-text-editor\" data-id=\"cb59b4c\" data-element_type=\"widget\" data-widget_type=\"text-editor.default\">\n\t\t\t\t<div class=\"elementor-widget-container\">\n\t\t\t\t\t\t\t<p style=\"font-weight: 400\">El casco antiguo de Palma es un laberinto de callejuelas estrechas, patios escondidos y rincones muy pintorescos. Y la Juder\u00eda \u2014Call Jueu\u2014 es uno de los puntos m\u00e1s fascinantes que hay que ver en Palma de Mallorca, en su casco antiguo.<\/p><p style=\"font-weight: 400\">En sus calles, fachadas y ornamentos todav\u00eda se intuyen las huellas de la comunidad jud\u00eda que habit\u00f3 aqu\u00ed en la Edad Media. <strong>Y los puntos que tienes que recorrer s\u00ed o s\u00ed son la Plaza de Santa Eulalia, una de las m\u00e1s antiguas de la ciudad, y la Bas\u00edlica de Sant Francesc. Y por supuesto, tienes que entrar en alguna casa se\u00f1orial y disfrutar de sus t\u00edpicos patios mallorquines.<\/strong> \u00a1Hay muchos abiertos al p\u00fablico!<\/p>\t\t\t\t\t\t<\/div>\n\t\t\t\t<\/div>\n\t\t\t\t<\/div>\n\t\t<div class=\"elementor-element elementor-element-80296af e-con-full e-flex e-con e-child\" data-id=\"80296af\" data-element_type=\"container\">\n\t\t\t\t<div class=\"elementor-element elementor-element-3c5beb0 elementor-widget elementor-widget-image\" data-id=\"3c5beb0\" data-element_type=\"widget\" data-widget_type=\"image.default\">\n\t\t\t\t<div class=\"elementor-widget-container\">\n\t\t\t\t\t\t\t\t\t\t\t\t\t<img decoding=\"async\" width=\"792\" height=\"441\" src=\"https:\/\/www.5starshome.com\/blog\/wp-content\/uploads\/2024\/10\/casco-antiguo-Palma-de-mallorca.jpg\" class=\"attachment-large size-large wp-image-1274\" alt=\"casco-antiguo-Palma-de-mallorca\" srcset=\"https:\/\/www.5starshome.com\/blog\/wp-content\/uploads\/2024\/10\/casco-antiguo-Palma-de-mallorca.jpg 792w, https:\/\/www.5starshome.com\/blog\/wp-content\/uploads\/2024\/10\/casco-antiguo-Palma-de-mallorca-300x167.jpg 300w, https:\/\/www.5starshome.com\/blog\/wp-content\/uploads\/2024\/10\/casco-antiguo-Palma-de-mallorca-768x428.jpg 768w\" sizes=\"(max-width: 792px) 100vw, 792px\" \/>\t\t\t\t\t\t\t\t\t\t\t\t\t<\/div>\n\t\t\t\t<\/div>\n\t\t\t\t<\/div>\n\t\t\t\t\t<\/div>\n\t\t\t\t<\/div>\n\t\t<div class=\"elementor-element elementor-element-278eb79 e-flex e-con-boxed e-con e-parent\" data-id=\"278eb79\" data-element_type=\"container\">\n\t\t\t\t\t<div class=\"e-con-inner\">\n\t\t\t\t<div class=\"elementor-element elementor-element-897eca3 elementor-widget elementor-widget-heading\" data-id=\"897eca3\" data-element_type=\"widget\" data-widget_type=\"heading.default\">\n\t\t\t\t<div class=\"elementor-widget-container\">\n\t\t\t<h3 class=\"elementor-heading-title elementor-size-default\">La Lonja de Palma <\/h3>\t\t<\/div>\n\t\t\t\t<\/div>\n\t\t\t\t\t<\/div>\n\t\t\t\t<\/div>\n\t\t<div class=\"elementor-element elementor-element-a8adef5 e-flex e-con-boxed e-con e-parent\" data-id=\"a8adef5\" data-element_type=\"container\">\n\t\t\t\t\t<div class=\"e-con-inner\">\n\t\t<div class=\"elementor-element elementor-element-fd5add6 e-con-full e-flex e-con e-child\" data-id=\"fd5add6\" data-element_type=\"container\">\n\t\t\t\t<div class=\"elementor-element elementor-element-d49f958 elementor-widget elementor-widget-text-editor\" data-id=\"d49f958\" data-element_type=\"widget\" data-widget_type=\"text-editor.default\">\n\t\t\t\t<div class=\"elementor-widget-container\">\n\t\t\t\t\t\t\t<p style=\"font-weight: 400\">La Lonja de Palma o Sa Llotja fue construida en el siglo XV y es uno de los mejores ejemplos del g\u00f3tico civil de Mallorca. <strong>Es un edificio grandote, muy sim\u00e9trico e hipnotizante por las formas de sus columnas y sus colores c\u00e1lidos. <\/strong>Se utiliz\u00f3 como lonja de comercio y era el sitio de reuni\u00f3n de mercaderes para negociar y comerciar; hoy es un espacio cultural que acoge exposiciones temporales y un mont\u00f3n de eventos.<\/p>\t\t\t\t\t\t<\/div>\n\t\t\t\t<\/div>\n\t\t\t\t<\/div>\n\t\t<div class=\"elementor-element elementor-element-02945ea e-con-full e-flex e-con e-child\" data-id=\"02945ea\" data-element_type=\"container\">\n\t\t\t\t<div class=\"elementor-element elementor-element-5ff15d4 elementor-widget elementor-widget-image\" data-id=\"5ff15d4\" data-element_type=\"widget\" data-widget_type=\"image.default\">\n\t\t\t\t<div class=\"elementor-widget-container\">\n\t\t\t\t\t\t\t\t\t\t\t\t\t<img decoding=\"async\" width=\"724\" height=\"483\" src=\"https:\/\/www.5starshome.com\/blog\/wp-content\/uploads\/2024\/10\/lonja-Palma-de-mallorca.jpg\" class=\"attachment-large size-large wp-image-1278\" alt=\"lonja-Palma-de-mallorca\" srcset=\"https:\/\/www.5starshome.com\/blog\/wp-content\/uploads\/2024\/10\/lonja-Palma-de-mallorca.jpg 724w, https:\/\/www.5starshome.com\/blog\/wp-content\/uploads\/2024\/10\/lonja-Palma-de-mallorca-300x200.jpg 300w\" sizes=\"(max-width: 724px) 100vw, 724px\" \/>\t\t\t\t\t\t\t\t\t\t\t\t\t<\/div>\n\t\t\t\t<\/div>\n\t\t\t\t<\/div>\n\t\t\t\t\t<\/div>\n\t\t\t\t<\/div>\n\t\t<div class=\"elementor-element elementor-element-940690d e-flex e-con-boxed e-con e-parent\" data-id=\"940690d\" data-element_type=\"container\">\n\t\t\t\t\t<div class=\"e-con-inner\">\n\t\t\t\t<div class=\"elementor-element elementor-element-ccdb80e elementor-widget elementor-widget-heading\" data-id=\"ccdb80e\" data-element_type=\"widget\" data-widget_type=\"heading.default\">\n\t\t\t\t<div class=\"elementor-widget-container\">\n\t\t\t<h3 class=\"elementor-heading-title elementor-size-default\">Castillo de Bellver <\/h3>\t\t<\/div>\n\t\t\t\t<\/div>\n\t\t\t\t\t<\/div>\n\t\t\t\t<\/div>\n\t\t<div class=\"elementor-element elementor-element-d8a023f e-flex e-con-boxed e-con e-parent\" data-id=\"d8a023f\" data-element_type=\"container\">\n\t\t\t\t\t<div class=\"e-con-inner\">\n\t\t<div class=\"elementor-element elementor-element-9d7ea57 e-con-full e-flex e-con e-child\" data-id=\"9d7ea57\" data-element_type=\"container\">\n\t\t\t\t<div class=\"elementor-element elementor-element-a46e572 elementor-widget elementor-widget-text-editor\" data-id=\"a46e572\" data-element_type=\"widget\" data-widget_type=\"text-editor.default\">\n\t\t\t\t<div class=\"elementor-widget-container\">\n\t\t\t\t\t\t\t<p style=\"font-weight: 400\">El Castillo de Bellver, es uno de esos atractivos que ver en Palma de Mallorca que est\u00e1n a las afueras de la ciudad, pero que merece igualmente la pena; <strong>es uno de los pocos castillos de planta circular que existen en Europa.<\/strong><\/p><p style=\"font-weight: 400\">Fue construido en el siglo XIV para utilizarlo como residencia real y tambi\u00e9n como prisi\u00f3n, aunque desde 1931 es el Museo de Historia de la ciudad. <strong>Su nombre en catal\u00e1n significa \u00abbella vista\u00bb porque desde sus murallas puedes ver la ciudad, la bah\u00eda y la sierra de Tramuntana en una misma panor\u00e1mica.<\/strong><\/p>\t\t\t\t\t\t<\/div>\n\t\t\t\t<\/div>\n\t\t\t\t<\/div>\n\t\t<div class=\"elementor-element elementor-element-f819c77 e-con-full e-flex e-con e-child\" data-id=\"f819c77\" data-element_type=\"container\">\n\t\t\t\t<div class=\"elementor-element elementor-element-b09635a elementor-widget elementor-widget-image\" data-id=\"b09635a\" data-element_type=\"widget\" data-widget_type=\"image.default\">\n\t\t\t\t<div class=\"elementor-widget-container\">\n\t\t\t\t\t\t\t\t\t\t\t\t\t<img decoding=\"async\" width=\"724\" height=\"483\" src=\"https:\/\/www.5starshome.com\/blog\/wp-content\/uploads\/2024\/10\/castillo-de-bellver-Palma-de-mallorca.jpg\" class=\"attachment-large size-large wp-image-1282\" alt=\"castillo-de-bellver-Palma-de-mallorca\" srcset=\"https:\/\/www.5starshome.com\/blog\/wp-content\/uploads\/2024\/10\/castillo-de-bellver-Palma-de-mallorca.jpg 724w, https:\/\/www.5starshome.com\/blog\/wp-content\/uploads\/2024\/10\/castillo-de-bellver-Palma-de-mallorca-300x200.jpg 300w\" sizes=\"(max-width: 724px) 100vw, 724px\" \/>\t\t\t\t\t\t\t\t\t\t\t\t\t<\/div>\n\t\t\t\t<\/div>\n\t\t\t\t<\/div>\n\t\t\t\t\t<\/div>\n\t\t\t\t<\/div>\n\t\t<div class=\"elementor-element elementor-element-701e151 e-flex e-con-boxed e-con e-parent\" data-id=\"701e151\" data-element_type=\"container\">\n\t\t\t\t\t<div class=\"e-con-inner\">\n\t\t\t\t<div class=\"elementor-element elementor-element-8c07af2 elementor-widget elementor-widget-heading\" data-id=\"8c07af2\" data-element_type=\"widget\" data-widget_type=\"heading.default\">\n\t\t\t\t<div class=\"elementor-widget-container\">\n\t\t\t<h2 class=\"elementor-heading-title elementor-size-default\">Itinerario para recorrer Palma de Mallorca en un d\u00eda<\/h2>\t\t<\/div>\n\t\t\t\t<\/div>\n\t\t\t\t<div class=\"elementor-element elementor-element-980e7b6 elementor-widget elementor-widget-text-editor\" data-id=\"980e7b6\" data-element_type=\"widget\" data-widget_type=\"text-editor.default\">\n\t\t\t\t<div class=\"elementor-widget-container\">\n\t\t\t\t\t\t\t<p style=\"font-weight: 400\">\u00bfViajas a Mallorca y solo tienes un d\u00eda para recorrer la capital? No te preocupes, tenemos un itinerario de cosas que ver en Palma de Mallorca en un d\u00eda que va como anillo al dedo para conocer a fondo la ciudad sin sacrificar ni un \u00e1pice de su encanto.<\/p><p style=\"font-weight: 400\">Puedes comenzar el d\u00eda en el <strong>Paseo Mar\u00edtimo o en el barrio de Santa Catalina<\/strong>, conocido por su aire bohemio, y disfrutar de un desayuno t\u00edpico mallorqu\u00edn: una ensaimada reci\u00e9n hecha o un <em>pa amb oli<\/em> \u2014pan con tomate y aceite de oliva\u2014. Y despu\u00e9s, <strong>visitar la Catedral de Mallorca y el Palacio Real de la Almudaina<\/strong>, que est\u00e1n pegaditos. Si te organizas bien con las horas de visita, antes de comer todav\u00eda puedes invertir tiempo en <strong>recorrer el Casco Antiguo y la Juder\u00eda<\/strong> <strong>y tambi\u00e9n hacer un descanso en la Plaza Mayor o pasear por la Plaza de Cort<\/strong>, donde se encuentra el hist\u00f3rico olivo milenario y el Ayuntamiento de Palma.<\/p><p style=\"font-weight: 400\">Para a reponer fuerzas, puedes <strong>acercarte al Mercado de Olivar o al Mercado de Santa Catalina<\/strong>, ambos son escenarios perfectos para disfrutar de la verdadera gastronom\u00eda de la isla y tambi\u00e9n son de esos lugares que hay que ver en Palma de Mallorca, s\u00ed o s\u00ed.<\/p><p style=\"font-weight: 400\">Despu\u00e9s del almuerzo, puedes ir hacia el barrio de La Lonja para <strong>visitar Sa Llotja y terminar el d\u00eda recorriendo el Castillo de Bellver<\/strong>, al que puedes llegar en taxi o en autob\u00fas. De vuelta a Palma de Mallorca puedes acabar el d\u00eda con una buena cena o un tapeo en el barrio de Santa Catalina, un lugar con much\u00edsimas opciones gastron\u00f3micas diferentes. Y si te quedan fuerzas, <strong>puedes poner el broche de oro al d\u00eda en el Paseo Mar\u00edtimo y con una parada para un c\u00f3ctel<\/strong>. Suena bien, \u00bfverdad?<\/p>\t\t\t\t\t\t<\/div>\n\t\t\t\t<\/div>\n\t\t\t\t\t<\/div>\n\t\t\t\t<\/div>\n\t\t<div class=\"elementor-element elementor-element-0bddbe7 e-flex e-con-boxed e-con e-parent\" data-id=\"0bddbe7\" data-element_type=\"container\">\n\t\t\t\t\t<div class=\"e-con-inner\">\n\t\t\t\t<div class=\"elementor-element elementor-element-a1fef5a elementor-widget elementor-widget-heading\" data-id=\"a1fef5a\" data-element_type=\"widget\" data-widget_type=\"heading.default\">\n\t\t\t\t<div class=\"elementor-widget-container\">\n\t\t\t<h2 class=\"elementor-heading-title elementor-size-default\">\u00bfTe vienes a conocer Palma de Mallorca?<\/h2>\t\t<\/div>\n\t\t\t\t<\/div>\n\t\t\t\t<div class=\"elementor-element elementor-element-e6dfda9 elementor-widget elementor-widget-text-editor\" data-id=\"e6dfda9\" data-element_type=\"widget\" data-widget_type=\"text-editor.default\">\n\t\t\t\t<div class=\"elementor-widget-container\">\n\t\t\t\t\t\t\t<p style=\"font-weight: 400\">Ya tenemos claro que est\u00e1s deseando conocer y recorrer todos los atractivos que ver en Palma de Mallorca, pero espera. <strong>Antes de nada tienes que asegurarte de que sabes d\u00f3nde alojarte despu\u00e9s de un largo d\u00eda de turisteo. <\/strong>Y para eso tenemos la soluci\u00f3n inmediata, a golpe de <em>clic<\/em>, porque en 5 Stars Home tenemos un mont\u00f3n de alojamientos en los que estamos seguros de que vas a descansar y reponer fuerzas para recorrer Palma de Mallorca y tambi\u00e9n el resto de la isla.<\/p><p style=\"font-weight: 400\">\u00bfQuieres echar un vistazo? Pues entra en <a href=\"https:\/\/www.5starshome.com\/es\/alquiler\/alquileres-baleares-r14\/\">nuestra <em>web<\/em><\/a>, compara, escoge el que m\u00e1s te guste y \u00a1venga! Haz las maletas y ven a descubrir qu\u00e9 ver en Palma de Mallorca.<\/p>\t\t\t\t\t\t<\/div>\n\t\t\t\t<\/div>\n\t\t\t\t\t<\/div>\n\t\t\t\t<\/div>\n\t\t<div class=\"elementor-element elementor-element-3f3039bb e-flex e-con-boxed e-con e-parent\" data-id=\"3f3039bb\" data-element_type=\"container\">\n\t\t\t\t\t<div class=\"e-con-inner\">\n\t\t<div class=\"elementor-element elementor-element-61fbefbd e-con-full e-flex e-con e-child\" data-id=\"61fbefbd\" data-element_type=\"container\">\n\t\t\t\t<div class=\"elementor-element elementor-element-4bae0dea elementor-align-center elementor-widget__width-initial elementor-widget elementor-widget-button\" data-id=\"4bae0dea\" data-element_type=\"widget\" data-widget_type=\"button.default\">\n\t\t\t\t<div class=\"elementor-widget-container\">\n\t\t\t\t\t<div class=\"elementor-button-wrapper\">\n\t\t\t<a class=\"elementor-button elementor-button-link elementor-size-sm\" href=\"https:\/\/www.5starshome.com\/es\/alojamientos-en-mallorca\">\n\t\t\t\t\t\t<span class=\"elementor-button-content-wrapper\">\n\t\t\t\t\t\t\t\t\t<span class=\"elementor-button-text\">Alojamiento en Mallorca<\/span>\n\t\t\t\t\t<\/span>\n\t\t\t\t\t<\/a>\n\t\t<\/div>\n\t\t\t\t<\/div>\n\t\t\t\t<\/div>\n\t\t\t\t<\/div>\n\t\t<div class=\"elementor-element elementor-element-54ff8b2b e-con-full e-flex e-con e-child\" data-id=\"54ff8b2b\" data-element_type=\"container\">\n\t\t\t\t<div class=\"elementor-element elementor-element-74657379 elementor-align-center elementor-widget elementor-widget-button\" data-id=\"74657379\" data-element_type=\"widget\" data-widget_type=\"button.default\">\n\t\t\t\t<div class=\"elementor-widget-container\">\n\t\t\t\t\t<div class=\"elementor-button-wrapper\">\n\t\t\t<a class=\"elementor-button elementor-button-link elementor-size-sm\" href=\"https:\/\/www.5starshome.com\/es\/fincas-rusticas-en-mallorca\/\">\n\t\t\t\t\t\t<span class=\"elementor-button-content-wrapper\">\n\t\t\t\t\t\t\t\t\t<span class=\"elementor-button-text\">Fincas en Mallorca<\/span>\n\t\t\t\t\t<\/span>\n\t\t\t\t\t<\/a>\n\t\t<\/div>\n\t\t\t\t<\/div>\n\t\t\t\t<\/div>\n\t\t\t\t<\/div>\n\t\t<div class=\"elementor-element elementor-element-1199d982 e-con-full e-flex e-con e-child\" data-id=\"1199d982\" data-element_type=\"container\">\n\t\t\t\t<div class=\"elementor-element elementor-element-40ed9d2a elementor-align-center elementor-widget elementor-widget-button\" data-id=\"40ed9d2a\" data-element_type=\"widget\" data-widget_type=\"button.default\">\n\t\t\t\t<div class=\"elementor-widget-container\">\n\t\t\t\t\t<div class=\"elementor-button-wrapper\">\n\t\t\t<a class=\"elementor-button elementor-button-link elementor-size-sm\" href=\"https:\/\/www.5starshome.com\/es\/villas-en-mallorca\/\">\n\t\t\t\t\t\t<span class=\"elementor-button-content-wrapper\">\n\t\t\t\t\t\t\t\t\t<span class=\"elementor-button-text\">Villas en Mallorca<\/span>\n\t\t\t\t\t<\/span>\n\t\t\t\t\t<\/a>\n\t\t<\/div>\n\t\t\t\t<\/div>\n\t\t\t\t<\/div>\n\t\t\t\t<\/div>\n\t\t<div class=\"elementor-element elementor-element-3295b471 e-con-full e-flex e-con e-child\" data-id=\"3295b471\" data-element_type=\"container\">\n\t\t\t\t<div class=\"elementor-element elementor-element-3273a7c elementor-align-center elementor-widget elementor-widget-button\" data-id=\"3273a7c\" data-element_type=\"widget\" data-widget_type=\"button.default\">\n\t\t\t\t<div class=\"elementor-widget-container\">\n\t\t\t\t\t<div class=\"elementor-button-wrapper\">\n\t\t\t<a class=\"elementor-button elementor-button-link elementor-size-sm\" href=\"https:\/\/www.5starshome.com\/es\/casas-de-alquiler-vacacional-en-mallorca\/\">\n\t\t\t\t\t\t<span class=\"elementor-button-content-wrapper\">\n\t\t\t\t\t\t\t\t\t<span class=\"elementor-button-text\">Casas en Mallorca<\/span>\n\t\t\t\t\t<\/span>\n\t\t\t\t\t<\/a>\n\t\t<\/div>\n\t\t\t\t<\/div>\n\t\t\t\t<\/div>\n\t\t\t\t<\/div>\n\t\t\t\t\t<\/div>\n\t\t\t\t<\/div>\n\t\t\t\t<\/div>\n\t\t","protected":false},"excerpt":{"rendered":"<p>\u00bfQuieres viajar a un destino encantador y lleno de cosas que ver en pleno Mediterr\u00e1neo? Entonces anota, porque Palma de Mallorca puede ser la respuesta a tus preguntas. Es una ciudad que tiene de todo: playas de ensue\u00f1o, un casco hist\u00f3rico precioso lleno de callejuelas, tiendas e historia, tambi\u00e9n un puerto encantador con terrazas con [&hellip;]<\/p>\n","protected":false},"author":4,"featured_media":1289,"comment_status":"open","ping_status":"open","sticky":false,"template":"","format":"standard","meta":{"footnotes":""},"categories":[1],"tags":[],"class_list":["post-1228","post","type-post","status-publish","format-standard","has-post-thumbnail","hentry","category-uncategorized"],"yoast_head":"<!-- This site is optimized with the Yoast SEO plugin v23.1 - https:\/\/yoast.com\/wordpress\/plugins\/seo\/ -->\n<title>Qu\u00e9 ver en Palma de Mallorca: un destino que no tiene desperdicio - Viaje a las Islas Baleares<\/title>\n<meta name=\"description\" content=\"Ven a descubrir todo lo que hay que ver en Palma de Mallorca, la capital balear es una ciudad llena de playas, historia, arte y gastronom\u00eda.\" \/>\n<meta name=\"robots\" content=\"index, follow, max-snippet:-1, max-image-preview:large, max-video-preview:-1\" \/>\n<link rel=\"canonical\" href=\"https:\/\/www.5starshome.com\/blog\/es\/que-ver-palma-de-mallorca\/\" \/>\n<meta property=\"og:locale\" content=\"es_ES\" \/>\n<meta property=\"og:type\" content=\"article\" \/>\n<meta property=\"og:title\" content=\"Qu\u00e9 ver en Palma de Mallorca: un destino que no tiene desperdicio - Viaje a las Islas Baleares\" \/>\n<meta property=\"og:description\" content=\"Ven a descubrir todo lo que hay que ver en Palma de Mallorca, la capital balear es una ciudad llena de playas, historia, arte y gastronom\u00eda.\" \/>\n<meta property=\"og:url\" content=\"https:\/\/www.5starshome.com\/blog\/es\/que-ver-palma-de-mallorca\/\" \/>\n<meta property=\"og:site_name\" content=\"Viaje a las Islas Baleares\" \/>\n<meta property=\"article:published_time\" content=\"2024-10-14T09:25:19+00:00\" \/>\n<meta property=\"article:modified_time\" content=\"2024-10-15T14:23:48+00:00\" \/>\n<meta property=\"og:image\" content=\"https:\/\/www.5starshome.com\/blog\/wp-content\/uploads\/2024\/10\/Palma-de-mallorca-que-ver.jpg\" \/>\n\t<meta property=\"og:image:width\" content=\"1920\" \/>\n\t<meta property=\"og:image:height\" content=\"660\" \/>\n\t<meta property=\"og:image:type\" content=\"image\/jpeg\" \/>\n<meta name=\"author\" content=\"Laura\" \/>\n<meta name=\"twitter:card\" content=\"summary_large_image\" \/>\n<meta name=\"twitter:label1\" content=\"Escrito por\" \/>\n\t<meta name=\"twitter:data1\" content=\"Laura\" \/>\n\t<meta name=\"twitter:label2\" content=\"Tiempo de lectura\" \/>\n\t<meta name=\"twitter:data2\" content=\"7 minutos\" \/>\n<script type=\"application\/ld+json\" class=\"yoast-schema-graph\">{\"@context\":\"https:\/\/schema.org\",\"@graph\":[{\"@type\":\"Article\",\"@id\":\"https:\/\/www.5starshome.com\/blog\/es\/que-ver-palma-de-mallorca\/#article\",\"isPartOf\":{\"@id\":\"https:\/\/www.5starshome.com\/blog\/es\/que-ver-palma-de-mallorca\/\"},\"author\":{\"name\":\"Laura\",\"@id\":\"https:\/\/www.5starshome.com\/blog\/es\/#\/schema\/person\/5194e40bccdc6e994889f3c3216b6bff\"},\"headline\":\"Qu\u00e9 ver en Palma de Mallorca: un destino que no tiene desperdicio\",\"datePublished\":\"2024-10-14T09:25:19+00:00\",\"dateModified\":\"2024-10-15T14:23:48+00:00\",\"mainEntityOfPage\":{\"@id\":\"https:\/\/www.5starshome.com\/blog\/es\/que-ver-palma-de-mallorca\/\"},\"wordCount\":1266,\"commentCount\":0,\"publisher\":{\"@id\":\"https:\/\/www.5starshome.com\/blog\/es\/#organization\"},\"image\":{\"@id\":\"https:\/\/www.5starshome.com\/blog\/es\/que-ver-palma-de-mallorca\/#primaryimage\"},\"thumbnailUrl\":\"https:\/\/www.5starshome.com\/blog\/wp-content\/uploads\/2024\/10\/Palma-de-mallorca-que-ver.jpg\",\"articleSection\":[\"Uncategorized\"],\"inLanguage\":\"es\",\"potentialAction\":[{\"@type\":\"CommentAction\",\"name\":\"Comment\",\"target\":[\"https:\/\/www.5starshome.com\/blog\/es\/que-ver-palma-de-mallorca\/#respond\"]}]},{\"@type\":\"WebPage\",\"@id\":\"https:\/\/www.5starshome.com\/blog\/es\/que-ver-palma-de-mallorca\/\",\"url\":\"https:\/\/www.5starshome.com\/blog\/es\/que-ver-palma-de-mallorca\/\",\"name\":\"Qu\u00e9 ver en Palma de Mallorca: un destino que no tiene desperdicio - Viaje a las Islas Baleares\",\"isPartOf\":{\"@id\":\"https:\/\/www.5starshome.com\/blog\/es\/#website\"},\"primaryImageOfPage\":{\"@id\":\"https:\/\/www.5starshome.com\/blog\/es\/que-ver-palma-de-mallorca\/#primaryimage\"},\"image\":{\"@id\":\"https:\/\/www.5starshome.com\/blog\/es\/que-ver-palma-de-mallorca\/#primaryimage\"},\"thumbnailUrl\":\"https:\/\/www.5starshome.com\/blog\/wp-content\/uploads\/2024\/10\/Palma-de-mallorca-que-ver.jpg\",\"datePublished\":\"2024-10-14T09:25:19+00:00\",\"dateModified\":\"2024-10-15T14:23:48+00:00\",\"description\":\"Ven a descubrir todo lo que hay que ver en Palma de Mallorca, la capital balear es una ciudad llena de playas, historia, arte y gastronom\u00eda.\",\"breadcrumb\":{\"@id\":\"https:\/\/www.5starshome.com\/blog\/es\/que-ver-palma-de-mallorca\/#breadcrumb\"},\"inLanguage\":\"es\",\"potentialAction\":[{\"@type\":\"ReadAction\",\"target\":[\"https:\/\/www.5starshome.com\/blog\/es\/que-ver-palma-de-mallorca\/\"]}]},{\"@type\":\"ImageObject\",\"inLanguage\":\"es\",\"@id\":\"https:\/\/www.5starshome.com\/blog\/es\/que-ver-palma-de-mallorca\/#primaryimage\",\"url\":\"https:\/\/www.5starshome.com\/blog\/wp-content\/uploads\/2024\/10\/Palma-de-mallorca-que-ver.jpg\",\"contentUrl\":\"https:\/\/www.5starshome.com\/blog\/wp-content\/uploads\/2024\/10\/Palma-de-mallorca-que-ver.jpg\",\"width\":1920,\"height\":660,\"caption\":\"Palma de mallorca que ver\"},{\"@type\":\"BreadcrumbList\",\"@id\":\"https:\/\/www.5starshome.com\/blog\/es\/que-ver-palma-de-mallorca\/#breadcrumb\",\"itemListElement\":[{\"@type\":\"ListItem\",\"position\":1,\"name\":\"Home\",\"item\":\"https:\/\/www.5starshome.com\/blog\/es\/\"},{\"@type\":\"ListItem\",\"position\":2,\"name\":\"Qu\u00e9 ver en Palma de Mallorca: un destino que no tiene desperdicio\"}]},{\"@type\":\"WebSite\",\"@id\":\"https:\/\/www.5starshome.com\/blog\/es\/#website\",\"url\":\"https:\/\/www.5starshome.com\/blog\/es\/\",\"name\":\"Viaje a las Islas Baleares\",\"description\":\"Holiday Rentals 5starshome\",\"publisher\":{\"@id\":\"https:\/\/www.5starshome.com\/blog\/es\/#organization\"},\"potentialAction\":[{\"@type\":\"SearchAction\",\"target\":{\"@type\":\"EntryPoint\",\"urlTemplate\":\"https:\/\/www.5starshome.com\/blog\/es\/?s={search_term_string}\"},\"query-input\":\"required name=search_term_string\"}],\"inLanguage\":\"es\"},{\"@type\":\"Organization\",\"@id\":\"https:\/\/www.5starshome.com\/blog\/es\/#organization\",\"name\":\"Viaje a las Islas Baleares\",\"url\":\"https:\/\/www.5starshome.com\/blog\/es\/\",\"logo\":{\"@type\":\"ImageObject\",\"inLanguage\":\"es\",\"@id\":\"https:\/\/www.5starshome.com\/blog\/es\/#\/schema\/logo\/image\/\",\"url\":\"https:\/\/www.5starshome.com\/blog\/wp-content\/uploads\/2024\/10\/logo-1.png\",\"contentUrl\":\"https:\/\/www.5starshome.com\/blog\/wp-content\/uploads\/2024\/10\/logo-1.png\",\"width\":200,\"height\":68,\"caption\":\"Viaje a las Islas Baleares\"},\"image\":{\"@id\":\"https:\/\/www.5starshome.com\/blog\/es\/#\/schema\/logo\/image\/\"}},{\"@type\":\"Person\",\"@id\":\"https:\/\/www.5starshome.com\/blog\/es\/#\/schema\/person\/5194e40bccdc6e994889f3c3216b6bff\",\"name\":\"Laura\",\"image\":{\"@type\":\"ImageObject\",\"inLanguage\":\"es\",\"@id\":\"https:\/\/www.5starshome.com\/blog\/es\/#\/schema\/person\/image\/\",\"url\":\"https:\/\/secure.gravatar.com\/avatar\/38b396224481eeb6edadb558d7e4a6d1ff1c8ba1e6abd3951e451527e107c96b?s=96&d=mm&r=g\",\"contentUrl\":\"https:\/\/secure.gravatar.com\/avatar\/38b396224481eeb6edadb558d7e4a6d1ff1c8ba1e6abd3951e451527e107c96b?s=96&d=mm&r=g\",\"caption\":\"Laura\"},\"url\":\"https:\/\/www.5starshome.com\/blog\/es\/author\/laura\/\"}]}<\/script>\n<!-- \/ Yoast SEO plugin. -->","yoast_head_json":{"title":"Qu\u00e9 ver en Palma de Mallorca: un destino que no tiene desperdicio - Viaje a las Islas Baleares","description":"Ven a descubrir todo lo que hay que ver en Palma de Mallorca, la capital balear es una ciudad llena de playas, historia, arte y gastronom\u00eda.","robots":{"index":"index","follow":"follow","max-snippet":"max-snippet:-1","max-image-preview":"max-image-preview:large","max-video-preview":"max-video-preview:-1"},"canonical":"https:\/\/www.5starshome.com\/blog\/es\/que-ver-palma-de-mallorca\/","og_locale":"es_ES","og_type":"article","og_title":"Qu\u00e9 ver en Palma de Mallorca: un destino que no tiene desperdicio - Viaje a las Islas Baleares","og_description":"Ven a descubrir todo lo que hay que ver en Palma de Mallorca, la capital balear es una ciudad llena de playas, historia, arte y gastronom\u00eda.","og_url":"https:\/\/www.5starshome.com\/blog\/es\/que-ver-palma-de-mallorca\/","og_site_name":"Viaje a las Islas Baleares","article_published_time":"2024-10-14T09:25:19+00:00","article_modified_time":"2024-10-15T14:23:48+00:00","og_image":[{"width":1920,"height":660,"url":"https:\/\/www.5starshome.com\/blog\/wp-content\/uploads\/2024\/10\/Palma-de-mallorca-que-ver.jpg","type":"image\/jpeg"}],"author":"Laura","twitter_card":"summary_large_image","twitter_misc":{"Escrito por":"Laura","Tiempo de lectura":"7 minutos"},"schema":{"@context":"https:\/\/schema.org","@graph":[{"@type":"Article","@id":"https:\/\/www.5starshome.com\/blog\/es\/que-ver-palma-de-mallorca\/#article","isPartOf":{"@id":"https:\/\/www.5starshome.com\/blog\/es\/que-ver-palma-de-mallorca\/"},"author":{"name":"Laura","@id":"https:\/\/www.5starshome.com\/blog\/es\/#\/schema\/person\/5194e40bccdc6e994889f3c3216b6bff"},"headline":"Qu\u00e9 ver en Palma de Mallorca: un destino que no tiene desperdicio","datePublished":"2024-10-14T09:25:19+00:00","dateModified":"2024-10-15T14:23:48+00:00","mainEntityOfPage":{"@id":"https:\/\/www.5starshome.com\/blog\/es\/que-ver-palma-de-mallorca\/"},"wordCount":1266,"commentCount":0,"publisher":{"@id":"https:\/\/www.5starshome.com\/blog\/es\/#organization"},"image":{"@id":"https:\/\/www.5starshome.com\/blog\/es\/que-ver-palma-de-mallorca\/#primaryimage"},"thumbnailUrl":"https:\/\/www.5starshome.com\/blog\/wp-content\/uploads\/2024\/10\/Palma-de-mallorca-que-ver.jpg","articleSection":["Uncategorized"],"inLanguage":"es","potentialAction":[{"@type":"CommentAction","name":"Comment","target":["https:\/\/www.5starshome.com\/blog\/es\/que-ver-palma-de-mallorca\/#respond"]}]},{"@type":"WebPage","@id":"https:\/\/www.5starshome.com\/blog\/es\/que-ver-palma-de-mallorca\/","url":"https:\/\/www.5starshome.com\/blog\/es\/que-ver-palma-de-mallorca\/","name":"Qu\u00e9 ver en Palma de Mallorca: un destino que no tiene desperdicio - Viaje a las Islas Baleares","isPartOf":{"@id":"https:\/\/www.5starshome.com\/blog\/es\/#website"},"primaryImageOfPage":{"@id":"https:\/\/www.5starshome.com\/blog\/es\/que-ver-palma-de-mallorca\/#primaryimage"},"image":{"@id":"https:\/\/www.5starshome.com\/blog\/es\/que-ver-palma-de-mallorca\/#primaryimage"},"thumbnailUrl":"https:\/\/www.5starshome.com\/blog\/wp-content\/uploads\/2024\/10\/Palma-de-mallorca-que-ver.jpg","datePublished":"2024-10-14T09:25:19+00:00","dateModified":"2024-10-15T14:23:48+00:00","description":"Ven a descubrir todo lo que hay que ver en Palma de Mallorca, la capital balear es una ciudad llena de playas, historia, arte y gastronom\u00eda.","breadcrumb":{"@id":"https:\/\/www.5starshome.com\/blog\/es\/que-ver-palma-de-mallorca\/#breadcrumb"},"inLanguage":"es","potentialAction":[{"@type":"ReadAction","target":["https:\/\/www.5starshome.com\/blog\/es\/que-ver-palma-de-mallorca\/"]}]},{"@type":"ImageObject","inLanguage":"es","@id":"https:\/\/www.5starshome.com\/blog\/es\/que-ver-palma-de-mallorca\/#primaryimage","url":"https:\/\/www.5starshome.com\/blog\/wp-content\/uploads\/2024\/10\/Palma-de-mallorca-que-ver.jpg","contentUrl":"https:\/\/www.5starshome.com\/blog\/wp-content\/uploads\/2024\/10\/Palma-de-mallorca-que-ver.jpg","width":1920,"height":660,"caption":"Palma de mallorca que ver"},{"@type":"BreadcrumbList","@id":"https:\/\/www.5starshome.com\/blog\/es\/que-ver-palma-de-mallorca\/#breadcrumb","itemListElement":[{"@type":"ListItem","position":1,"name":"Home","item":"https:\/\/www.5starshome.com\/blog\/es\/"},{"@type":"ListItem","position":2,"name":"Qu\u00e9 ver en Palma de Mallorca: un destino que no tiene desperdicio"}]},{"@type":"WebSite","@id":"https:\/\/www.5starshome.com\/blog\/es\/#website","url":"https:\/\/www.5starshome.com\/blog\/es\/","name":"Viaje a las Islas Baleares","description":"Holiday Rentals 5starshome","publisher":{"@id":"https:\/\/www.5starshome.com\/blog\/es\/#organization"},"potentialAction":[{"@type":"SearchAction","target":{"@type":"EntryPoint","urlTemplate":"https:\/\/www.5starshome.com\/blog\/es\/?s={search_term_string}"},"query-input":"required name=search_term_string"}],"inLanguage":"es"},{"@type":"Organization","@id":"https:\/\/www.5starshome.com\/blog\/es\/#organization","name":"Viaje a las Islas Baleares","url":"https:\/\/www.5starshome.com\/blog\/es\/","logo":{"@type":"ImageObject","inLanguage":"es","@id":"https:\/\/www.5starshome.com\/blog\/es\/#\/schema\/logo\/image\/","url":"https:\/\/www.5starshome.com\/blog\/wp-content\/uploads\/2024\/10\/logo-1.png","contentUrl":"https:\/\/www.5starshome.com\/blog\/wp-content\/uploads\/2024\/10\/logo-1.png","width":200,"height":68,"caption":"Viaje a las Islas Baleares"},"image":{"@id":"https:\/\/www.5starshome.com\/blog\/es\/#\/schema\/logo\/image\/"}},{"@type":"Person","@id":"https:\/\/www.5starshome.com\/blog\/es\/#\/schema\/person\/5194e40bccdc6e994889f3c3216b6bff","name":"Laura","image":{"@type":"ImageObject","inLanguage":"es","@id":"https:\/\/www.5starshome.com\/blog\/es\/#\/schema\/person\/image\/","url":"https:\/\/secure.gravatar.com\/avatar\/38b396224481eeb6edadb558d7e4a6d1ff1c8ba1e6abd3951e451527e107c96b?s=96&d=mm&r=g","contentUrl":"https:\/\/secure.gravatar.com\/avatar\/38b396224481eeb6edadb558d7e4a6d1ff1c8ba1e6abd3951e451527e107c96b?s=96&d=mm&r=g","caption":"Laura"},"url":"https:\/\/www.5starshome.com\/blog\/es\/author\/laura\/"}]}},"_links":{"self":[{"href":"https:\/\/www.5starshome.com\/blog\/es\/wp-json\/wp\/v2\/posts\/1228","targetHints":{"allow":["GET"]}}],"collection":[{"href":"https:\/\/www.5starshome.com\/blog\/es\/wp-json\/wp\/v2\/posts"}],"about":[{"href":"https:\/\/www.5starshome.com\/blog\/es\/wp-json\/wp\/v2\/types\/post"}],"author":[{"embeddable":true,"href":"https:\/\/www.5starshome.com\/blog\/es\/wp-json\/wp\/v2\/users\/4"}],"replies":[{"embeddable":true,"href":"https:\/\/www.5starshome.com\/blog\/es\/wp-json\/wp\/v2\/comments?post=1228"}],"version-history":[{"count":14,"href":"https:\/\/www.5starshome.com\/blog\/es\/wp-json\/wp\/v2\/posts\/1228\/revisions"}],"predecessor-version":[{"id":1295,"href":"https:\/\/www.5starshome.com\/blog\/es\/wp-json\/wp\/v2\/posts\/1228\/revisions\/1295"}],"wp:featuredmedia":[{"embeddable":true,"href":"https:\/\/www.5starshome.com\/blog\/es\/wp-json\/wp\/v2\/media\/1289"}],"wp:attachment":[{"href":"https:\/\/www.5starshome.com\/blog\/es\/wp-json\/wp\/v2\/media?parent=1228"}],"wp:term":[{"taxonomy":"category","embeddable":true,"href":"https:\/\/www.5starshome.com\/blog\/es\/wp-json\/wp\/v2\/categories?post=1228"},{"taxonomy":"post_tag","embeddable":true,"href":"https:\/\/www.5starshome.com\/blog\/es\/wp-json\/wp\/v2\/tags?post=1228"}],"curies":[{"name":"wp","href":"https:\/\/api.w.org\/{rel}","templated":true}]}}