{"id":340,"date":"2024-08-19T08:12:40","date_gmt":"2024-08-19T08:12:40","guid":{"rendered":"https:\/\/www.5starshome.com\/blog\/?p=340"},"modified":"2024-09-19T10:52:54","modified_gmt":"2024-09-19T10:52:54","slug":"que-ver-mallorca","status":"publish","type":"post","link":"https:\/\/www.5starshome.com\/blog\/es\/que-ver-mallorca\/","title":{"rendered":"Qu\u00e9 ver en Mallorca: los 4 lugares imprescindibles"},"content":{"rendered":"\t\t<div data-elementor-type=\"wp-post\" data-elementor-id=\"340\" class=\"elementor elementor-340\" data-elementor-post-type=\"post\">\n\t\t\t\t<div class=\"elementor-element elementor-element-7f5b66c8 e-flex e-con-boxed e-con e-parent\" data-id=\"7f5b66c8\" data-element_type=\"container\">\n\t\t\t\t\t<div class=\"e-con-inner\">\n\t\t\t\t<div class=\"elementor-element elementor-element-24457c2a elementor-widget elementor-widget-text-editor\" data-id=\"24457c2a\" data-element_type=\"widget\" data-widget_type=\"text-editor.default\">\n\t\t\t\t<div class=\"elementor-widget-container\">\n\t\t\t<style>\/*! elementor - v3.23.0 - 23-07-2024 *\/\n.elementor-widget-text-editor.elementor-drop-cap-view-stacked .elementor-drop-cap{background-color:#69727d;color:#fff}.elementor-widget-text-editor.elementor-drop-cap-view-framed .elementor-drop-cap{color:#69727d;border:3px solid;background-color:transparent}.elementor-widget-text-editor:not(.elementor-drop-cap-view-default) .elementor-drop-cap{margin-top:8px}.elementor-widget-text-editor:not(.elementor-drop-cap-view-default) .elementor-drop-cap-letter{width:1em;height:1em}.elementor-widget-text-editor .elementor-drop-cap{float:left;text-align:center;line-height:1;font-size:50px}.elementor-widget-text-editor .elementor-drop-cap-letter{display:inline-block}<\/style>\t\t\t\t<p style=\"font-weight: 400\">Mallorca es uno de los lugares m\u00e1s paradis\u00edacos y hermosos del Mediterr\u00e1neo, y es que tiene de todo: playas de ensue\u00f1o, monta\u00f1as y picos, pueblos encantadores y mucha historia que contar. <strong>Tanto si te van las aventuras como si buscas un lugar tranquilo en el que descansar y desconectar, Mallorca es para ti.<\/strong> Y para que te hagas una idea de todo lo que hay que ver en Mallorca, te traemos esta peque\u00f1a lista de 4 lugares que no te puedes perder para abrir boca.<\/p>\t\t\t\t\t\t<\/div>\n\t\t\t\t<\/div>\n\t\t\t\t\t<\/div>\n\t\t\t\t<\/div>\n\t\t<div class=\"elementor-element elementor-element-6ed61e17 e-flex e-con-boxed e-con e-parent\" data-id=\"6ed61e17\" data-element_type=\"container\">\n\t\t\t\t\t<div class=\"e-con-inner\">\n\t\t\t\t<div class=\"elementor-element elementor-element-3709bfc0 elementor-widget elementor-widget-table-of-contents\" data-id=\"3709bfc0\" data-element_type=\"widget\" data-settings=\"{&quot;headings_by_tags&quot;:[&quot;h2&quot;,&quot;h3&quot;],&quot;exclude_headings_by_selector&quot;:[],&quot;marker_view&quot;:&quot;bullets&quot;,&quot;icon&quot;:{&quot;value&quot;:&quot;&quot;,&quot;library&quot;:&quot;&quot;},&quot;hierarchical_view&quot;:&quot;yes&quot;,&quot;min_height&quot;:{&quot;unit&quot;:&quot;px&quot;,&quot;size&quot;:&quot;&quot;,&quot;sizes&quot;:[]},&quot;min_height_tablet&quot;:{&quot;unit&quot;:&quot;px&quot;,&quot;size&quot;:&quot;&quot;,&quot;sizes&quot;:[]},&quot;min_height_mobile&quot;:{&quot;unit&quot;:&quot;px&quot;,&quot;size&quot;:&quot;&quot;,&quot;sizes&quot;:[]}}\" data-widget_type=\"table-of-contents.default\">\n\t\t\t\t<div class=\"elementor-widget-container\">\n\t\t\t<style>\/*! elementor-pro - v3.23.0 - 23-07-2024 *\/\n.elementor-widget-table-of-contents .elementor-toc__header-title{color:var(--header-color)}.elementor-widget-table-of-contents.elementor-toc--collapsed .elementor-toc__toggle-button--collapse,.elementor-widget-table-of-contents:not(.elementor-toc--collapsed) .elementor-toc__toggle-button--expand{display:none}.elementor-widget-table-of-contents .elementor-widget-container{min-height:var(--box-min-height);border:var(--box-border-width,1px) solid var(--box-border-color,#9da5ae);border-radius:var(--box-border-radius,3px);background-color:var(--box-background-color);transition:min-height .4s;overflow:hidden}.elementor-toc__header{display:flex;align-items:center;justify-content:space-between;padding:var(--box-padding,20px);background-color:var(--header-background-color);border-bottom:var(--separator-width,1px) solid var(--box-border-color,#9da5ae)}.elementor-toc__header-title{font-size:18px;margin:0;color:var(--header-color);flex-grow:1}.elementor-toc__toggle-button{cursor:pointer;display:inline-flex}.elementor-toc__toggle-button i{color:var(--toggle-button-color)}.elementor-toc__toggle-button svg{height:1em;width:1em;fill:var(--toggle-button-color)}.elementor-toc__spinner-container{text-align:center}.elementor-toc__spinner{font-size:2em}.elementor-toc__spinner.e-font-icon-svg{height:1em;width:1em}.elementor-toc__body{padding:var(--box-padding,20px);max-height:var(--toc-body-max-height);overflow-y:auto}.elementor-toc__body::-webkit-scrollbar{width:7px}.elementor-toc__body::-webkit-scrollbar-thumb{background-color:#babfc5;border-radius:10px}.elementor-toc__list-wrapper{list-style:none;padding:0}.elementor-toc__list-item{margin-bottom:.5em}.elementor-toc__list-item.elementor-item-active{font-weight:700}.elementor-toc__list-item .elementor-toc__list-wrapper{margin-top:.5em;margin-inline-start:var(--nested-list-indent,1em)}.elementor-toc__list-item-text{transition-duration:var(--item-text-transition-duration)}.elementor-toc__list-item-text:hover{color:var(--item-text-hover-color);-webkit-text-decoration:var(--item-text-hover-decoration);text-decoration:var(--item-text-hover-decoration)}.elementor-toc__list-item-text.elementor-item-active{color:var(--item-text-active-color);-webkit-text-decoration:var(--item-text-active-decoration);text-decoration:var(--item-text-active-decoration)}.elementor-toc__list-item-text-wrapper{display:flex;align-items:center}.elementor-toc__list-item-text-wrapper:before,.elementor-toc__list-item-text-wrapper i{margin-inline-end:8px;color:var(--marker-color)}.elementor-toc__list-item-text-wrapper svg{margin-inline-end:8px;fill:var(--marker-color);height:var(--marker-size,.5em);width:var(--marker-size,.5em)}.elementor-toc__list-item-text-wrapper i{font-size:var(--marker-size,.5em)}.elementor-toc__list-item-text-wrapper:before{font-size:var(--marker-size,1em)}.elementor-toc--content-ellipsis .elementor-toc__list-item-text{white-space:nowrap;overflow:hidden;text-overflow:ellipsis}.elementor-toc__list-items--collapsible>.elementor-toc__list-wrapper>.elementor-toc__list-item>.elementor-toc__list-wrapper{display:none}.elementor-toc__heading-anchor{position:absolute}.elementor-toc__body .elementor-toc__list-item-text{color:var(--item-text-color);-webkit-text-decoration:var(--item-text-decoration);text-decoration:var(--item-text-decoration);transition-duration:var(--item-text-transition-duration)}.elementor-toc__body .elementor-toc__list-item-text:hover{color:var(--item-text-hover-color);-webkit-text-decoration:var(--item-text-hover-decoration);text-decoration:var(--item-text-hover-decoration)}.elementor-toc__body .elementor-toc__list-item-text.elementor-item-active{color:var(--item-text-active-color);-webkit-text-decoration:var(--item-text-active-decoration);text-decoration:var(--item-text-active-decoration)}ol.elementor-toc__list-wrapper{counter-reset:item}ol.elementor-toc__list-wrapper .elementor-toc__list-item{counter-increment:item}ol.elementor-toc__list-wrapper .elementor-toc__list-item-text-wrapper:before{content:counters(item,\".\") \". \"}<\/style>\t\t<div class=\"elementor-toc__header\">\n\t\t\t<div class=\"elementor-toc__header-title\">\n\t\t\t\t\u00cdndice\t\t\t<\/div>\n\t\t\t\t\t<\/div>\n\t\t<div id=\"elementor-toc__3709bfc0\" class=\"elementor-toc__body\">\n\t\t\t<div class=\"elementor-toc__spinner-container\">\n\t\t\t\t<svg class=\"elementor-toc__spinner eicon-animation-spin e-font-icon-svg e-eicon-loading\" aria-hidden=\"true\" viewBox=\"0 0 1000 1000\" xmlns=\"http:\/\/www.w3.org\/2000\/svg\"><path d=\"M500 975V858C696 858 858 696 858 500S696 142 500 142 142 304 142 500H25C25 237 238 25 500 25S975 237 975 500 763 975 500 975Z\"><\/path><\/svg>\t\t\t<\/div>\n\t\t<\/div>\n\t\t\t\t<\/div>\n\t\t\t\t<\/div>\n\t\t\t\t\t<\/div>\n\t\t\t\t<\/div>\n\t\t<div class=\"elementor-element elementor-element-3b4d55d e-flex e-con-boxed e-con e-parent\" data-id=\"3b4d55d\" data-element_type=\"container\">\n\t\t\t\t\t<div class=\"e-con-inner\">\n\t\t\t\t<div class=\"elementor-element elementor-element-630a04ff elementor-widget elementor-widget-heading\" data-id=\"630a04ff\" data-element_type=\"widget\" data-widget_type=\"heading.default\">\n\t\t\t\t<div class=\"elementor-widget-container\">\n\t\t\t<style>\/*! elementor - v3.23.0 - 23-07-2024 *\/\n.elementor-heading-title{padding:0;margin:0;line-height:1}.elementor-widget-heading .elementor-heading-title[class*=elementor-size-]>a{color:inherit;font-size:inherit;line-height:inherit}.elementor-widget-heading .elementor-heading-title.elementor-size-small{font-size:15px}.elementor-widget-heading .elementor-heading-title.elementor-size-medium{font-size:19px}.elementor-widget-heading .elementor-heading-title.elementor-size-large{font-size:29px}.elementor-widget-heading .elementor-heading-title.elementor-size-xl{font-size:39px}.elementor-widget-heading .elementor-heading-title.elementor-size-xxl{font-size:59px}<\/style><h2 class=\"elementor-heading-title elementor-size-default\">Qu\u00e9 ver en Mallorca cuando visites la isla<\/h2>\t\t<\/div>\n\t\t\t\t<\/div>\n\t\t\t\t<div class=\"elementor-element elementor-element-95d89bd elementor-widget elementor-widget-text-editor\" data-id=\"95d89bd\" data-element_type=\"widget\" data-widget_type=\"text-editor.default\">\n\t\t\t\t<div class=\"elementor-widget-container\">\n\t\t\t\t\t\t\t<p style=\"font-weight: 400;\">Mallorca tiene cientos de lugares que ver y que visitar, pero aqu\u00ed te presentamos los <strong>4 lugares y monumentos de Mallorca que no puedes perderte.<\/strong><\/p>\t\t\t\t\t\t<\/div>\n\t\t\t\t<\/div>\n\t\t\t\t\t<\/div>\n\t\t\t\t<\/div>\n\t\t<div class=\"elementor-element elementor-element-5ce2f6b5 e-flex e-con-boxed e-con e-parent\" data-id=\"5ce2f6b5\" data-element_type=\"container\">\n\t\t\t\t\t<div class=\"e-con-inner\">\n\t\t\t\t<div class=\"elementor-element elementor-element-7e8cfe5 elementor-widget elementor-widget-heading\" data-id=\"7e8cfe5\" data-element_type=\"widget\" data-widget_type=\"heading.default\">\n\t\t\t\t<div class=\"elementor-widget-container\">\n\t\t\t<h3 class=\"elementor-heading-title elementor-size-default\">La Catedral de Palma: La Seu<\/h3>\t\t<\/div>\n\t\t\t\t<\/div>\n\t\t\t\t<div class=\"elementor-element elementor-element-93280ac elementor-widget elementor-widget-image\" data-id=\"93280ac\" data-element_type=\"widget\" data-widget_type=\"image.default\">\n\t\t\t\t<div class=\"elementor-widget-container\">\n\t\t\t<style>\/*! elementor - v3.23.0 - 23-07-2024 *\/\n.elementor-widget-image{text-align:center}.elementor-widget-image a{display:inline-block}.elementor-widget-image a img[src$=\".svg\"]{width:48px}.elementor-widget-image img{vertical-align:middle;display:inline-block}<\/style>\t\t\t\t\t\t\t\t\t\t<img decoding=\"async\" width=\"1200\" height=\"600\" src=\"https:\/\/www.5starshome.com\/blog\/wp-content\/uploads\/2024\/08\/catedral-de-palma-mallorca.jpg\" class=\"attachment-full size-full wp-image-359\" alt=\"catedral de palma mallorca\" srcset=\"https:\/\/www.5starshome.com\/blog\/wp-content\/uploads\/2024\/08\/catedral-de-palma-mallorca.jpg 1200w, https:\/\/www.5starshome.com\/blog\/wp-content\/uploads\/2024\/08\/catedral-de-palma-mallorca-768x384.jpg 768w\" sizes=\"(max-width: 1200px) 100vw, 1200px\" \/>\t\t\t\t\t\t\t\t\t\t\t\t\t<\/div>\n\t\t\t\t<\/div>\n\t\t\t\t<div class=\"elementor-element elementor-element-f542cc elementor-widget elementor-widget-text-editor\" data-id=\"f542cc\" data-element_type=\"widget\" data-widget_type=\"text-editor.default\">\n\t\t\t\t<div class=\"elementor-widget-container\">\n\t\t\t\t\t\t\t<p style=\"font-weight: 400\">La Catedral de Palma, conocida como La Seu, es uno de los monumentos m\u00e1s queridos de Mallorca. Esta impresionante catedral g\u00f3tica est\u00e1 situada a orillas de la bah\u00eda de Palma, y antes de ser catedral fue una mezquita dedicada a Medina Mayurca, la derribaron en 1229 para ser dedicada a Santa Mar\u00eda.<\/p><p style=\"font-weight: 400\"><strong>Estamos seguros de que por fuera te va a parecer un edificio de \u00e9poca impresionante, con muchos ventanales y rosetones<\/strong> \u2014por eso tambi\u00e9n se le llama La Catedral de la Luz\u2014, <strong>pero su interior te va a impactar todav\u00eda m\u00e1s<\/strong>. En concreto, su altar mayor, dise\u00f1ado por Gaud\u00ed, y su hermosa capilla decorada por Miquel Barcel\u00f3. Da igual si buscas qu\u00e9 ver en Mallorca en 3 d\u00edas o en 10, La Seu es parada obligatoria.<\/p><p style=\"font-weight: 400\">Adem\u00e1s, el edificio tiene tres puertas de entrada que tienes que cruzar: el Portal del Mirador, el Portal Mayor, de estilo renacentista, y el Portal de l\u2019Almoina, en el que destaca una estatua de un \u00e1ngel con las alas desplegadas. Ah, y <strong>hay algo que tampoco puedes perderte si visitas La Seu: sus terrazas con vistas panor\u00e1micas a la ciudad y al mar.<\/strong><\/p>\t\t\t\t\t\t<\/div>\n\t\t\t\t<\/div>\n\t\t\t\t\t<\/div>\n\t\t\t\t<\/div>\n\t\t<div class=\"elementor-element elementor-element-63a309d e-flex e-con-boxed e-con e-parent\" data-id=\"63a309d\" data-element_type=\"container\">\n\t\t\t\t\t<div class=\"e-con-inner\">\n\t\t\t\t<div class=\"elementor-element elementor-element-026b62e elementor-widget elementor-widget-heading\" data-id=\"026b62e\" data-element_type=\"widget\" data-widget_type=\"heading.default\">\n\t\t\t\t<div class=\"elementor-widget-container\">\n\t\t\t<h2 class=\"elementor-heading-title elementor-size-default\">Cuevas del Drach: un impresionante mundo subterr\u00e1neo<\/h2>\t\t<\/div>\n\t\t\t\t<\/div>\n\t\t\t\t<div class=\"elementor-element elementor-element-33745b9 elementor-widget elementor-widget-image\" data-id=\"33745b9\" data-element_type=\"widget\" data-widget_type=\"image.default\">\n\t\t\t\t<div class=\"elementor-widget-container\">\n\t\t\t\t\t\t\t\t\t\t\t\t\t<img decoding=\"async\" width=\"800\" height=\"400\" src=\"https:\/\/www.5starshome.com\/blog\/wp-content\/uploads\/2024\/08\/cuevas-drac-cuevas-dragon-mallorca.jpg\" class=\"attachment-large size-large wp-image-363\" alt=\"cuevas-drac-cuevas-dragon-mallorca\" srcset=\"https:\/\/www.5starshome.com\/blog\/wp-content\/uploads\/2024\/08\/cuevas-drac-cuevas-dragon-mallorca.jpg 1200w, https:\/\/www.5starshome.com\/blog\/wp-content\/uploads\/2024\/08\/cuevas-drac-cuevas-dragon-mallorca-768x384.jpg 768w\" sizes=\"(max-width: 800px) 100vw, 800px\" \/>\t\t\t\t\t\t\t\t\t\t\t\t\t<\/div>\n\t\t\t\t<\/div>\n\t\t\t\t<div class=\"elementor-element elementor-element-8f7e7f5 elementor-widget elementor-widget-text-editor\" data-id=\"8f7e7f5\" data-element_type=\"widget\" data-widget_type=\"text-editor.default\">\n\t\t\t\t<div class=\"elementor-widget-container\">\n\t\t\t\t\t\t\t<p style=\"font-weight: 400\">Las Cuevas del Drach est\u00e1n en Porto Cristo y son una de esas maravillas naturales que te hacen viajar a Mallorca, sobre todo si eres aficionado a la espeleolog\u00eda. En las Islas Baleares hay infinidad de cuevas \u2014m\u00e1s de 200\u2014 pero pocas de ellas est\u00e1n abiertas al p\u00fablico y perfectamente adaptadas como estas.<\/p><p style=\"font-weight: 400\">Son cuatro: la Cueva Negra, la Cueva Blanca, la Cueva de Luis Salvador y la Cueva de los Franceses. <strong>En ellas podr\u00e1s ver muchas estalactitas y estalagmitas, pasear por sus t\u00faneles y tambi\u00e9n disfrutar de un peque\u00f1o concierto de m\u00fasica cl\u00e1sica <\/strong>\u2014\u00abBarcarole, Les Contes D&#8217;Hoffmann\u00bb compuesta por Jacques Offenbach\u2014 <strong>para, despu\u00e9s, subirte en una barca y cruzar uno de los lagos subterr\u00e1neos m\u00e1s grandes del mundo<\/strong>, el Lago Martel, que tiene 117 metros de largo, 30 metros de ancho y una profundidad de entre 5 y 12 metros \u2014dependiendo de la \u00e9poca del a\u00f1o\u2014. Adem\u00e1s, hay unas formaciones rocosas de color azul turquesa en el fondo del lago que probablemente no habr\u00e1s visto nunca, son extremadamente brillantes.<\/p><p style=\"font-weight: 400\">Ten en cuenta que en la cueva hay una concentraci\u00f3n de humedad muy alta. Lo ideal es que te lleves ropa de abrigo y un buen calzado. El recorrido est\u00e1 adaptado, pero no deja de ser resbaladizo. Con esto, ya est\u00e1s listo para disfrutar de las Cuevas del Drach, uno de esos lugares que hay que ver en Mallorca, de libro. Las entradas cuestan menos de 20\u20ac y puedes conseguirlas <a href=\"https:\/\/www.cuevasdeldrach.com\/venta-entradas.php\">aqu\u00ed<\/a>.<\/p>\t\t\t\t\t\t<\/div>\n\t\t\t\t<\/div>\n\t\t\t\t\t<\/div>\n\t\t\t\t<\/div>\n\t\t<div class=\"elementor-element elementor-element-94e3cfc e-flex e-con-boxed e-con e-parent\" data-id=\"94e3cfc\" data-element_type=\"container\">\n\t\t\t\t\t<div class=\"e-con-inner\">\n\t\t\t\t<div class=\"elementor-element elementor-element-d5581da elementor-widget elementor-widget-heading\" data-id=\"d5581da\" data-element_type=\"widget\" data-widget_type=\"heading.default\">\n\t\t\t\t<div class=\"elementor-widget-container\">\n\t\t\t<h2 class=\"elementor-heading-title elementor-size-default\">Valldemossa: un pueblo encantador<\/h2>\t\t<\/div>\n\t\t\t\t<\/div>\n\t\t\t\t<div class=\"elementor-element elementor-element-24d0dba elementor-widget elementor-widget-image\" data-id=\"24d0dba\" data-element_type=\"widget\" data-widget_type=\"image.default\">\n\t\t\t\t<div class=\"elementor-widget-container\">\n\t\t\t\t\t\t\t\t\t\t\t\t\t<img decoding=\"async\" width=\"800\" height=\"399\" src=\"https:\/\/www.5starshome.com\/blog\/wp-content\/uploads\/2024\/08\/Valldemossa-mallorca.jpg\" class=\"attachment-large size-large wp-image-367\" alt=\"Valldemossa-mallorca\" srcset=\"https:\/\/www.5starshome.com\/blog\/wp-content\/uploads\/2024\/08\/Valldemossa-mallorca.jpg 1254w, https:\/\/www.5starshome.com\/blog\/wp-content\/uploads\/2024\/08\/Valldemossa-mallorca-768x383.jpg 768w\" sizes=\"(max-width: 800px) 100vw, 800px\" \/>\t\t\t\t\t\t\t\t\t\t\t\t\t<\/div>\n\t\t\t\t<\/div>\n\t\t\t\t<div class=\"elementor-element elementor-element-08c8469 elementor-widget elementor-widget-text-editor\" data-id=\"08c8469\" data-element_type=\"widget\" data-widget_type=\"text-editor.default\">\n\t\t\t\t<div class=\"elementor-widget-container\">\n\t\t\t\t\t\t\t<p style=\"font-weight: 400\">Valldemossa es un pintoresco pueblo situado en la Sierra de Tramuntana \u2014Patrimonio de la Humanidad por la UNESCO\u2014, a apenas 25 kil\u00f3metros de Palma, y tambi\u00e9n es uno de esos lugares que hay que ver en Mallorca s\u00ed o s\u00ed. <strong>Tiene calles estrechas y adoquinadas, casas de piedra, contraventanas de colores y muchos jardines cuidados con mimo y dedicaci\u00f3n<\/strong>; vas a ver un mont\u00f3n de maceteros y plantas por todas partes.<\/p><p style=\"font-weight: 400\">Aunque este encantador pueblo es famoso por otra cosa, por <strong>la Cartuja de Valldemossa<\/strong>, un antiguo monasterio de la Orden de los Cartujos que despu\u00e9s pas\u00f3 a ser hotel. En \u00e9l se hospedaron personalidades como el compositor Fr\u00e9d\u00e9ric Chopin y la escritora George Sand, a quienes les han dedicado un museo: <strong>El Museo Fr\u00e9d\u00e9ric Chopin y George Sand<\/strong>, que tampoco tiene desperdicio.<\/p><p style=\"font-weight: 400\">Otras cosas que hay que ver en Mallorca si est\u00e1s en Valldemossa son el Palacio del Rey Sancho, el Mirador de Miranda dels Lledoners, la Iglesia g\u00f3tica de Sant Bartomeu, la Casa natal de Santa Catalina Tom\u00e1s o la Ermita de la Sant\u00edsima Trinidad.<\/p><p style=\"font-weight: 400\">Y despu\u00e9s de recorrer la ciudad, puedes tomar algo, <strong>comer o bien cenar en la v\u00eda principal de la ciudad, Blanquerna<\/strong>, donde se concentran casi todos los bares y restaurantes. O mejor a\u00fan, recorrer unos kil\u00f3metros y tomarte un descanso en su puerto con vistas al Mediterr\u00e1neo y <strong>darte un ba\u00f1o en Sa Marina de Valldemossa<\/strong>; una playa preciosa.<\/p>\t\t\t\t\t\t<\/div>\n\t\t\t\t<\/div>\n\t\t\t\t\t<\/div>\n\t\t\t\t<\/div>\n\t\t<div class=\"elementor-element elementor-element-5a7a62c e-flex e-con-boxed e-con e-parent\" data-id=\"5a7a62c\" data-element_type=\"container\">\n\t\t\t\t\t<div class=\"e-con-inner\">\n\t\t\t\t<div class=\"elementor-element elementor-element-6ffb573 elementor-widget elementor-widget-heading\" data-id=\"6ffb573\" data-element_type=\"widget\" data-widget_type=\"heading.default\">\n\t\t\t\t<div class=\"elementor-widget-container\">\n\t\t\t<h2 class=\"elementor-heading-title elementor-size-default\">Cabo Formentor: los paisajes y vistas m\u00e1s impresionantes al Mediterr\u00e1neo<\/h2>\t\t<\/div>\n\t\t\t\t<\/div>\n\t\t\t\t<div class=\"elementor-element elementor-element-4b98f0d elementor-widget elementor-widget-image\" data-id=\"4b98f0d\" data-element_type=\"widget\" data-widget_type=\"image.default\">\n\t\t\t\t<div class=\"elementor-widget-container\">\n\t\t\t\t\t\t\t\t\t\t\t\t\t<img decoding=\"async\" width=\"800\" height=\"399\" src=\"https:\/\/www.5starshome.com\/blog\/wp-content\/uploads\/2024\/08\/cabo-formentor-mallorca.jpg\" class=\"attachment-large size-large wp-image-373\" alt=\"cabo-formentor-mallorca\" srcset=\"https:\/\/www.5starshome.com\/blog\/wp-content\/uploads\/2024\/08\/cabo-formentor-mallorca.jpg 1254w, https:\/\/www.5starshome.com\/blog\/wp-content\/uploads\/2024\/08\/cabo-formentor-mallorca-768x383.jpg 768w\" sizes=\"(max-width: 800px) 100vw, 800px\" \/>\t\t\t\t\t\t\t\t\t\t\t\t\t<\/div>\n\t\t\t\t<\/div>\n\t\t\t\t<div class=\"elementor-element elementor-element-f0d3326 elementor-widget elementor-widget-text-editor\" data-id=\"f0d3326\" data-element_type=\"widget\" data-widget_type=\"text-editor.default\">\n\t\t\t\t<div class=\"elementor-widget-container\">\n\t\t\t\t\t\t\t<p style=\"font-weight: 400\">Todos los lugares que hay que ver en Mallorca tienen algo especial y diferente, y el Cabo de Formentor no pod\u00eda ser menos. <strong>Es uno de los parajes m\u00e1s espectaculares de la isla por sus impresionantes vistas al Mediterr\u00e1neo y tambi\u00e9n por poseer una de las <\/strong><a href=\"https:\/\/www.5starshome.com\/blog\/es\/mejores-playas-mallorca\/\"><strong>mejores playas de Mallorca<\/strong><\/a>. Comparte nombre con el cabo y es una verdadera belleza con aguas cristalinas, arena blanca y muchos pinos verdes rode\u00e1ndola. Adem\u00e1s, cerca tambi\u00e9n hay muchas calas que merecen la pena como Pi, Murta, Gossalba o B\u00f3quer.<\/p><p style=\"font-weight: 400\">Aunque el mejor punto para disfrutar de las vistas es el <strong>Faro de Formentor<\/strong>, ubicado en un acantilado al que en verano no se puede acceder en coche. Eso s\u00ed, desde la playa podr\u00e1s coger un autob\u00fas para llegar hasta all\u00ed y disfrutar de una de las mejores puestas de sol de Mallorca.<\/p>\t\t\t\t\t\t<\/div>\n\t\t\t\t<\/div>\n\t\t\t\t\t<\/div>\n\t\t\t\t<\/div>\n\t\t<div class=\"elementor-element elementor-element-f8592f3 e-flex e-con-boxed e-con e-parent\" data-id=\"f8592f3\" data-element_type=\"container\">\n\t\t\t\t\t<div class=\"e-con-inner\">\n\t\t\t\t<div class=\"elementor-element elementor-element-b5d1875 elementor-widget elementor-widget-heading\" data-id=\"b5d1875\" data-element_type=\"widget\" data-widget_type=\"heading.default\">\n\t\t\t\t<div class=\"elementor-widget-container\">\n\t\t\t<h2 class=\"elementor-heading-title elementor-size-default\">Ven a explorar Mallorca de arriba abajo<\/h2>\t\t<\/div>\n\t\t\t\t<\/div>\n\t\t\t\t<div class=\"elementor-element elementor-element-95c0c1d elementor-widget elementor-widget-text-editor\" data-id=\"95c0c1d\" data-element_type=\"widget\" data-widget_type=\"text-editor.default\">\n\t\t\t\t<div class=\"elementor-widget-container\">\n\t\t\t\t\t\t\t<p style=\"font-weight: 400\">Sabemos que no basta con leer este listado de los 4 mejores lugares que hay que ver en Mallorca para creernos, hay que vivirlos en primera persona. As\u00ed que no te quedes solo con las palabras; ven y descubre por ti mismo la magia de esta isla.<\/p><p style=\"font-weight: 400\">\u00bfY qu\u00e9 mejor manera de empezar tu aventura que asegur\u00e1ndote de tener un lugar perfecto para descansar despu\u00e9s de un largo d\u00eda, no? Puedes hacerlo desde nuestra web, <a href=\"https:\/\/www.5starshome.com\/es\/\">5 Stars Home<\/a>; hay cientos de alojamientos hechos a medida para ti y para tu plan de viaje.<\/p><p style=\"font-weight: 400\">\u00bfTe vienes?<\/p>\t\t\t\t\t\t<\/div>\n\t\t\t\t<\/div>\n\t\t\t\t\t<\/div>\n\t\t\t\t<\/div>\n\t\t<div class=\"elementor-element elementor-element-6187b5f5 e-flex e-con-boxed e-con e-parent\" data-id=\"6187b5f5\" data-element_type=\"container\">\n\t\t\t\t\t<div class=\"e-con-inner\">\n\t\t<div class=\"elementor-element elementor-element-507e3c34 e-con-full e-flex e-con e-child\" data-id=\"507e3c34\" data-element_type=\"container\">\n\t\t\t\t<div class=\"elementor-element elementor-element-64984123 elementor-align-center elementor-widget__width-initial elementor-widget elementor-widget-button\" data-id=\"64984123\" data-element_type=\"widget\" data-widget_type=\"button.default\">\n\t\t\t\t<div class=\"elementor-widget-container\">\n\t\t\t\t\t<div class=\"elementor-button-wrapper\">\n\t\t\t<a class=\"elementor-button elementor-button-link elementor-size-sm\" href=\"https:\/\/www.5starshome.com\/es\/alojamientos-en-mallorca\">\n\t\t\t\t\t\t<span class=\"elementor-button-content-wrapper\">\n\t\t\t\t\t\t\t\t\t<span class=\"elementor-button-text\">Alojamiento en Mallorca<\/span>\n\t\t\t\t\t<\/span>\n\t\t\t\t\t<\/a>\n\t\t<\/div>\n\t\t\t\t<\/div>\n\t\t\t\t<\/div>\n\t\t\t\t<\/div>\n\t\t<div class=\"elementor-element elementor-element-23ae7128 e-con-full e-flex e-con e-child\" data-id=\"23ae7128\" data-element_type=\"container\">\n\t\t\t\t<div class=\"elementor-element elementor-element-73d3ba1b elementor-align-center elementor-widget elementor-widget-button\" data-id=\"73d3ba1b\" data-element_type=\"widget\" data-widget_type=\"button.default\">\n\t\t\t\t<div class=\"elementor-widget-container\">\n\t\t\t\t\t<div class=\"elementor-button-wrapper\">\n\t\t\t<a class=\"elementor-button elementor-button-link elementor-size-sm\" href=\"https:\/\/www.5starshome.com\/es\/fincas-rusticas-en-mallorca\/\">\n\t\t\t\t\t\t<span class=\"elementor-button-content-wrapper\">\n\t\t\t\t\t\t\t\t\t<span class=\"elementor-button-text\">Fincas en Mallorca<\/span>\n\t\t\t\t\t<\/span>\n\t\t\t\t\t<\/a>\n\t\t<\/div>\n\t\t\t\t<\/div>\n\t\t\t\t<\/div>\n\t\t\t\t<\/div>\n\t\t<div class=\"elementor-element elementor-element-63f50613 e-con-full e-flex e-con e-child\" data-id=\"63f50613\" data-element_type=\"container\">\n\t\t\t\t<div class=\"elementor-element elementor-element-62eabc49 elementor-align-center elementor-widget elementor-widget-button\" data-id=\"62eabc49\" data-element_type=\"widget\" data-widget_type=\"button.default\">\n\t\t\t\t<div class=\"elementor-widget-container\">\n\t\t\t\t\t<div class=\"elementor-button-wrapper\">\n\t\t\t<a class=\"elementor-button elementor-button-link elementor-size-sm\" href=\"https:\/\/www.5starshome.com\/es\/villas-en-mallorca\/\">\n\t\t\t\t\t\t<span class=\"elementor-button-content-wrapper\">\n\t\t\t\t\t\t\t\t\t<span class=\"elementor-button-text\">Villas en Mallorca<\/span>\n\t\t\t\t\t<\/span>\n\t\t\t\t\t<\/a>\n\t\t<\/div>\n\t\t\t\t<\/div>\n\t\t\t\t<\/div>\n\t\t\t\t<\/div>\n\t\t<div class=\"elementor-element elementor-element-4c568d80 e-con-full e-flex e-con e-child\" data-id=\"4c568d80\" data-element_type=\"container\">\n\t\t\t\t<div class=\"elementor-element elementor-element-7de1678b elementor-align-center elementor-widget elementor-widget-button\" data-id=\"7de1678b\" data-element_type=\"widget\" data-widget_type=\"button.default\">\n\t\t\t\t<div class=\"elementor-widget-container\">\n\t\t\t\t\t<div class=\"elementor-button-wrapper\">\n\t\t\t<a class=\"elementor-button elementor-button-link elementor-size-sm\" href=\"https:\/\/www.5starshome.com\/es\/casas-de-alquiler-vacacional-en-mallorca\/\">\n\t\t\t\t\t\t<span class=\"elementor-button-content-wrapper\">\n\t\t\t\t\t\t\t\t\t<span class=\"elementor-button-text\">Casas en Mallorca<\/span>\n\t\t\t\t\t<\/span>\n\t\t\t\t\t<\/a>\n\t\t<\/div>\n\t\t\t\t<\/div>\n\t\t\t\t<\/div>\n\t\t\t\t<\/div>\n\t\t\t\t\t<\/div>\n\t\t\t\t<\/div>\n\t\t\t\t<\/div>\n\t\t","protected":false},"excerpt":{"rendered":"<p>Mallorca es uno de los lugares m\u00e1s paradis\u00edacos y hermosos del Mediterr\u00e1neo, y es que tiene de todo: playas de ensue\u00f1o, monta\u00f1as y picos, pueblos encantadores y mucha historia que contar. Tanto si te van las aventuras como si buscas un lugar tranquilo en el que descansar y desconectar, Mallorca es para ti. Y para [&hellip;]<\/p>\n","protected":false},"author":4,"featured_media":378,"comment_status":"open","ping_status":"open","sticky":false,"template":"","format":"standard","meta":{"footnotes":""},"categories":[64],"tags":[],"class_list":["post-340","post","type-post","status-publish","format-standard","has-post-thumbnail","hentry","category-mallorca-es"],"yoast_head":"<!-- This site is optimized with the Yoast SEO plugin v23.1 - https:\/\/yoast.com\/wordpress\/plugins\/seo\/ -->\n<title>Qu\u00e9 ver en Mallorca: los 4 lugares imprescindibles - Viaje a las Islas Baleares<\/title>\n<meta name=\"description\" content=\"Descubre los 4 lugares que hay que ver en Mallorca, desde la imponente Catedral de Palma hasta las m\u00e1gicas Cuevas del Drach.\" \/>\n<meta name=\"robots\" content=\"index, follow, max-snippet:-1, max-image-preview:large, max-video-preview:-1\" \/>\n<link rel=\"canonical\" href=\"https:\/\/www.5starshome.com\/blog\/es\/que-ver-mallorca\/\" \/>\n<meta property=\"og:locale\" content=\"es_ES\" \/>\n<meta property=\"og:type\" content=\"article\" \/>\n<meta property=\"og:title\" content=\"Qu\u00e9 ver en Mallorca: los 4 lugares imprescindibles - Viaje a las Islas Baleares\" \/>\n<meta property=\"og:description\" content=\"Descubre los 4 lugares que hay que ver en Mallorca, desde la imponente Catedral de Palma hasta las m\u00e1gicas Cuevas del Drach.\" \/>\n<meta property=\"og:url\" content=\"https:\/\/www.5starshome.com\/blog\/es\/que-ver-mallorca\/\" \/>\n<meta property=\"og:site_name\" content=\"Viaje a las Islas Baleares\" \/>\n<meta property=\"article:published_time\" content=\"2024-08-19T08:12:40+00:00\" \/>\n<meta property=\"article:modified_time\" content=\"2024-09-19T10:52:54+00:00\" \/>\n<meta property=\"og:image\" content=\"https:\/\/www.5starshome.com\/blog\/wp-content\/uploads\/2024\/08\/que-ver-en-mallorca.jpg\" \/>\n\t<meta property=\"og:image:width\" content=\"1920\" \/>\n\t<meta property=\"og:image:height\" content=\"639\" \/>\n\t<meta property=\"og:image:type\" content=\"image\/jpeg\" \/>\n<meta name=\"author\" content=\"Laura\" \/>\n<meta name=\"twitter:card\" content=\"summary_large_image\" \/>\n<meta name=\"twitter:label1\" content=\"Escrito por\" \/>\n\t<meta name=\"twitter:data1\" content=\"Laura\" \/>\n\t<meta name=\"twitter:label2\" content=\"Tiempo de lectura\" \/>\n\t<meta name=\"twitter:data2\" content=\"6 minutos\" \/>\n<script type=\"application\/ld+json\" class=\"yoast-schema-graph\">{\"@context\":\"https:\/\/schema.org\",\"@graph\":[{\"@type\":\"Article\",\"@id\":\"https:\/\/www.5starshome.com\/blog\/es\/que-ver-mallorca\/#article\",\"isPartOf\":{\"@id\":\"https:\/\/www.5starshome.com\/blog\/es\/que-ver-mallorca\/\"},\"author\":{\"name\":\"Laura\",\"@id\":\"https:\/\/www.5starshome.com\/blog\/es\/#\/schema\/person\/5194e40bccdc6e994889f3c3216b6bff\"},\"headline\":\"Qu\u00e9 ver en Mallorca: los 4 lugares imprescindibles\",\"datePublished\":\"2024-08-19T08:12:40+00:00\",\"dateModified\":\"2024-09-19T10:52:54+00:00\",\"mainEntityOfPage\":{\"@id\":\"https:\/\/www.5starshome.com\/blog\/es\/que-ver-mallorca\/\"},\"wordCount\":1132,\"commentCount\":0,\"publisher\":{\"@id\":\"https:\/\/www.5starshome.com\/blog\/es\/#organization\"},\"image\":{\"@id\":\"https:\/\/www.5starshome.com\/blog\/es\/que-ver-mallorca\/#primaryimage\"},\"thumbnailUrl\":\"https:\/\/www.5starshome.com\/blog\/wp-content\/uploads\/2024\/08\/que-ver-en-mallorca.jpg\",\"articleSection\":[\"Mallorca\"],\"inLanguage\":\"es\",\"potentialAction\":[{\"@type\":\"CommentAction\",\"name\":\"Comment\",\"target\":[\"https:\/\/www.5starshome.com\/blog\/es\/que-ver-mallorca\/#respond\"]}]},{\"@type\":\"WebPage\",\"@id\":\"https:\/\/www.5starshome.com\/blog\/es\/que-ver-mallorca\/\",\"url\":\"https:\/\/www.5starshome.com\/blog\/es\/que-ver-mallorca\/\",\"name\":\"Qu\u00e9 ver en Mallorca: los 4 lugares imprescindibles - Viaje a las Islas Baleares\",\"isPartOf\":{\"@id\":\"https:\/\/www.5starshome.com\/blog\/es\/#website\"},\"primaryImageOfPage\":{\"@id\":\"https:\/\/www.5starshome.com\/blog\/es\/que-ver-mallorca\/#primaryimage\"},\"image\":{\"@id\":\"https:\/\/www.5starshome.com\/blog\/es\/que-ver-mallorca\/#primaryimage\"},\"thumbnailUrl\":\"https:\/\/www.5starshome.com\/blog\/wp-content\/uploads\/2024\/08\/que-ver-en-mallorca.jpg\",\"datePublished\":\"2024-08-19T08:12:40+00:00\",\"dateModified\":\"2024-09-19T10:52:54+00:00\",\"description\":\"Descubre los 4 lugares que hay que ver en Mallorca, desde la imponente Catedral de Palma hasta las m\u00e1gicas Cuevas del Drach.\",\"breadcrumb\":{\"@id\":\"https:\/\/www.5starshome.com\/blog\/es\/que-ver-mallorca\/#breadcrumb\"},\"inLanguage\":\"es\",\"potentialAction\":[{\"@type\":\"ReadAction\",\"target\":[\"https:\/\/www.5starshome.com\/blog\/es\/que-ver-mallorca\/\"]}]},{\"@type\":\"ImageObject\",\"inLanguage\":\"es\",\"@id\":\"https:\/\/www.5starshome.com\/blog\/es\/que-ver-mallorca\/#primaryimage\",\"url\":\"https:\/\/www.5starshome.com\/blog\/wp-content\/uploads\/2024\/08\/que-ver-en-mallorca.jpg\",\"contentUrl\":\"https:\/\/www.5starshome.com\/blog\/wp-content\/uploads\/2024\/08\/que-ver-en-mallorca.jpg\",\"width\":1920,\"height\":639,\"caption\":\"que ver en mallorca\"},{\"@type\":\"BreadcrumbList\",\"@id\":\"https:\/\/www.5starshome.com\/blog\/es\/que-ver-mallorca\/#breadcrumb\",\"itemListElement\":[{\"@type\":\"ListItem\",\"position\":1,\"name\":\"Home\",\"item\":\"https:\/\/www.5starshome.com\/blog\/es\/\"},{\"@type\":\"ListItem\",\"position\":2,\"name\":\"Qu\u00e9 ver en Mallorca: los 4 lugares imprescindibles\"}]},{\"@type\":\"WebSite\",\"@id\":\"https:\/\/www.5starshome.com\/blog\/es\/#website\",\"url\":\"https:\/\/www.5starshome.com\/blog\/es\/\",\"name\":\"Viaje a las Islas Baleares\",\"description\":\"Holiday Rentals 5starshome\",\"publisher\":{\"@id\":\"https:\/\/www.5starshome.com\/blog\/es\/#organization\"},\"potentialAction\":[{\"@type\":\"SearchAction\",\"target\":{\"@type\":\"EntryPoint\",\"urlTemplate\":\"https:\/\/www.5starshome.com\/blog\/es\/?s={search_term_string}\"},\"query-input\":\"required name=search_term_string\"}],\"inLanguage\":\"es\"},{\"@type\":\"Organization\",\"@id\":\"https:\/\/www.5starshome.com\/blog\/es\/#organization\",\"name\":\"Viaje a las Islas Baleares\",\"url\":\"https:\/\/www.5starshome.com\/blog\/es\/\",\"logo\":{\"@type\":\"ImageObject\",\"inLanguage\":\"es\",\"@id\":\"https:\/\/www.5starshome.com\/blog\/es\/#\/schema\/logo\/image\/\",\"url\":\"https:\/\/www.5starshome.com\/blog\/wp-content\/uploads\/2024\/10\/logo-1.png\",\"contentUrl\":\"https:\/\/www.5starshome.com\/blog\/wp-content\/uploads\/2024\/10\/logo-1.png\",\"width\":200,\"height\":68,\"caption\":\"Viaje a las Islas Baleares\"},\"image\":{\"@id\":\"https:\/\/www.5starshome.com\/blog\/es\/#\/schema\/logo\/image\/\"}},{\"@type\":\"Person\",\"@id\":\"https:\/\/www.5starshome.com\/blog\/es\/#\/schema\/person\/5194e40bccdc6e994889f3c3216b6bff\",\"name\":\"Laura\",\"image\":{\"@type\":\"ImageObject\",\"inLanguage\":\"es\",\"@id\":\"https:\/\/www.5starshome.com\/blog\/es\/#\/schema\/person\/image\/\",\"url\":\"https:\/\/secure.gravatar.com\/avatar\/38b396224481eeb6edadb558d7e4a6d1ff1c8ba1e6abd3951e451527e107c96b?s=96&d=mm&r=g\",\"contentUrl\":\"https:\/\/secure.gravatar.com\/avatar\/38b396224481eeb6edadb558d7e4a6d1ff1c8ba1e6abd3951e451527e107c96b?s=96&d=mm&r=g\",\"caption\":\"Laura\"},\"url\":\"https:\/\/www.5starshome.com\/blog\/es\/author\/laura\/\"}]}<\/script>\n<!-- \/ Yoast SEO plugin. -->","yoast_head_json":{"title":"Qu\u00e9 ver en Mallorca: los 4 lugares imprescindibles - Viaje a las Islas Baleares","description":"Descubre los 4 lugares que hay que ver en Mallorca, desde la imponente Catedral de Palma hasta las m\u00e1gicas Cuevas del Drach.","robots":{"index":"index","follow":"follow","max-snippet":"max-snippet:-1","max-image-preview":"max-image-preview:large","max-video-preview":"max-video-preview:-1"},"canonical":"https:\/\/www.5starshome.com\/blog\/es\/que-ver-mallorca\/","og_locale":"es_ES","og_type":"article","og_title":"Qu\u00e9 ver en Mallorca: los 4 lugares imprescindibles - Viaje a las Islas Baleares","og_description":"Descubre los 4 lugares que hay que ver en Mallorca, desde la imponente Catedral de Palma hasta las m\u00e1gicas Cuevas del Drach.","og_url":"https:\/\/www.5starshome.com\/blog\/es\/que-ver-mallorca\/","og_site_name":"Viaje a las Islas Baleares","article_published_time":"2024-08-19T08:12:40+00:00","article_modified_time":"2024-09-19T10:52:54+00:00","og_image":[{"width":1920,"height":639,"url":"https:\/\/www.5starshome.com\/blog\/wp-content\/uploads\/2024\/08\/que-ver-en-mallorca.jpg","type":"image\/jpeg"}],"author":"Laura","twitter_card":"summary_large_image","twitter_misc":{"Escrito por":"Laura","Tiempo de lectura":"6 minutos"},"schema":{"@context":"https:\/\/schema.org","@graph":[{"@type":"Article","@id":"https:\/\/www.5starshome.com\/blog\/es\/que-ver-mallorca\/#article","isPartOf":{"@id":"https:\/\/www.5starshome.com\/blog\/es\/que-ver-mallorca\/"},"author":{"name":"Laura","@id":"https:\/\/www.5starshome.com\/blog\/es\/#\/schema\/person\/5194e40bccdc6e994889f3c3216b6bff"},"headline":"Qu\u00e9 ver en Mallorca: los 4 lugares imprescindibles","datePublished":"2024-08-19T08:12:40+00:00","dateModified":"2024-09-19T10:52:54+00:00","mainEntityOfPage":{"@id":"https:\/\/www.5starshome.com\/blog\/es\/que-ver-mallorca\/"},"wordCount":1132,"commentCount":0,"publisher":{"@id":"https:\/\/www.5starshome.com\/blog\/es\/#organization"},"image":{"@id":"https:\/\/www.5starshome.com\/blog\/es\/que-ver-mallorca\/#primaryimage"},"thumbnailUrl":"https:\/\/www.5starshome.com\/blog\/wp-content\/uploads\/2024\/08\/que-ver-en-mallorca.jpg","articleSection":["Mallorca"],"inLanguage":"es","potentialAction":[{"@type":"CommentAction","name":"Comment","target":["https:\/\/www.5starshome.com\/blog\/es\/que-ver-mallorca\/#respond"]}]},{"@type":"WebPage","@id":"https:\/\/www.5starshome.com\/blog\/es\/que-ver-mallorca\/","url":"https:\/\/www.5starshome.com\/blog\/es\/que-ver-mallorca\/","name":"Qu\u00e9 ver en Mallorca: los 4 lugares imprescindibles - Viaje a las Islas Baleares","isPartOf":{"@id":"https:\/\/www.5starshome.com\/blog\/es\/#website"},"primaryImageOfPage":{"@id":"https:\/\/www.5starshome.com\/blog\/es\/que-ver-mallorca\/#primaryimage"},"image":{"@id":"https:\/\/www.5starshome.com\/blog\/es\/que-ver-mallorca\/#primaryimage"},"thumbnailUrl":"https:\/\/www.5starshome.com\/blog\/wp-content\/uploads\/2024\/08\/que-ver-en-mallorca.jpg","datePublished":"2024-08-19T08:12:40+00:00","dateModified":"2024-09-19T10:52:54+00:00","description":"Descubre los 4 lugares que hay que ver en Mallorca, desde la imponente Catedral de Palma hasta las m\u00e1gicas Cuevas del Drach.","breadcrumb":{"@id":"https:\/\/www.5starshome.com\/blog\/es\/que-ver-mallorca\/#breadcrumb"},"inLanguage":"es","potentialAction":[{"@type":"ReadAction","target":["https:\/\/www.5starshome.com\/blog\/es\/que-ver-mallorca\/"]}]},{"@type":"ImageObject","inLanguage":"es","@id":"https:\/\/www.5starshome.com\/blog\/es\/que-ver-mallorca\/#primaryimage","url":"https:\/\/www.5starshome.com\/blog\/wp-content\/uploads\/2024\/08\/que-ver-en-mallorca.jpg","contentUrl":"https:\/\/www.5starshome.com\/blog\/wp-content\/uploads\/2024\/08\/que-ver-en-mallorca.jpg","width":1920,"height":639,"caption":"que ver en mallorca"},{"@type":"BreadcrumbList","@id":"https:\/\/www.5starshome.com\/blog\/es\/que-ver-mallorca\/#breadcrumb","itemListElement":[{"@type":"ListItem","position":1,"name":"Home","item":"https:\/\/www.5starshome.com\/blog\/es\/"},{"@type":"ListItem","position":2,"name":"Qu\u00e9 ver en Mallorca: los 4 lugares imprescindibles"}]},{"@type":"WebSite","@id":"https:\/\/www.5starshome.com\/blog\/es\/#website","url":"https:\/\/www.5starshome.com\/blog\/es\/","name":"Viaje a las Islas Baleares","description":"Holiday Rentals 5starshome","publisher":{"@id":"https:\/\/www.5starshome.com\/blog\/es\/#organization"},"potentialAction":[{"@type":"SearchAction","target":{"@type":"EntryPoint","urlTemplate":"https:\/\/www.5starshome.com\/blog\/es\/?s={search_term_string}"},"query-input":"required name=search_term_string"}],"inLanguage":"es"},{"@type":"Organization","@id":"https:\/\/www.5starshome.com\/blog\/es\/#organization","name":"Viaje a las Islas Baleares","url":"https:\/\/www.5starshome.com\/blog\/es\/","logo":{"@type":"ImageObject","inLanguage":"es","@id":"https:\/\/www.5starshome.com\/blog\/es\/#\/schema\/logo\/image\/","url":"https:\/\/www.5starshome.com\/blog\/wp-content\/uploads\/2024\/10\/logo-1.png","contentUrl":"https:\/\/www.5starshome.com\/blog\/wp-content\/uploads\/2024\/10\/logo-1.png","width":200,"height":68,"caption":"Viaje a las Islas Baleares"},"image":{"@id":"https:\/\/www.5starshome.com\/blog\/es\/#\/schema\/logo\/image\/"}},{"@type":"Person","@id":"https:\/\/www.5starshome.com\/blog\/es\/#\/schema\/person\/5194e40bccdc6e994889f3c3216b6bff","name":"Laura","image":{"@type":"ImageObject","inLanguage":"es","@id":"https:\/\/www.5starshome.com\/blog\/es\/#\/schema\/person\/image\/","url":"https:\/\/secure.gravatar.com\/avatar\/38b396224481eeb6edadb558d7e4a6d1ff1c8ba1e6abd3951e451527e107c96b?s=96&d=mm&r=g","contentUrl":"https:\/\/secure.gravatar.com\/avatar\/38b396224481eeb6edadb558d7e4a6d1ff1c8ba1e6abd3951e451527e107c96b?s=96&d=mm&r=g","caption":"Laura"},"url":"https:\/\/www.5starshome.com\/blog\/es\/author\/laura\/"}]}},"_links":{"self":[{"href":"https:\/\/www.5starshome.com\/blog\/es\/wp-json\/wp\/v2\/posts\/340","targetHints":{"allow":["GET"]}}],"collection":[{"href":"https:\/\/www.5starshome.com\/blog\/es\/wp-json\/wp\/v2\/posts"}],"about":[{"href":"https:\/\/www.5starshome.com\/blog\/es\/wp-json\/wp\/v2\/types\/post"}],"author":[{"embeddable":true,"href":"https:\/\/www.5starshome.com\/blog\/es\/wp-json\/wp\/v2\/users\/4"}],"replies":[{"embeddable":true,"href":"https:\/\/www.5starshome.com\/blog\/es\/wp-json\/wp\/v2\/comments?post=340"}],"version-history":[{"count":15,"href":"https:\/\/www.5starshome.com\/blog\/es\/wp-json\/wp\/v2\/posts\/340\/revisions"}],"predecessor-version":[{"id":744,"href":"https:\/\/www.5starshome.com\/blog\/es\/wp-json\/wp\/v2\/posts\/340\/revisions\/744"}],"wp:featuredmedia":[{"embeddable":true,"href":"https:\/\/www.5starshome.com\/blog\/es\/wp-json\/wp\/v2\/media\/378"}],"wp:attachment":[{"href":"https:\/\/www.5starshome.com\/blog\/es\/wp-json\/wp\/v2\/media?parent=340"}],"wp:term":[{"taxonomy":"category","embeddable":true,"href":"https:\/\/www.5starshome.com\/blog\/es\/wp-json\/wp\/v2\/categories?post=340"},{"taxonomy":"post_tag","embeddable":true,"href":"https:\/\/www.5starshome.com\/blog\/es\/wp-json\/wp\/v2\/tags?post=340"}],"curies":[{"name":"wp","href":"https:\/\/api.w.org\/{rel}","templated":true}]}}