{"id":1298,"date":"2024-10-14T09:25:19","date_gmt":"2024-10-14T09:25:19","guid":{"rendered":"https:\/\/www.5starshome.com\/blog\/?p=1298"},"modified":"2024-10-22T08:46:47","modified_gmt":"2024-10-22T08:46:47","slug":"palma-majorque","status":"publish","type":"post","link":"https:\/\/www.5starshome.com\/blog\/fr\/palma-majorque\/","title":{"rendered":"Que voir \u00e0 Palma de Majorque : une destination incontournable"},"content":{"rendered":"\t\t<div data-elementor-type=\"wp-post\" data-elementor-id=\"1298\" class=\"elementor elementor-1298 elementor-1228\" data-elementor-post-type=\"post\">\n\t\t\t\t<div class=\"elementor-element elementor-element-9767b63 e-flex e-con-boxed e-con e-parent\" data-id=\"9767b63\" data-element_type=\"container\">\n\t\t\t\t\t<div class=\"e-con-inner\">\n\t\t\t\t<div class=\"elementor-element elementor-element-5d14d2f2 elementor-widget elementor-widget-text-editor\" data-id=\"5d14d2f2\" data-element_type=\"widget\" data-widget_type=\"text-editor.default\">\n\t\t\t\t<div class=\"elementor-widget-container\">\n\t\t\t<style>\/*! elementor - v3.23.0 - 23-07-2024 *\/\n.elementor-widget-text-editor.elementor-drop-cap-view-stacked .elementor-drop-cap{background-color:#69727d;color:#fff}.elementor-widget-text-editor.elementor-drop-cap-view-framed .elementor-drop-cap{color:#69727d;border:3px solid;background-color:transparent}.elementor-widget-text-editor:not(.elementor-drop-cap-view-default) .elementor-drop-cap{margin-top:8px}.elementor-widget-text-editor:not(.elementor-drop-cap-view-default) .elementor-drop-cap-letter{width:1em;height:1em}.elementor-widget-text-editor .elementor-drop-cap{float:left;text-align:center;line-height:1;font-size:50px}.elementor-widget-text-editor .elementor-drop-cap-letter{display:inline-block}<\/style>\t\t\t\t<p>Envie de partir pour une destination de charme et de d\u00e9couverte au c\u0153ur de la M\u00e9diterran\u00e9e ? Alors prenez note, car Palma de Majorque pourrait \u00eatre la r\u00e9ponse \u00e0 vos questions. <strong>C&rsquo;est une ville qui a tout pour elle : des plages de r\u00eave, une belle vieille ville pleine de petites rues, de boutiques et d&rsquo;histoire, ainsi qu&rsquo;un port charmant avec des terrasses donnant sur la mer et une gastronomie v\u00e9ritablement tentatrice.<\/strong> Elle ne manque pas non plus de vie cosmopolite : Palma de Majorque regorge de boutiques de cr\u00e9ateurs, d&rsquo;art contemporain et d&rsquo;une grande offre culturelle tout au long de l&rsquo;ann\u00e9e.<\/p><p>Nous vous avons presque convaincu, et vous voulez savoir ce qu&rsquo;il faut voir \u00e0 Palma de Majorque ? Alors, jetez un coup d&rsquo;\u0153il \u00e0 cet article !<\/p>\t\t\t\t\t\t<\/div>\n\t\t\t\t<\/div>\n\t\t\t\t\t<\/div>\n\t\t\t\t<\/div>\n\t\t<div class=\"elementor-element elementor-element-6129615e e-flex e-con-boxed e-con e-parent\" data-id=\"6129615e\" data-element_type=\"container\">\n\t\t\t\t\t<div class=\"e-con-inner\">\n\t\t\t\t<div class=\"elementor-element elementor-element-6575c1d elementor-widget elementor-widget-table-of-contents\" data-id=\"6575c1d\" data-element_type=\"widget\" data-settings=\"{&quot;headings_by_tags&quot;:[&quot;h2&quot;,&quot;h3&quot;],&quot;exclude_headings_by_selector&quot;:[],&quot;marker_view&quot;:&quot;bullets&quot;,&quot;icon&quot;:{&quot;value&quot;:&quot;&quot;,&quot;library&quot;:&quot;&quot;},&quot;hierarchical_view&quot;:&quot;yes&quot;,&quot;min_height&quot;:{&quot;unit&quot;:&quot;px&quot;,&quot;size&quot;:&quot;&quot;,&quot;sizes&quot;:[]},&quot;min_height_tablet&quot;:{&quot;unit&quot;:&quot;px&quot;,&quot;size&quot;:&quot;&quot;,&quot;sizes&quot;:[]},&quot;min_height_mobile&quot;:{&quot;unit&quot;:&quot;px&quot;,&quot;size&quot;:&quot;&quot;,&quot;sizes&quot;:[]}}\" data-widget_type=\"table-of-contents.default\">\n\t\t\t\t<div class=\"elementor-widget-container\">\n\t\t\t<style>\/*! elementor-pro - v3.23.0 - 23-07-2024 *\/\n.elementor-widget-table-of-contents .elementor-toc__header-title{color:var(--header-color)}.elementor-widget-table-of-contents.elementor-toc--collapsed .elementor-toc__toggle-button--collapse,.elementor-widget-table-of-contents:not(.elementor-toc--collapsed) .elementor-toc__toggle-button--expand{display:none}.elementor-widget-table-of-contents .elementor-widget-container{min-height:var(--box-min-height);border:var(--box-border-width,1px) solid var(--box-border-color,#9da5ae);border-radius:var(--box-border-radius,3px);background-color:var(--box-background-color);transition:min-height .4s;overflow:hidden}.elementor-toc__header{display:flex;align-items:center;justify-content:space-between;padding:var(--box-padding,20px);background-color:var(--header-background-color);border-bottom:var(--separator-width,1px) solid var(--box-border-color,#9da5ae)}.elementor-toc__header-title{font-size:18px;margin:0;color:var(--header-color);flex-grow:1}.elementor-toc__toggle-button{cursor:pointer;display:inline-flex}.elementor-toc__toggle-button i{color:var(--toggle-button-color)}.elementor-toc__toggle-button svg{height:1em;width:1em;fill:var(--toggle-button-color)}.elementor-toc__spinner-container{text-align:center}.elementor-toc__spinner{font-size:2em}.elementor-toc__spinner.e-font-icon-svg{height:1em;width:1em}.elementor-toc__body{padding:var(--box-padding,20px);max-height:var(--toc-body-max-height);overflow-y:auto}.elementor-toc__body::-webkit-scrollbar{width:7px}.elementor-toc__body::-webkit-scrollbar-thumb{background-color:#babfc5;border-radius:10px}.elementor-toc__list-wrapper{list-style:none;padding:0}.elementor-toc__list-item{margin-bottom:.5em}.elementor-toc__list-item.elementor-item-active{font-weight:700}.elementor-toc__list-item .elementor-toc__list-wrapper{margin-top:.5em;margin-inline-start:var(--nested-list-indent,1em)}.elementor-toc__list-item-text{transition-duration:var(--item-text-transition-duration)}.elementor-toc__list-item-text:hover{color:var(--item-text-hover-color);-webkit-text-decoration:var(--item-text-hover-decoration);text-decoration:var(--item-text-hover-decoration)}.elementor-toc__list-item-text.elementor-item-active{color:var(--item-text-active-color);-webkit-text-decoration:var(--item-text-active-decoration);text-decoration:var(--item-text-active-decoration)}.elementor-toc__list-item-text-wrapper{display:flex;align-items:center}.elementor-toc__list-item-text-wrapper:before,.elementor-toc__list-item-text-wrapper i{margin-inline-end:8px;color:var(--marker-color)}.elementor-toc__list-item-text-wrapper svg{margin-inline-end:8px;fill:var(--marker-color);height:var(--marker-size,.5em);width:var(--marker-size,.5em)}.elementor-toc__list-item-text-wrapper i{font-size:var(--marker-size,.5em)}.elementor-toc__list-item-text-wrapper:before{font-size:var(--marker-size,1em)}.elementor-toc--content-ellipsis .elementor-toc__list-item-text{white-space:nowrap;overflow:hidden;text-overflow:ellipsis}.elementor-toc__list-items--collapsible>.elementor-toc__list-wrapper>.elementor-toc__list-item>.elementor-toc__list-wrapper{display:none}.elementor-toc__heading-anchor{position:absolute}.elementor-toc__body .elementor-toc__list-item-text{color:var(--item-text-color);-webkit-text-decoration:var(--item-text-decoration);text-decoration:var(--item-text-decoration);transition-duration:var(--item-text-transition-duration)}.elementor-toc__body .elementor-toc__list-item-text:hover{color:var(--item-text-hover-color);-webkit-text-decoration:var(--item-text-hover-decoration);text-decoration:var(--item-text-hover-decoration)}.elementor-toc__body .elementor-toc__list-item-text.elementor-item-active{color:var(--item-text-active-color);-webkit-text-decoration:var(--item-text-active-decoration);text-decoration:var(--item-text-active-decoration)}ol.elementor-toc__list-wrapper{counter-reset:item}ol.elementor-toc__list-wrapper .elementor-toc__list-item{counter-increment:item}ol.elementor-toc__list-wrapper .elementor-toc__list-item-text-wrapper:before{content:counters(item,\".\") \". \"}<\/style>\t\t<div class=\"elementor-toc__header\">\n\t\t\t<div class=\"elementor-toc__header-title\">\n\t\t\t\tSommaire\t\t\t<\/div>\n\t\t\t\t\t<\/div>\n\t\t<div id=\"elementor-toc__6575c1d\" class=\"elementor-toc__body\">\n\t\t\t<div class=\"elementor-toc__spinner-container\">\n\t\t\t\t<svg class=\"elementor-toc__spinner eicon-animation-spin e-font-icon-svg e-eicon-loading\" aria-hidden=\"true\" viewBox=\"0 0 1000 1000\" xmlns=\"http:\/\/www.w3.org\/2000\/svg\"><path d=\"M500 975V858C696 858 858 696 858 500S696 142 500 142 142 304 142 500H25C25 237 238 25 500 25S975 237 975 500 763 975 500 975Z\"><\/path><\/svg>\t\t\t<\/div>\n\t\t<\/div>\n\t\t\t\t<\/div>\n\t\t\t\t<\/div>\n\t\t\t\t\t<\/div>\n\t\t\t\t<\/div>\n\t\t<div class=\"elementor-element elementor-element-29983611 e-flex e-con-boxed e-con e-parent\" data-id=\"29983611\" data-element_type=\"container\">\n\t\t\t\t\t<div class=\"e-con-inner\">\n\t\t\t\t<div class=\"elementor-element elementor-element-7126792d elementor-widget elementor-widget-heading\" data-id=\"7126792d\" data-element_type=\"widget\" data-widget_type=\"heading.default\">\n\t\t\t\t<div class=\"elementor-widget-container\">\n\t\t\t<style>\/*! elementor - v3.23.0 - 23-07-2024 *\/\n.elementor-heading-title{padding:0;margin:0;line-height:1}.elementor-widget-heading .elementor-heading-title[class*=elementor-size-]>a{color:inherit;font-size:inherit;line-height:inherit}.elementor-widget-heading .elementor-heading-title.elementor-size-small{font-size:15px}.elementor-widget-heading .elementor-heading-title.elementor-size-medium{font-size:19px}.elementor-widget-heading .elementor-heading-title.elementor-size-large{font-size:29px}.elementor-widget-heading .elementor-heading-title.elementor-size-xl{font-size:39px}.elementor-widget-heading .elementor-heading-title.elementor-size-xxl{font-size:59px}<\/style><h2 class=\"elementor-heading-title elementor-size-default\">Que voir \u00e0 Palma de Majorque ?<\/h2>\t\t<\/div>\n\t\t\t\t<\/div>\n\t\t\t\t<div class=\"elementor-element elementor-element-7ffad5fc elementor-widget elementor-widget-text-editor\" data-id=\"7ffad5fc\" data-element_type=\"widget\" data-widget_type=\"text-editor.default\">\n\t\t\t\t<div class=\"elementor-widget-container\">\n\t\t\t\t\t\t\t<p>La premi\u00e8re question qui vient \u00e0 l&rsquo;esprit lorsque l&rsquo;on r\u00e9fl\u00e9chit \u00e0 la destination de ses vacances est de savoir ce qu&rsquo;il faut aller voir. Et lorsque vous envisagez de vous rendre dans la capitale des Bal\u00e9ares, ces doutes sont dissip\u00e9s, car il y a tellement de choses \u00e0 voir \u00e0 Palma de Majorque que vous n&rsquo;avez pas besoin de r\u00e9fl\u00e9chir longuement pour savoir si cela en vaut la peine ou non.<\/p><p>Et voici celles que vous ne pouvez pas manquer !<\/p>\t\t\t\t\t\t<\/div>\n\t\t\t\t<\/div>\n\t\t\t\t\t<\/div>\n\t\t\t\t<\/div>\n\t\t<div class=\"elementor-element elementor-element-6dabf91c e-flex e-con-boxed e-con e-parent\" data-id=\"6dabf91c\" data-element_type=\"container\">\n\t\t\t\t\t<div class=\"e-con-inner\">\n\t\t\t\t<div class=\"elementor-element elementor-element-3904fba1 elementor-widget elementor-widget-heading\" data-id=\"3904fba1\" data-element_type=\"widget\" data-widget_type=\"heading.default\">\n\t\t\t\t<div class=\"elementor-widget-container\">\n\t\t\t<h3 class=\"elementor-heading-title elementor-size-default\">La Cath\u00e9drale de Majorque<\/h3>\t\t<\/div>\n\t\t\t\t<\/div>\n\t\t\t\t\t<\/div>\n\t\t\t\t<\/div>\n\t\t<div class=\"elementor-element elementor-element-2bb573b e-flex e-con-boxed e-con e-parent\" data-id=\"2bb573b\" data-element_type=\"container\">\n\t\t\t\t\t<div class=\"e-con-inner\">\n\t\t<div class=\"elementor-element elementor-element-499dac7 e-con-full e-flex e-con e-child\" data-id=\"499dac7\" data-element_type=\"container\">\n\t\t\t\t<div class=\"elementor-element elementor-element-1c3a2893 elementor-widget elementor-widget-text-editor\" data-id=\"1c3a2893\" data-element_type=\"widget\" data-widget_type=\"text-editor.default\">\n\t\t\t\t<div class=\"elementor-widget-container\">\n\t\t\t\t\t\t\t<p>La cath\u00e9drale de Majorque, \u00e9galement connue sous le nom de La Seu, est le <strong>symbole indiscutable de la ville<\/strong>. Elle est situ\u00e9e face \u00e0 la mer, au c\u0153ur de la baie de Palma, et a \u00e9t\u00e9 construite sur le site d&rsquo;une ancienne mosqu\u00e9e arabe. <strong>Sa construction a commenc\u00e9 au XIIIe si\u00e8cle, mais la cath\u00e9drale a \u00e9t\u00e9 modifi\u00e9e au fil des si\u00e8cles, incorporant des \u00e9l\u00e9ments de la Renaissance, du baroque et du gothique.<\/strong><\/p><p>\u00c0 l&rsquo;int\u00e9rieur, ne manquez pas la Capilla del Sant\u00edsimo, une \u0153uvre moderniste d&rsquo;Antoni Gaud\u00ed, ainsi que la chapelle du Corpus Christi, avec sa peinture murale particuli\u00e8re en c\u00e9ramique, \u0153uvre de l&rsquo;artiste Miquel Barcel\u00f3.<\/p><p>Et bien s\u00fbr, vous ne pouvez pas quitter l&rsquo;endroit sans monter sur la terrasse de la cath\u00e9drale, d&rsquo;o\u00f9 vous aurez les meilleures vues panoramiques sur la ville, le port et la M\u00e9diterran\u00e9e.<\/p>\t\t\t\t\t\t<\/div>\n\t\t\t\t<\/div>\n\t\t\t\t<\/div>\n\t\t<div class=\"elementor-element elementor-element-9c70cbf e-con-full e-flex e-con e-child\" data-id=\"9c70cbf\" data-element_type=\"container\">\n\t\t\t\t<div class=\"elementor-element elementor-element-0152ed7 elementor-widget elementor-widget-image\" data-id=\"0152ed7\" data-element_type=\"widget\" data-widget_type=\"image.default\">\n\t\t\t\t<div class=\"elementor-widget-container\">\n\t\t\t<style>\/*! elementor - v3.23.0 - 23-07-2024 *\/\n.elementor-widget-image{text-align:center}.elementor-widget-image a{display:inline-block}.elementor-widget-image a img[src$=\".svg\"]{width:48px}.elementor-widget-image img{vertical-align:middle;display:inline-block}<\/style>\t\t\t\t\t\t\t\t\t\t<img decoding=\"async\" width=\"762\" height=\"459\" src=\"https:\/\/www.5starshome.com\/blog\/wp-content\/uploads\/2024\/10\/catedral-de-mallorca-palma.jpg\" class=\"attachment-large size-large wp-image-1266\" alt=\"catedral-de-mallorca-palma\" srcset=\"https:\/\/www.5starshome.com\/blog\/wp-content\/uploads\/2024\/10\/catedral-de-mallorca-palma.jpg 762w, https:\/\/www.5starshome.com\/blog\/wp-content\/uploads\/2024\/10\/catedral-de-mallorca-palma-300x181.jpg 300w\" sizes=\"(max-width: 762px) 100vw, 762px\" \/>\t\t\t\t\t\t\t\t\t\t\t\t\t<\/div>\n\t\t\t\t<\/div>\n\t\t\t\t<\/div>\n\t\t\t\t\t<\/div>\n\t\t\t\t<\/div>\n\t\t<div class=\"elementor-element elementor-element-60f43b3 e-flex e-con-boxed e-con e-parent\" data-id=\"60f43b3\" data-element_type=\"container\">\n\t\t\t\t\t<div class=\"e-con-inner\">\n\t\t\t\t<div class=\"elementor-element elementor-element-9c99f9d elementor-widget elementor-widget-heading\" data-id=\"9c99f9d\" data-element_type=\"widget\" data-widget_type=\"heading.default\">\n\t\t\t\t<div class=\"elementor-widget-container\">\n\t\t\t<h3 class=\"elementor-heading-title elementor-size-default\">Le Palais Royal de l'Almudaina<\/h3>\t\t<\/div>\n\t\t\t\t<\/div>\n\t\t\t\t\t<\/div>\n\t\t\t\t<\/div>\n\t\t<div class=\"elementor-element elementor-element-207e65d e-flex e-con-boxed e-con e-parent\" data-id=\"207e65d\" data-element_type=\"container\">\n\t\t\t\t\t<div class=\"e-con-inner\">\n\t\t<div class=\"elementor-element elementor-element-d8a8789 e-con-full e-flex e-con e-child\" data-id=\"d8a8789\" data-element_type=\"container\">\n\t\t\t\t<div class=\"elementor-element elementor-element-e71e3ec elementor-widget elementor-widget-text-editor\" data-id=\"e71e3ec\" data-element_type=\"widget\" data-widget_type=\"text-editor.default\">\n\t\t\t\t<div class=\"elementor-widget-container\">\n\t\t\t\t\t\t\t<p>Juste \u00e0 c\u00f4t\u00e9 de la cath\u00e9drale se trouve le palais royal de l&rsquo;Almudaina, <strong>un lieu qui allie parfaitement histoire, \u00e9l\u00e9gance et des vues sur la mer tout aussi spectaculaires que celles de la cath\u00e9drale<\/strong>.<\/p><p>Il sert de r\u00e9sidence officielle \u00e0 la famille royale, bien qu&rsquo;il ait \u00e9t\u00e9 autrefois une forteresse mauresque, ce qui explique que son architecture m\u00eale des aspects islamiques et gothiques. <strong>Et qu&rsquo;allez-vous y trouver ? Beaucoup de tapisseries, de d\u00e9corations et de meubles charg\u00e9s de si\u00e8cles et de si\u00e8cles d&rsquo;histoire.<\/strong> De plus, vous pouvez vous promener dans ses jardins, qui regorgent de fontaines, de plantes, d&rsquo;arbres et, attention, de panoramas sur le port de Palma. Un endroit id\u00e9al pour admirer le coucher du soleil, vous ne trouvez pas ?<\/p>\t\t\t\t\t\t<\/div>\n\t\t\t\t<\/div>\n\t\t\t\t<\/div>\n\t\t<div class=\"elementor-element elementor-element-00784df e-con-full e-flex e-con e-child\" data-id=\"00784df\" data-element_type=\"container\">\n\t\t\t\t<div class=\"elementor-element elementor-element-7a3898f elementor-widget elementor-widget-image\" data-id=\"7a3898f\" data-element_type=\"widget\" data-widget_type=\"image.default\">\n\t\t\t\t<div class=\"elementor-widget-container\">\n\t\t\t\t\t\t\t\t\t\t\t\t\t<img decoding=\"async\" width=\"724\" height=\"482\" src=\"https:\/\/www.5starshome.com\/blog\/wp-content\/uploads\/2024\/10\/palacio-dreal-de-la-almudaina-Palma-de-mallorca.jpg\" class=\"attachment-large size-large wp-image-1270\" alt=\"palacio-dreal-de-la-almudaina-Palma-de-mallorca\" srcset=\"https:\/\/www.5starshome.com\/blog\/wp-content\/uploads\/2024\/10\/palacio-dreal-de-la-almudaina-Palma-de-mallorca.jpg 724w, https:\/\/www.5starshome.com\/blog\/wp-content\/uploads\/2024\/10\/palacio-dreal-de-la-almudaina-Palma-de-mallorca-300x200.jpg 300w\" sizes=\"(max-width: 724px) 100vw, 724px\" \/>\t\t\t\t\t\t\t\t\t\t\t\t\t<\/div>\n\t\t\t\t<\/div>\n\t\t\t\t<\/div>\n\t\t\t\t\t<\/div>\n\t\t\t\t<\/div>\n\t\t<div class=\"elementor-element elementor-element-ad8de55 e-flex e-con-boxed e-con e-parent\" data-id=\"ad8de55\" data-element_type=\"container\">\n\t\t\t\t\t<div class=\"e-con-inner\">\n\t\t\t\t<div class=\"elementor-element elementor-element-23032cc elementor-widget elementor-widget-heading\" data-id=\"23032cc\" data-element_type=\"widget\" data-widget_type=\"heading.default\">\n\t\t\t\t<div class=\"elementor-widget-container\">\n\t\t\t<h3 class=\"elementor-heading-title elementor-size-default\">La vieille ville de Palma de Majorque et le quartier juif<\/h3>\t\t<\/div>\n\t\t\t\t<\/div>\n\t\t\t\t\t<\/div>\n\t\t\t\t<\/div>\n\t\t<div class=\"elementor-element elementor-element-16aefe4 e-flex e-con-boxed e-con e-parent\" data-id=\"16aefe4\" data-element_type=\"container\">\n\t\t\t\t\t<div class=\"e-con-inner\">\n\t\t<div class=\"elementor-element elementor-element-ee03429 e-con-full e-flex e-con e-child\" data-id=\"ee03429\" data-element_type=\"container\">\n\t\t\t\t<div class=\"elementor-element elementor-element-cb59b4c elementor-widget elementor-widget-text-editor\" data-id=\"cb59b4c\" data-element_type=\"widget\" data-widget_type=\"text-editor.default\">\n\t\t\t\t<div class=\"elementor-widget-container\">\n\t\t\t\t\t\t\t<p>Le vieux quartier de Palma est un labyrinthe de rues \u00e9troites, de cours cach\u00e9es et de coins pittoresques. Le quartier juif -Call Jueu- est l&rsquo;un des endroits les plus fascinants \u00e0 voir \u00e0 Palma de Majorque, dans son vieux quartier.<\/p><p>Ses rues, ses fa\u00e7ades et ses ornements portent encore les traces de la communaut\u00e9 juive qui y vivait au Moyen \u00c2ge. <strong>Les lieux \u00e0 visiter absolument sont la Plaza de Santa Eulalia, l&rsquo;une des plus anciennes places de la ville, et la Basilique de Sant Francesc. Et bien s\u00fbr, il est imp\u00e9ratif d\u2019entrer dans une maison seigneuriale et profiter de ses patios typiquement majorquins,<\/strong> dont beaucoup sont ouverts au public !<\/p>\t\t\t\t\t\t<\/div>\n\t\t\t\t<\/div>\n\t\t\t\t<\/div>\n\t\t<div class=\"elementor-element elementor-element-80296af e-con-full e-flex e-con e-child\" data-id=\"80296af\" data-element_type=\"container\">\n\t\t\t\t<div class=\"elementor-element elementor-element-3c5beb0 elementor-widget elementor-widget-image\" data-id=\"3c5beb0\" data-element_type=\"widget\" data-widget_type=\"image.default\">\n\t\t\t\t<div class=\"elementor-widget-container\">\n\t\t\t\t\t\t\t\t\t\t\t\t\t<img decoding=\"async\" width=\"792\" height=\"441\" src=\"https:\/\/www.5starshome.com\/blog\/wp-content\/uploads\/2024\/10\/casco-antiguo-Palma-de-mallorca.jpg\" class=\"attachment-large size-large wp-image-1274\" alt=\"casco-antiguo-Palma-de-mallorca\" srcset=\"https:\/\/www.5starshome.com\/blog\/wp-content\/uploads\/2024\/10\/casco-antiguo-Palma-de-mallorca.jpg 792w, https:\/\/www.5starshome.com\/blog\/wp-content\/uploads\/2024\/10\/casco-antiguo-Palma-de-mallorca-300x167.jpg 300w, https:\/\/www.5starshome.com\/blog\/wp-content\/uploads\/2024\/10\/casco-antiguo-Palma-de-mallorca-768x428.jpg 768w\" sizes=\"(max-width: 792px) 100vw, 792px\" \/>\t\t\t\t\t\t\t\t\t\t\t\t\t<\/div>\n\t\t\t\t<\/div>\n\t\t\t\t<\/div>\n\t\t\t\t\t<\/div>\n\t\t\t\t<\/div>\n\t\t<div class=\"elementor-element elementor-element-278eb79 e-flex e-con-boxed e-con e-parent\" data-id=\"278eb79\" data-element_type=\"container\">\n\t\t\t\t\t<div class=\"e-con-inner\">\n\t\t\t\t<div class=\"elementor-element elementor-element-897eca3 elementor-widget elementor-widget-heading\" data-id=\"897eca3\" data-element_type=\"widget\" data-widget_type=\"heading.default\">\n\t\t\t\t<div class=\"elementor-widget-container\">\n\t\t\t<h3 class=\"elementor-heading-title elementor-size-default\">La Lonja de Palma <\/h3>\t\t<\/div>\n\t\t\t\t<\/div>\n\t\t\t\t\t<\/div>\n\t\t\t\t<\/div>\n\t\t<div class=\"elementor-element elementor-element-a8adef5 e-flex e-con-boxed e-con e-parent\" data-id=\"a8adef5\" data-element_type=\"container\">\n\t\t\t\t\t<div class=\"e-con-inner\">\n\t\t<div class=\"elementor-element elementor-element-fd5add6 e-con-full e-flex e-con e-child\" data-id=\"fd5add6\" data-element_type=\"container\">\n\t\t\t\t<div class=\"elementor-element elementor-element-d49f958 elementor-widget elementor-widget-text-editor\" data-id=\"d49f958\" data-element_type=\"widget\" data-widget_type=\"text-editor.default\">\n\t\t\t\t<div class=\"elementor-widget-container\">\n\t\t\t\t\t\t\t<p>La Lonja de Palma ou Sa Llotja a \u00e9t\u00e9 construite au XVe si\u00e8cle et constitue l&rsquo;un des meilleurs exemples d&rsquo;architecture gothique civile de Majorque. <strong>Il s&rsquo;agit d&rsquo;un grand b\u00e2timent, tr\u00e8s sym\u00e9trique, qui fascine par la forme de ses colonnes et ses couleurs chaudes. <\/strong>Il servait de halle aux marchandises et \u00e9tait le lieu de rencontre des marchands pour \u00e9changer et n\u00e9gocier. Aujourd&rsquo;hui, c&rsquo;est un espace culturel qui accueille des expositions temporaires et une multitude d&rsquo;\u00e9v\u00e9nements.<\/p>\t\t\t\t\t\t<\/div>\n\t\t\t\t<\/div>\n\t\t\t\t<\/div>\n\t\t<div class=\"elementor-element elementor-element-02945ea e-con-full e-flex e-con e-child\" data-id=\"02945ea\" data-element_type=\"container\">\n\t\t\t\t<div class=\"elementor-element elementor-element-5ff15d4 elementor-widget elementor-widget-image\" data-id=\"5ff15d4\" data-element_type=\"widget\" data-widget_type=\"image.default\">\n\t\t\t\t<div class=\"elementor-widget-container\">\n\t\t\t\t\t\t\t\t\t\t\t\t\t<img decoding=\"async\" width=\"724\" height=\"483\" src=\"https:\/\/www.5starshome.com\/blog\/wp-content\/uploads\/2024\/10\/lonja-Palma-de-mallorca.jpg\" class=\"attachment-large size-large wp-image-1278\" alt=\"lonja-Palma-de-mallorca\" srcset=\"https:\/\/www.5starshome.com\/blog\/wp-content\/uploads\/2024\/10\/lonja-Palma-de-mallorca.jpg 724w, https:\/\/www.5starshome.com\/blog\/wp-content\/uploads\/2024\/10\/lonja-Palma-de-mallorca-300x200.jpg 300w\" sizes=\"(max-width: 724px) 100vw, 724px\" \/>\t\t\t\t\t\t\t\t\t\t\t\t\t<\/div>\n\t\t\t\t<\/div>\n\t\t\t\t<\/div>\n\t\t\t\t\t<\/div>\n\t\t\t\t<\/div>\n\t\t<div class=\"elementor-element elementor-element-940690d e-flex e-con-boxed e-con e-parent\" data-id=\"940690d\" data-element_type=\"container\">\n\t\t\t\t\t<div class=\"e-con-inner\">\n\t\t\t\t<div class=\"elementor-element elementor-element-ccdb80e elementor-widget elementor-widget-heading\" data-id=\"ccdb80e\" data-element_type=\"widget\" data-widget_type=\"heading.default\">\n\t\t\t\t<div class=\"elementor-widget-container\">\n\t\t\t<h3 class=\"elementor-heading-title elementor-size-default\">Le Ch\u00e2teau de Bellver<\/h3>\t\t<\/div>\n\t\t\t\t<\/div>\n\t\t\t\t\t<\/div>\n\t\t\t\t<\/div>\n\t\t<div class=\"elementor-element elementor-element-d8a023f e-flex e-con-boxed e-con e-parent\" data-id=\"d8a023f\" data-element_type=\"container\">\n\t\t\t\t\t<div class=\"e-con-inner\">\n\t\t<div class=\"elementor-element elementor-element-9d7ea57 e-con-full e-flex e-con e-child\" data-id=\"9d7ea57\" data-element_type=\"container\">\n\t\t\t\t<div class=\"elementor-element elementor-element-a46e572 elementor-widget elementor-widget-text-editor\" data-id=\"a46e572\" data-element_type=\"widget\" data-widget_type=\"text-editor.default\">\n\t\t\t\t<div class=\"elementor-widget-container\">\n\t\t\t\t\t\t\t<p>Le ch\u00e2teau de Bellver est l&rsquo;une des curiosit\u00e9s de Palma de Majorque qui se trouvent \u00e0 la p\u00e9riph\u00e9rie de la ville, mais qui vaut \u00e9galement la peine d&rsquo;\u00eatre visit\u00e9e ; <strong>c&rsquo;est l&rsquo;un des rares ch\u00e2teaux circulaires qui existent en Europe.<\/strong><\/p><p>Construit au XIVe si\u00e8cle pour servir de r\u00e9sidence royale et de prison, il abrite depuis 1931 le mus\u00e9e d&rsquo;histoire de la ville. <strong>Son nom en catalan signifie \u00ab belle vue \u00bb, car de ses murs, on peut voir la ville, la baie et la cha\u00eene de montagnes de la Tramuntana en un seul point de vue panoramique.<\/strong><\/p>\t\t\t\t\t\t<\/div>\n\t\t\t\t<\/div>\n\t\t\t\t<\/div>\n\t\t<div class=\"elementor-element elementor-element-f819c77 e-con-full e-flex e-con e-child\" data-id=\"f819c77\" data-element_type=\"container\">\n\t\t\t\t<div class=\"elementor-element elementor-element-b09635a elementor-widget elementor-widget-image\" data-id=\"b09635a\" data-element_type=\"widget\" data-widget_type=\"image.default\">\n\t\t\t\t<div class=\"elementor-widget-container\">\n\t\t\t\t\t\t\t\t\t\t\t\t\t<img decoding=\"async\" width=\"724\" height=\"483\" src=\"https:\/\/www.5starshome.com\/blog\/wp-content\/uploads\/2024\/10\/castillo-de-bellver-Palma-de-mallorca.jpg\" class=\"attachment-large size-large wp-image-1282\" alt=\"castillo-de-bellver-Palma-de-mallorca\" srcset=\"https:\/\/www.5starshome.com\/blog\/wp-content\/uploads\/2024\/10\/castillo-de-bellver-Palma-de-mallorca.jpg 724w, https:\/\/www.5starshome.com\/blog\/wp-content\/uploads\/2024\/10\/castillo-de-bellver-Palma-de-mallorca-300x200.jpg 300w\" sizes=\"(max-width: 724px) 100vw, 724px\" \/>\t\t\t\t\t\t\t\t\t\t\t\t\t<\/div>\n\t\t\t\t<\/div>\n\t\t\t\t<\/div>\n\t\t\t\t\t<\/div>\n\t\t\t\t<\/div>\n\t\t<div class=\"elementor-element elementor-element-701e151 e-flex e-con-boxed e-con e-parent\" data-id=\"701e151\" data-element_type=\"container\">\n\t\t\t\t\t<div class=\"e-con-inner\">\n\t\t\t\t<div class=\"elementor-element elementor-element-8c07af2 elementor-widget elementor-widget-heading\" data-id=\"8c07af2\" data-element_type=\"widget\" data-widget_type=\"heading.default\">\n\t\t\t\t<div class=\"elementor-widget-container\">\n\t\t\t<h2 class=\"elementor-heading-title elementor-size-default\">Itin\u00e9raire pour visiter Palma de Majorque en une journ\u00e9e<\/h2>\t\t<\/div>\n\t\t\t\t<\/div>\n\t\t\t\t<div class=\"elementor-element elementor-element-980e7b6 elementor-widget elementor-widget-text-editor\" data-id=\"980e7b6\" data-element_type=\"widget\" data-widget_type=\"text-editor.default\">\n\t\t\t\t<div class=\"elementor-widget-container\">\n\t\t\t\t\t\t\t<p>Vous vous rendez \u00e0 Majorque et n&rsquo;avez qu&rsquo;une journ\u00e9e pour d\u00e9couvrir la capitale ? Ne vous inqui\u00e9tez pas, nous avons un itin\u00e9raire des choses \u00e0 voir \u00e0 Palma de Majorque en une journ\u00e9e qui est parfait pour conna\u00eetre la ville en profondeur sans sacrifier son charme.<\/p><p>Vous pouvez commencer la journ\u00e9e sur le <strong>Paseo Mar\u00edtimo ou dans le quartier de Santa Catalina<\/strong>, connu pour son ambiance boh\u00e8me, et savourer un petit-d\u00e9jeuner typiquement majorquin : une ensaimada fra\u00eechement pr\u00e9par\u00e9e ou un <em>pa amb oli<\/em> &#8211; du pain \u00e0 la tomate et \u00e0 l&rsquo;huile d&rsquo;olive. Ensuite, <strong>visitez la cath\u00e9drale de Majorque et le palais royal de l&rsquo;Almudaina<\/strong>, qui se trouvent l&rsquo;un \u00e0 c\u00f4t\u00e9 de l&rsquo;autre. Si vous organisez bien vos heures de visite, vous pourrez encore, avant le d\u00e9jeuner, <strong>explorer la vieille ville et le quartier juif, faire une pause sur la Plaza Mayor ou vous promener sur la Plaza de Cort<\/strong>, o\u00f9 se trouvent l&rsquo;olivier mill\u00e9naire historique et l&rsquo;h\u00f4tel de ville de Palma.<\/p><p>Pour vous ressourcer, vous pouvez <strong>vous rendre au march\u00e9 d&rsquo;Olivar ou \u00e0 celui de Santa Catalina<\/strong>, deux endroits parfaits pour d\u00e9guster la v\u00e9ritable gastronomie de l&rsquo;\u00eele et qui sont \u00e9galement des lieux incontournables de Palma de Majorque.<\/p><p>Apr\u00e8s le d\u00e9jeuner, vous pouvez vous rendre dans le quartier de La Lonja pour <strong>visiter Sa Llotja et terminer la journ\u00e9e en visitant le ch\u00e2teau de Bellver<\/strong>, que vous pouvez rejoindre en taxi ou en bus. De retour \u00e0 Palma de Majorque, vous pourrez terminer la journ\u00e9e par un bon d\u00eener ou un bar \u00e0 tapas dans le quartier de Santa Catalina, qui propose de nombreuses options gastronomiques. Et s&rsquo;il vous reste de l&rsquo;\u00e9nergie, <strong>vous pourrez terminer la journ\u00e9e sur le Paseo Mar\u00edtimo en vous arr\u00eatant pour boire un cocktail.<\/strong> \u00c7a donne envie, non ?<\/p>\t\t\t\t\t\t<\/div>\n\t\t\t\t<\/div>\n\t\t\t\t\t<\/div>\n\t\t\t\t<\/div>\n\t\t<div class=\"elementor-element elementor-element-0bddbe7 e-flex e-con-boxed e-con e-parent\" data-id=\"0bddbe7\" data-element_type=\"container\">\n\t\t\t\t\t<div class=\"e-con-inner\">\n\t\t\t\t<div class=\"elementor-element elementor-element-a1fef5a elementor-widget elementor-widget-heading\" data-id=\"a1fef5a\" data-element_type=\"widget\" data-widget_type=\"heading.default\">\n\t\t\t\t<div class=\"elementor-widget-container\">\n\t\t\t<h2 class=\"elementor-heading-title elementor-size-default\">Vous souhaitez visiter Palma de Majorque ?<\/h2>\t\t<\/div>\n\t\t\t\t<\/div>\n\t\t\t\t<div class=\"elementor-element elementor-element-e6dfda9 elementor-widget elementor-widget-text-editor\" data-id=\"e6dfda9\" data-element_type=\"widget\" data-widget_type=\"text-editor.default\">\n\t\t\t\t<div class=\"elementor-widget-container\">\n\t\t\t\t\t\t\t<p>Nous sommes certains que vous avez h\u00e2te de d\u00e9couvrir toutes les choses \u00e0 voir \u00e0 Palma de Majorque, mais attendez ! <strong>Tout d&rsquo;abord, vous devez vous assurer de savoir o\u00f9 vous loger apr\u00e8s une longue journ\u00e9e de visites. <\/strong>Et pour cela, nous avons la solution imm\u00e9diate, en un seul clic, car chez 5 Stars Home nous avons de nombreux logements o\u00f9 nous sommes s\u00fbrs que vous vous reposerez et rechargerez vos batteries pour explorer Palma de Majorque et le reste de l&rsquo;\u00eele.<\/p><p>Vous souhaitez y jeter un \u0153il ? Alors, visitez <a href=\"https:\/\/www.5starshome.com\/fr\/\">notre site web<\/a>, comparez, choisissez celui qui vous pla\u00eet le plus et venez ! Faites vos valises et venez d\u00e9couvrir ce qu&rsquo;il y a \u00e0 voir \u00e0 Palma de Majorque.<\/p>\t\t\t\t\t\t<\/div>\n\t\t\t\t<\/div>\n\t\t\t\t\t<\/div>\n\t\t\t\t<\/div>\n\t\t<div class=\"elementor-element elementor-element-2ab53630 e-flex e-con-boxed e-con e-parent\" data-id=\"2ab53630\" data-element_type=\"container\">\n\t\t\t\t\t<div class=\"e-con-inner\">\n\t\t<div class=\"elementor-element elementor-element-65cb2bfa e-con-full e-flex e-con e-child\" data-id=\"65cb2bfa\" data-element_type=\"container\">\n\t\t\t\t<div class=\"elementor-element elementor-element-4348d26 elementor-align-center elementor-widget elementor-widget-button\" data-id=\"4348d26\" data-element_type=\"widget\" data-widget_type=\"button.default\">\n\t\t\t\t<div class=\"elementor-widget-container\">\n\t\t\t\t\t<div class=\"elementor-button-wrapper\">\n\t\t\t<a class=\"elementor-button elementor-button-link elementor-size-sm\" href=\"https:\/\/www.5starshome.com\/fr\/logement-majorque\/\">\n\t\t\t\t\t\t<span class=\"elementor-button-content-wrapper\">\n\t\t\t\t\t\t\t\t\t<span class=\"elementor-button-text\">H\u00e9b\u00e9rgement  \u00e0 Mallorca<\/span>\n\t\t\t\t\t<\/span>\n\t\t\t\t\t<\/a>\n\t\t<\/div>\n\t\t\t\t<\/div>\n\t\t\t\t<\/div>\n\t\t\t\t<\/div>\n\t\t<div class=\"elementor-element elementor-element-4b628c54 e-con-full e-flex e-con e-child\" data-id=\"4b628c54\" data-element_type=\"container\">\n\t\t\t\t<div class=\"elementor-element elementor-element-15ab39d elementor-align-center elementor-widget elementor-widget-button\" data-id=\"15ab39d\" data-element_type=\"widget\" data-widget_type=\"button.default\">\n\t\t\t\t<div class=\"elementor-widget-container\">\n\t\t\t\t\t<div class=\"elementor-button-wrapper\">\n\t\t\t<a class=\"elementor-button elementor-button-link elementor-size-sm\" href=\"https:\/\/www.5starshome.com\/fr\/finca-majorque\/\">\n\t\t\t\t\t\t<span class=\"elementor-button-content-wrapper\">\n\t\t\t\t\t\t\t\t\t<span class=\"elementor-button-text\">Domaine \u00e0  Mallorca<\/span>\n\t\t\t\t\t<\/span>\n\t\t\t\t\t<\/a>\n\t\t<\/div>\n\t\t\t\t<\/div>\n\t\t\t\t<\/div>\n\t\t\t\t<\/div>\n\t\t<div class=\"elementor-element elementor-element-9c8409c e-con-full e-flex e-con e-child\" data-id=\"9c8409c\" data-element_type=\"container\">\n\t\t\t\t<div class=\"elementor-element elementor-element-13aa05d9 elementor-align-center elementor-widget elementor-widget-button\" data-id=\"13aa05d9\" data-element_type=\"widget\" data-widget_type=\"button.default\">\n\t\t\t\t<div class=\"elementor-widget-container\">\n\t\t\t\t\t<div class=\"elementor-button-wrapper\">\n\t\t\t<a class=\"elementor-button elementor-button-link elementor-size-sm\" href=\"https:\/\/www.5starshome.com\/fr\/villa-a-majorque\/\">\n\t\t\t\t\t\t<span class=\"elementor-button-content-wrapper\">\n\t\t\t\t\t\t\t\t\t<span class=\"elementor-button-text\">Villas \u00e0 Majorque<\/span>\n\t\t\t\t\t<\/span>\n\t\t\t\t\t<\/a>\n\t\t<\/div>\n\t\t\t\t<\/div>\n\t\t\t\t<\/div>\n\t\t\t\t<\/div>\n\t\t<div class=\"elementor-element elementor-element-5dd86fe2 e-con-full e-flex e-con e-child\" data-id=\"5dd86fe2\" data-element_type=\"container\">\n\t\t\t\t<div class=\"elementor-element elementor-element-48d8b12 elementor-align-center elementor-widget elementor-widget-button\" data-id=\"48d8b12\" data-element_type=\"widget\" data-widget_type=\"button.default\">\n\t\t\t\t<div class=\"elementor-widget-container\">\n\t\t\t\t\t<div class=\"elementor-button-wrapper\">\n\t\t\t<a class=\"elementor-button elementor-button-link elementor-size-sm\" href=\"https:\/\/www.5starshome.com\/fr\/location-maison-a-majorque\/\">\n\t\t\t\t\t\t<span class=\"elementor-button-content-wrapper\">\n\t\t\t\t\t\t\t\t\t<span class=\"elementor-button-text\">Maison \u00e0 Majorque<\/span>\n\t\t\t\t\t<\/span>\n\t\t\t\t\t<\/a>\n\t\t<\/div>\n\t\t\t\t<\/div>\n\t\t\t\t<\/div>\n\t\t\t\t<\/div>\n\t\t\t\t\t<\/div>\n\t\t\t\t<\/div>\n\t\t\t\t<\/div>\n\t\t","protected":false},"excerpt":{"rendered":"<p>Envie de partir pour une destination de charme et de d\u00e9couverte au c\u0153ur de la M\u00e9diterran\u00e9e ? Alors prenez note, car Palma de Majorque pourrait \u00eatre la r\u00e9ponse \u00e0 vos questions. C&rsquo;est une ville qui a tout pour elle : des plages de r\u00eave, une belle vieille ville pleine de petites rues, de boutiques et [&hellip;]<\/p>\n","protected":false},"author":6,"featured_media":1291,"comment_status":"open","ping_status":"open","sticky":false,"template":"","format":"standard","meta":{"footnotes":""},"categories":[63],"tags":[],"class_list":["post-1298","post","type-post","status-publish","format-standard","has-post-thumbnail","hentry","category-majorque-fr"],"yoast_head":"<!-- This site is optimized with the Yoast SEO plugin v23.1 - https:\/\/yoast.com\/wordpress\/plugins\/seo\/ -->\n<title>Que voir \u00e0 Palma de Majorque : une destination incontournable - Voyage aux \u00celes Bal\u00e9ares<\/title>\n<meta name=\"description\" content=\"D\u00e9couvrez les coins les plus impressionnants de Palma de Majorque. Explorez les attractions et les activit\u00e9s \u00e0 ne pas manquer.\" \/>\n<meta name=\"robots\" content=\"index, follow, max-snippet:-1, max-image-preview:large, max-video-preview:-1\" \/>\n<link rel=\"canonical\" href=\"https:\/\/www.5starshome.com\/blog\/fr\/palma-majorque\/\" \/>\n<meta property=\"og:locale\" content=\"fr_FR\" \/>\n<meta property=\"og:type\" content=\"article\" \/>\n<meta property=\"og:title\" content=\"Que voir \u00e0 Palma de Majorque : une destination incontournable - Voyage aux \u00celes Bal\u00e9ares\" \/>\n<meta property=\"og:description\" content=\"D\u00e9couvrez les coins les plus impressionnants de Palma de Majorque. Explorez les attractions et les activit\u00e9s \u00e0 ne pas manquer.\" \/>\n<meta property=\"og:url\" content=\"https:\/\/www.5starshome.com\/blog\/fr\/palma-majorque\/\" \/>\n<meta property=\"og:site_name\" content=\"Voyage aux \u00celes Bal\u00e9ares\" \/>\n<meta property=\"article:published_time\" content=\"2024-10-14T09:25:19+00:00\" \/>\n<meta property=\"article:modified_time\" content=\"2024-10-22T08:46:47+00:00\" \/>\n<meta property=\"og:image\" content=\"https:\/\/www.5starshome.com\/blog\/wp-content\/uploads\/2024\/10\/Palma-de-mallorca-que-ver.jpg\" \/>\n\t<meta property=\"og:image:width\" content=\"1920\" \/>\n\t<meta property=\"og:image:height\" content=\"660\" \/>\n\t<meta property=\"og:image:type\" content=\"image\/jpeg\" \/>\n<meta name=\"author\" content=\"Thibaut\" \/>\n<meta name=\"twitter:card\" content=\"summary_large_image\" \/>\n<meta name=\"twitter:label1\" content=\"\u00c9crit par\" \/>\n\t<meta name=\"twitter:data1\" content=\"Thibaut\" \/>\n\t<meta name=\"twitter:label2\" content=\"Dur\u00e9e de lecture estim\u00e9e\" \/>\n\t<meta name=\"twitter:data2\" content=\"8 minutes\" \/>\n<script type=\"application\/ld+json\" class=\"yoast-schema-graph\">{\"@context\":\"https:\/\/schema.org\",\"@graph\":[{\"@type\":\"Article\",\"@id\":\"https:\/\/www.5starshome.com\/blog\/fr\/palma-majorque\/#article\",\"isPartOf\":{\"@id\":\"https:\/\/www.5starshome.com\/blog\/fr\/palma-majorque\/\"},\"author\":{\"name\":\"Thibaut\",\"@id\":\"https:\/\/www.5starshome.com\/blog\/fr\/#\/schema\/person\/f6f1eaa7ed2531be71dd94614016c927\"},\"headline\":\"Que voir \u00e0 Palma de Majorque : une destination incontournable\",\"datePublished\":\"2024-10-14T09:25:19+00:00\",\"dateModified\":\"2024-10-22T08:46:47+00:00\",\"mainEntityOfPage\":{\"@id\":\"https:\/\/www.5starshome.com\/blog\/fr\/palma-majorque\/\"},\"wordCount\":1346,\"commentCount\":0,\"publisher\":{\"@id\":\"https:\/\/www.5starshome.com\/blog\/fr\/#organization\"},\"image\":{\"@id\":\"https:\/\/www.5starshome.com\/blog\/fr\/palma-majorque\/#primaryimage\"},\"thumbnailUrl\":\"https:\/\/www.5starshome.com\/blog\/wp-content\/uploads\/2024\/10\/Palma-de-mallorca-que-ver.jpg\",\"articleSection\":[\"Majorque\"],\"inLanguage\":\"fr-FR\",\"potentialAction\":[{\"@type\":\"CommentAction\",\"name\":\"Comment\",\"target\":[\"https:\/\/www.5starshome.com\/blog\/fr\/palma-majorque\/#respond\"]}]},{\"@type\":\"WebPage\",\"@id\":\"https:\/\/www.5starshome.com\/blog\/fr\/palma-majorque\/\",\"url\":\"https:\/\/www.5starshome.com\/blog\/fr\/palma-majorque\/\",\"name\":\"Que voir \u00e0 Palma de Majorque : une destination incontournable - Voyage aux \u00celes Bal\u00e9ares\",\"isPartOf\":{\"@id\":\"https:\/\/www.5starshome.com\/blog\/fr\/#website\"},\"primaryImageOfPage\":{\"@id\":\"https:\/\/www.5starshome.com\/blog\/fr\/palma-majorque\/#primaryimage\"},\"image\":{\"@id\":\"https:\/\/www.5starshome.com\/blog\/fr\/palma-majorque\/#primaryimage\"},\"thumbnailUrl\":\"https:\/\/www.5starshome.com\/blog\/wp-content\/uploads\/2024\/10\/Palma-de-mallorca-que-ver.jpg\",\"datePublished\":\"2024-10-14T09:25:19+00:00\",\"dateModified\":\"2024-10-22T08:46:47+00:00\",\"description\":\"D\u00e9couvrez les coins les plus impressionnants de Palma de Majorque. Explorez les attractions et les activit\u00e9s \u00e0 ne pas manquer.\",\"breadcrumb\":{\"@id\":\"https:\/\/www.5starshome.com\/blog\/fr\/palma-majorque\/#breadcrumb\"},\"inLanguage\":\"fr-FR\",\"potentialAction\":[{\"@type\":\"ReadAction\",\"target\":[\"https:\/\/www.5starshome.com\/blog\/fr\/palma-majorque\/\"]}]},{\"@type\":\"ImageObject\",\"inLanguage\":\"fr-FR\",\"@id\":\"https:\/\/www.5starshome.com\/blog\/fr\/palma-majorque\/#primaryimage\",\"url\":\"https:\/\/www.5starshome.com\/blog\/wp-content\/uploads\/2024\/10\/Palma-de-mallorca-que-ver.jpg\",\"contentUrl\":\"https:\/\/www.5starshome.com\/blog\/wp-content\/uploads\/2024\/10\/Palma-de-mallorca-que-ver.jpg\",\"width\":1920,\"height\":660,\"caption\":\"Palma de mallorca que ver\"},{\"@type\":\"BreadcrumbList\",\"@id\":\"https:\/\/www.5starshome.com\/blog\/fr\/palma-majorque\/#breadcrumb\",\"itemListElement\":[{\"@type\":\"ListItem\",\"position\":1,\"name\":\"Home\",\"item\":\"https:\/\/www.5starshome.com\/blog\/fr\/\"},{\"@type\":\"ListItem\",\"position\":2,\"name\":\"Que voir \u00e0 Palma de Majorque : une destination incontournable\"}]},{\"@type\":\"WebSite\",\"@id\":\"https:\/\/www.5starshome.com\/blog\/fr\/#website\",\"url\":\"https:\/\/www.5starshome.com\/blog\/fr\/\",\"name\":\"Voyage aux \u00celes Bal\u00e9ares\",\"description\":\"Holiday Rentals 5starshome\",\"publisher\":{\"@id\":\"https:\/\/www.5starshome.com\/blog\/fr\/#organization\"},\"potentialAction\":[{\"@type\":\"SearchAction\",\"target\":{\"@type\":\"EntryPoint\",\"urlTemplate\":\"https:\/\/www.5starshome.com\/blog\/fr\/?s={search_term_string}\"},\"query-input\":\"required name=search_term_string\"}],\"inLanguage\":\"fr-FR\"},{\"@type\":\"Organization\",\"@id\":\"https:\/\/www.5starshome.com\/blog\/fr\/#organization\",\"name\":\"Voyage aux \u00celes Bal\u00e9ares\",\"url\":\"https:\/\/www.5starshome.com\/blog\/fr\/\",\"logo\":{\"@type\":\"ImageObject\",\"inLanguage\":\"fr-FR\",\"@id\":\"https:\/\/www.5starshome.com\/blog\/fr\/#\/schema\/logo\/image\/\",\"url\":\"https:\/\/www.5starshome.com\/blog\/wp-content\/uploads\/2024\/10\/logo-1.png\",\"contentUrl\":\"https:\/\/www.5starshome.com\/blog\/wp-content\/uploads\/2024\/10\/logo-1.png\",\"width\":200,\"height\":68,\"caption\":\"Voyage aux \u00celes Bal\u00e9ares\"},\"image\":{\"@id\":\"https:\/\/www.5starshome.com\/blog\/fr\/#\/schema\/logo\/image\/\"}},{\"@type\":\"Person\",\"@id\":\"https:\/\/www.5starshome.com\/blog\/fr\/#\/schema\/person\/f6f1eaa7ed2531be71dd94614016c927\",\"name\":\"Thibaut\",\"image\":{\"@type\":\"ImageObject\",\"inLanguage\":\"fr-FR\",\"@id\":\"https:\/\/www.5starshome.com\/blog\/fr\/#\/schema\/person\/image\/\",\"url\":\"https:\/\/secure.gravatar.com\/avatar\/1657d3e03cb74dfd00a369778744d0f6773802ba2d5232a1fad7d484cfa7dcbe?s=96&d=mm&r=g\",\"contentUrl\":\"https:\/\/secure.gravatar.com\/avatar\/1657d3e03cb74dfd00a369778744d0f6773802ba2d5232a1fad7d484cfa7dcbe?s=96&d=mm&r=g\",\"caption\":\"Thibaut\"},\"url\":\"https:\/\/www.5starshome.com\/blog\/fr\/author\/thibaut\/\"}]}<\/script>\n<!-- \/ Yoast SEO plugin. -->","yoast_head_json":{"title":"Que voir \u00e0 Palma de Majorque : une destination incontournable - Voyage aux \u00celes Bal\u00e9ares","description":"D\u00e9couvrez les coins les plus impressionnants de Palma de Majorque. Explorez les attractions et les activit\u00e9s \u00e0 ne pas manquer.","robots":{"index":"index","follow":"follow","max-snippet":"max-snippet:-1","max-image-preview":"max-image-preview:large","max-video-preview":"max-video-preview:-1"},"canonical":"https:\/\/www.5starshome.com\/blog\/fr\/palma-majorque\/","og_locale":"fr_FR","og_type":"article","og_title":"Que voir \u00e0 Palma de Majorque : une destination incontournable - Voyage aux \u00celes Bal\u00e9ares","og_description":"D\u00e9couvrez les coins les plus impressionnants de Palma de Majorque. Explorez les attractions et les activit\u00e9s \u00e0 ne pas manquer.","og_url":"https:\/\/www.5starshome.com\/blog\/fr\/palma-majorque\/","og_site_name":"Voyage aux \u00celes Bal\u00e9ares","article_published_time":"2024-10-14T09:25:19+00:00","article_modified_time":"2024-10-22T08:46:47+00:00","og_image":[{"width":1920,"height":660,"url":"https:\/\/www.5starshome.com\/blog\/wp-content\/uploads\/2024\/10\/Palma-de-mallorca-que-ver.jpg","type":"image\/jpeg"}],"author":"Thibaut","twitter_card":"summary_large_image","twitter_misc":{"\u00c9crit par":"Thibaut","Dur\u00e9e de lecture estim\u00e9e":"8 minutes"},"schema":{"@context":"https:\/\/schema.org","@graph":[{"@type":"Article","@id":"https:\/\/www.5starshome.com\/blog\/fr\/palma-majorque\/#article","isPartOf":{"@id":"https:\/\/www.5starshome.com\/blog\/fr\/palma-majorque\/"},"author":{"name":"Thibaut","@id":"https:\/\/www.5starshome.com\/blog\/fr\/#\/schema\/person\/f6f1eaa7ed2531be71dd94614016c927"},"headline":"Que voir \u00e0 Palma de Majorque : une destination incontournable","datePublished":"2024-10-14T09:25:19+00:00","dateModified":"2024-10-22T08:46:47+00:00","mainEntityOfPage":{"@id":"https:\/\/www.5starshome.com\/blog\/fr\/palma-majorque\/"},"wordCount":1346,"commentCount":0,"publisher":{"@id":"https:\/\/www.5starshome.com\/blog\/fr\/#organization"},"image":{"@id":"https:\/\/www.5starshome.com\/blog\/fr\/palma-majorque\/#primaryimage"},"thumbnailUrl":"https:\/\/www.5starshome.com\/blog\/wp-content\/uploads\/2024\/10\/Palma-de-mallorca-que-ver.jpg","articleSection":["Majorque"],"inLanguage":"fr-FR","potentialAction":[{"@type":"CommentAction","name":"Comment","target":["https:\/\/www.5starshome.com\/blog\/fr\/palma-majorque\/#respond"]}]},{"@type":"WebPage","@id":"https:\/\/www.5starshome.com\/blog\/fr\/palma-majorque\/","url":"https:\/\/www.5starshome.com\/blog\/fr\/palma-majorque\/","name":"Que voir \u00e0 Palma de Majorque : une destination incontournable - Voyage aux \u00celes Bal\u00e9ares","isPartOf":{"@id":"https:\/\/www.5starshome.com\/blog\/fr\/#website"},"primaryImageOfPage":{"@id":"https:\/\/www.5starshome.com\/blog\/fr\/palma-majorque\/#primaryimage"},"image":{"@id":"https:\/\/www.5starshome.com\/blog\/fr\/palma-majorque\/#primaryimage"},"thumbnailUrl":"https:\/\/www.5starshome.com\/blog\/wp-content\/uploads\/2024\/10\/Palma-de-mallorca-que-ver.jpg","datePublished":"2024-10-14T09:25:19+00:00","dateModified":"2024-10-22T08:46:47+00:00","description":"D\u00e9couvrez les coins les plus impressionnants de Palma de Majorque. Explorez les attractions et les activit\u00e9s \u00e0 ne pas manquer.","breadcrumb":{"@id":"https:\/\/www.5starshome.com\/blog\/fr\/palma-majorque\/#breadcrumb"},"inLanguage":"fr-FR","potentialAction":[{"@type":"ReadAction","target":["https:\/\/www.5starshome.com\/blog\/fr\/palma-majorque\/"]}]},{"@type":"ImageObject","inLanguage":"fr-FR","@id":"https:\/\/www.5starshome.com\/blog\/fr\/palma-majorque\/#primaryimage","url":"https:\/\/www.5starshome.com\/blog\/wp-content\/uploads\/2024\/10\/Palma-de-mallorca-que-ver.jpg","contentUrl":"https:\/\/www.5starshome.com\/blog\/wp-content\/uploads\/2024\/10\/Palma-de-mallorca-que-ver.jpg","width":1920,"height":660,"caption":"Palma de mallorca que ver"},{"@type":"BreadcrumbList","@id":"https:\/\/www.5starshome.com\/blog\/fr\/palma-majorque\/#breadcrumb","itemListElement":[{"@type":"ListItem","position":1,"name":"Home","item":"https:\/\/www.5starshome.com\/blog\/fr\/"},{"@type":"ListItem","position":2,"name":"Que voir \u00e0 Palma de Majorque : une destination incontournable"}]},{"@type":"WebSite","@id":"https:\/\/www.5starshome.com\/blog\/fr\/#website","url":"https:\/\/www.5starshome.com\/blog\/fr\/","name":"Voyage aux \u00celes Bal\u00e9ares","description":"Holiday Rentals 5starshome","publisher":{"@id":"https:\/\/www.5starshome.com\/blog\/fr\/#organization"},"potentialAction":[{"@type":"SearchAction","target":{"@type":"EntryPoint","urlTemplate":"https:\/\/www.5starshome.com\/blog\/fr\/?s={search_term_string}"},"query-input":"required name=search_term_string"}],"inLanguage":"fr-FR"},{"@type":"Organization","@id":"https:\/\/www.5starshome.com\/blog\/fr\/#organization","name":"Voyage aux \u00celes Bal\u00e9ares","url":"https:\/\/www.5starshome.com\/blog\/fr\/","logo":{"@type":"ImageObject","inLanguage":"fr-FR","@id":"https:\/\/www.5starshome.com\/blog\/fr\/#\/schema\/logo\/image\/","url":"https:\/\/www.5starshome.com\/blog\/wp-content\/uploads\/2024\/10\/logo-1.png","contentUrl":"https:\/\/www.5starshome.com\/blog\/wp-content\/uploads\/2024\/10\/logo-1.png","width":200,"height":68,"caption":"Voyage aux \u00celes Bal\u00e9ares"},"image":{"@id":"https:\/\/www.5starshome.com\/blog\/fr\/#\/schema\/logo\/image\/"}},{"@type":"Person","@id":"https:\/\/www.5starshome.com\/blog\/fr\/#\/schema\/person\/f6f1eaa7ed2531be71dd94614016c927","name":"Thibaut","image":{"@type":"ImageObject","inLanguage":"fr-FR","@id":"https:\/\/www.5starshome.com\/blog\/fr\/#\/schema\/person\/image\/","url":"https:\/\/secure.gravatar.com\/avatar\/1657d3e03cb74dfd00a369778744d0f6773802ba2d5232a1fad7d484cfa7dcbe?s=96&d=mm&r=g","contentUrl":"https:\/\/secure.gravatar.com\/avatar\/1657d3e03cb74dfd00a369778744d0f6773802ba2d5232a1fad7d484cfa7dcbe?s=96&d=mm&r=g","caption":"Thibaut"},"url":"https:\/\/www.5starshome.com\/blog\/fr\/author\/thibaut\/"}]}},"_links":{"self":[{"href":"https:\/\/www.5starshome.com\/blog\/fr\/wp-json\/wp\/v2\/posts\/1298","targetHints":{"allow":["GET"]}}],"collection":[{"href":"https:\/\/www.5starshome.com\/blog\/fr\/wp-json\/wp\/v2\/posts"}],"about":[{"href":"https:\/\/www.5starshome.com\/blog\/fr\/wp-json\/wp\/v2\/types\/post"}],"author":[{"embeddable":true,"href":"https:\/\/www.5starshome.com\/blog\/fr\/wp-json\/wp\/v2\/users\/6"}],"replies":[{"embeddable":true,"href":"https:\/\/www.5starshome.com\/blog\/fr\/wp-json\/wp\/v2\/comments?post=1298"}],"version-history":[{"count":15,"href":"https:\/\/www.5starshome.com\/blog\/fr\/wp-json\/wp\/v2\/posts\/1298\/revisions"}],"predecessor-version":[{"id":1341,"href":"https:\/\/www.5starshome.com\/blog\/fr\/wp-json\/wp\/v2\/posts\/1298\/revisions\/1341"}],"wp:featuredmedia":[{"embeddable":true,"href":"https:\/\/www.5starshome.com\/blog\/fr\/wp-json\/wp\/v2\/media\/1291"}],"wp:attachment":[{"href":"https:\/\/www.5starshome.com\/blog\/fr\/wp-json\/wp\/v2\/media?parent=1298"}],"wp:term":[{"taxonomy":"category","embeddable":true,"href":"https:\/\/www.5starshome.com\/blog\/fr\/wp-json\/wp\/v2\/categories?post=1298"},{"taxonomy":"post_tag","embeddable":true,"href":"https:\/\/www.5starshome.com\/blog\/fr\/wp-json\/wp\/v2\/tags?post=1298"}],"curies":[{"name":"wp","href":"https:\/\/api.w.org\/{rel}","templated":true}]}}