{"id":1300,"date":"2024-10-14T09:02:16","date_gmt":"2024-10-14T09:02:16","guid":{"rendered":"https:\/\/www.5starshome.com\/blog\/?p=1300"},"modified":"2024-10-22T08:46:18","modified_gmt":"2024-10-22T08:46:18","slug":"cala-hort-ibiza","status":"publish","type":"post","link":"https:\/\/www.5starshome.com\/blog\/fr\/cala-hort-ibiza\/","title":{"rendered":"Cala d&rsquo;Hort : un paradis \u00e0 Ibiza\u00a0"},"content":{"rendered":"\t\t<div data-elementor-type=\"wp-post\" data-elementor-id=\"1300\" class=\"elementor elementor-1300 elementor-1237\" data-elementor-post-type=\"post\">\n\t\t\t\t<div class=\"elementor-element elementor-element-208b56c4 e-flex e-con-boxed e-con e-parent\" data-id=\"208b56c4\" data-element_type=\"container\">\n\t\t\t\t\t<div class=\"e-con-inner\">\n\t\t\t\t<div class=\"elementor-element elementor-element-39c4387f elementor-widget elementor-widget-text-editor\" data-id=\"39c4387f\" data-element_type=\"widget\" data-widget_type=\"text-editor.default\">\n\t\t\t\t<div class=\"elementor-widget-container\">\n\t\t\t<style>\/*! elementor - v3.23.0 - 23-07-2024 *\/\n.elementor-widget-text-editor.elementor-drop-cap-view-stacked .elementor-drop-cap{background-color:#69727d;color:#fff}.elementor-widget-text-editor.elementor-drop-cap-view-framed .elementor-drop-cap{color:#69727d;border:3px solid;background-color:transparent}.elementor-widget-text-editor:not(.elementor-drop-cap-view-default) .elementor-drop-cap{margin-top:8px}.elementor-widget-text-editor:not(.elementor-drop-cap-view-default) .elementor-drop-cap-letter{width:1em;height:1em}.elementor-widget-text-editor .elementor-drop-cap{float:left;text-align:center;line-height:1;font-size:50px}.elementor-widget-text-editor .elementor-drop-cap-letter{display:inline-block}<\/style>\t\t\t\t<p>Ibiza n&rsquo;est pas seulement synonyme de f\u00eates et de nuits interminables. <strong>Cette merveilleuse \u00eele des Bal\u00e9ares a aussi un c\u00f4t\u00e9 tranquille et une nature qu&rsquo;il faut apprendre \u00e0 conna\u00eetre.<\/strong> Il existe de nombreux endroits spectaculaires qui, nous en sommes s\u00fbrs, vous s\u00e9duiront, mais il y en a un qui refl\u00e8te parfaitement le caract\u00e8re le plus serein et le plus authentique d&rsquo;Ibiza : la Cala d&rsquo;Hort, dans la commune de Sant Josep de Talaia.<\/p><p><strong>Il s&rsquo;agit d&rsquo;une plage de sable dor\u00e9 et d&rsquo;eaux cristallines au charme indescriptible.<\/strong> Elle fait partie de la r\u00e9serve naturelle de la Cala d&rsquo;Hort, poss\u00e8de le pavillon bleu, offre l&rsquo;une des meilleures vues sur l&rsquo;\u00eelot d&rsquo;Es Vedr\u00e0 et constitue l&rsquo;endroit id\u00e9al pour se laisser surprendre par la nature, sentir la brise marine, se d\u00e9connecter et, bien s\u00fbr, profiter d&rsquo;un coucher de soleil tr\u00e8s sp\u00e9cial.<\/p>\t\t\t\t\t\t<\/div>\n\t\t\t\t<\/div>\n\t\t\t\t\t<\/div>\n\t\t\t\t<\/div>\n\t\t<div class=\"elementor-element elementor-element-26f6deed e-flex e-con-boxed e-con e-parent\" data-id=\"26f6deed\" data-element_type=\"container\">\n\t\t\t\t\t<div class=\"e-con-inner\">\n\t\t\t\t<div class=\"elementor-element elementor-element-e5a05e9 elementor-widget elementor-widget-table-of-contents\" data-id=\"e5a05e9\" data-element_type=\"widget\" data-settings=\"{&quot;headings_by_tags&quot;:[&quot;h2&quot;,&quot;h3&quot;],&quot;exclude_headings_by_selector&quot;:[],&quot;marker_view&quot;:&quot;bullets&quot;,&quot;icon&quot;:{&quot;value&quot;:&quot;&quot;,&quot;library&quot;:&quot;&quot;},&quot;hierarchical_view&quot;:&quot;yes&quot;,&quot;min_height&quot;:{&quot;unit&quot;:&quot;px&quot;,&quot;size&quot;:&quot;&quot;,&quot;sizes&quot;:[]},&quot;min_height_tablet&quot;:{&quot;unit&quot;:&quot;px&quot;,&quot;size&quot;:&quot;&quot;,&quot;sizes&quot;:[]},&quot;min_height_mobile&quot;:{&quot;unit&quot;:&quot;px&quot;,&quot;size&quot;:&quot;&quot;,&quot;sizes&quot;:[]}}\" data-widget_type=\"table-of-contents.default\">\n\t\t\t\t<div class=\"elementor-widget-container\">\n\t\t\t<style>\/*! elementor-pro - v3.23.0 - 23-07-2024 *\/\n.elementor-widget-table-of-contents .elementor-toc__header-title{color:var(--header-color)}.elementor-widget-table-of-contents.elementor-toc--collapsed .elementor-toc__toggle-button--collapse,.elementor-widget-table-of-contents:not(.elementor-toc--collapsed) .elementor-toc__toggle-button--expand{display:none}.elementor-widget-table-of-contents .elementor-widget-container{min-height:var(--box-min-height);border:var(--box-border-width,1px) solid var(--box-border-color,#9da5ae);border-radius:var(--box-border-radius,3px);background-color:var(--box-background-color);transition:min-height .4s;overflow:hidden}.elementor-toc__header{display:flex;align-items:center;justify-content:space-between;padding:var(--box-padding,20px);background-color:var(--header-background-color);border-bottom:var(--separator-width,1px) solid var(--box-border-color,#9da5ae)}.elementor-toc__header-title{font-size:18px;margin:0;color:var(--header-color);flex-grow:1}.elementor-toc__toggle-button{cursor:pointer;display:inline-flex}.elementor-toc__toggle-button i{color:var(--toggle-button-color)}.elementor-toc__toggle-button svg{height:1em;width:1em;fill:var(--toggle-button-color)}.elementor-toc__spinner-container{text-align:center}.elementor-toc__spinner{font-size:2em}.elementor-toc__spinner.e-font-icon-svg{height:1em;width:1em}.elementor-toc__body{padding:var(--box-padding,20px);max-height:var(--toc-body-max-height);overflow-y:auto}.elementor-toc__body::-webkit-scrollbar{width:7px}.elementor-toc__body::-webkit-scrollbar-thumb{background-color:#babfc5;border-radius:10px}.elementor-toc__list-wrapper{list-style:none;padding:0}.elementor-toc__list-item{margin-bottom:.5em}.elementor-toc__list-item.elementor-item-active{font-weight:700}.elementor-toc__list-item .elementor-toc__list-wrapper{margin-top:.5em;margin-inline-start:var(--nested-list-indent,1em)}.elementor-toc__list-item-text{transition-duration:var(--item-text-transition-duration)}.elementor-toc__list-item-text:hover{color:var(--item-text-hover-color);-webkit-text-decoration:var(--item-text-hover-decoration);text-decoration:var(--item-text-hover-decoration)}.elementor-toc__list-item-text.elementor-item-active{color:var(--item-text-active-color);-webkit-text-decoration:var(--item-text-active-decoration);text-decoration:var(--item-text-active-decoration)}.elementor-toc__list-item-text-wrapper{display:flex;align-items:center}.elementor-toc__list-item-text-wrapper:before,.elementor-toc__list-item-text-wrapper i{margin-inline-end:8px;color:var(--marker-color)}.elementor-toc__list-item-text-wrapper svg{margin-inline-end:8px;fill:var(--marker-color);height:var(--marker-size,.5em);width:var(--marker-size,.5em)}.elementor-toc__list-item-text-wrapper i{font-size:var(--marker-size,.5em)}.elementor-toc__list-item-text-wrapper:before{font-size:var(--marker-size,1em)}.elementor-toc--content-ellipsis .elementor-toc__list-item-text{white-space:nowrap;overflow:hidden;text-overflow:ellipsis}.elementor-toc__list-items--collapsible>.elementor-toc__list-wrapper>.elementor-toc__list-item>.elementor-toc__list-wrapper{display:none}.elementor-toc__heading-anchor{position:absolute}.elementor-toc__body .elementor-toc__list-item-text{color:var(--item-text-color);-webkit-text-decoration:var(--item-text-decoration);text-decoration:var(--item-text-decoration);transition-duration:var(--item-text-transition-duration)}.elementor-toc__body .elementor-toc__list-item-text:hover{color:var(--item-text-hover-color);-webkit-text-decoration:var(--item-text-hover-decoration);text-decoration:var(--item-text-hover-decoration)}.elementor-toc__body .elementor-toc__list-item-text.elementor-item-active{color:var(--item-text-active-color);-webkit-text-decoration:var(--item-text-active-decoration);text-decoration:var(--item-text-active-decoration)}ol.elementor-toc__list-wrapper{counter-reset:item}ol.elementor-toc__list-wrapper .elementor-toc__list-item{counter-increment:item}ol.elementor-toc__list-wrapper .elementor-toc__list-item-text-wrapper:before{content:counters(item,\".\") \". \"}<\/style>\t\t<div class=\"elementor-toc__header\">\n\t\t\t<div class=\"elementor-toc__header-title\">\n\t\t\t\tSommaire\t\t\t<\/div>\n\t\t\t\t\t<\/div>\n\t\t<div id=\"elementor-toc__e5a05e9\" class=\"elementor-toc__body\">\n\t\t\t<div class=\"elementor-toc__spinner-container\">\n\t\t\t\t<svg class=\"elementor-toc__spinner eicon-animation-spin e-font-icon-svg e-eicon-loading\" aria-hidden=\"true\" viewBox=\"0 0 1000 1000\" xmlns=\"http:\/\/www.w3.org\/2000\/svg\"><path d=\"M500 975V858C696 858 858 696 858 500S696 142 500 142 142 304 142 500H25C25 237 238 25 500 25S975 237 975 500 763 975 500 975Z\"><\/path><\/svg>\t\t\t<\/div>\n\t\t<\/div>\n\t\t\t\t<\/div>\n\t\t\t\t<\/div>\n\t\t\t\t\t<\/div>\n\t\t\t\t<\/div>\n\t\t<div class=\"elementor-element elementor-element-32d024ff e-flex e-con-boxed e-con e-parent\" data-id=\"32d024ff\" data-element_type=\"container\">\n\t\t\t\t\t<div class=\"e-con-inner\">\n\t\t\t\t<div class=\"elementor-element elementor-element-15563b68 elementor-widget elementor-widget-heading\" data-id=\"15563b68\" data-element_type=\"widget\" data-widget_type=\"heading.default\">\n\t\t\t\t<div class=\"elementor-widget-container\">\n\t\t\t<style>\/*! elementor - v3.23.0 - 23-07-2024 *\/\n.elementor-heading-title{padding:0;margin:0;line-height:1}.elementor-widget-heading .elementor-heading-title[class*=elementor-size-]>a{color:inherit;font-size:inherit;line-height:inherit}.elementor-widget-heading .elementor-heading-title.elementor-size-small{font-size:15px}.elementor-widget-heading .elementor-heading-title.elementor-size-medium{font-size:19px}.elementor-widget-heading .elementor-heading-title.elementor-size-large{font-size:29px}.elementor-widget-heading .elementor-heading-title.elementor-size-xl{font-size:39px}.elementor-widget-heading .elementor-heading-title.elementor-size-xxl{font-size:59px}<\/style><h2 class=\"elementor-heading-title elementor-size-default\">Que faire et que voir \u00e0 la Cala d'Hort ?<\/h2>\t\t<\/div>\n\t\t\t\t<\/div>\n\t\t\t\t<div class=\"elementor-element elementor-element-354f936a elementor-widget elementor-widget-text-editor\" data-id=\"354f936a\" data-element_type=\"widget\" data-widget_type=\"text-editor.default\">\n\t\t\t\t<div class=\"elementor-widget-container\">\n\t\t\t\t\t\t\t<p>Contrairement \u00e0 ce que l&rsquo;on pourrait penser, la Cala d&rsquo;Hort n&rsquo;est pas seulement une plage o\u00f9 l&rsquo;on prend le soleil et o\u00f9 l&rsquo;on nage dans des eaux cristallines &#8211; bien que cela ne semble pas trop mal -. En r\u00e9alit\u00e9, il y a plusieurs choses \u00e0 faire et \u00e0 voir pour profiter au maximum de votre visite dans ce coin sp\u00e9cial d&rsquo;Ibiza.<\/p><p>L&rsquo;une d&rsquo;entre elles consiste \u00e0 admirer <strong>l&rsquo;\u00eelot d&rsquo;Es Vedr\u00e0<\/strong> &#8211; situ\u00e9 en face de la plage -, l&rsquo;une des principales attractions de la Cala d&rsquo;Hort.\u00a0Cet endroit fait l&rsquo;objet de nombreuses l\u00e9gendes et mythes, et il n&rsquo;est pas difficile de comprendre pourquoi, tant sa forme et l&rsquo;aura myst\u00e9rieuse qui l&rsquo;entoure invitent \u00e0 la sp\u00e9culation.<\/p><p>En plus de se perdre dans les histoires qui entourent Es Vedr\u00e0, <strong>les amateurs de randonn\u00e9e pourront profiter de vues privil\u00e9gi\u00e9es sur l&rsquo;\u00eelot en empruntant l&rsquo;un des itin\u00e9raires qui partent de Cala d&rsquo;Hort.<\/strong><\/p><p>Enfin, les <strong>activit\u00e9s nautiques sont \u00e9galement un classique sur l\u2019\u00eele<\/strong> : que vous soyez amateur de plong\u00e9e avec tuba, de paddle surf ou de jet ski, sur la Cala d&rsquo;Hort, vous pouvez tout faire. Mais il y a sans doute quatre choses \u00e0 ne pas manquer si vous visitez la Cala d&rsquo;Hort. Voyez par vous-m\u00eame !<\/p>\t\t\t\t\t\t<\/div>\n\t\t\t\t<\/div>\n\t\t\t\t\t<\/div>\n\t\t\t\t<\/div>\n\t\t<div class=\"elementor-element elementor-element-e4c86c1 e-flex e-con-boxed e-con e-parent\" data-id=\"e4c86c1\" data-element_type=\"container\">\n\t\t\t\t\t<div class=\"e-con-inner\">\n\t\t<div class=\"elementor-element elementor-element-386c20c e-con-full e-flex e-con e-child\" data-id=\"386c20c\" data-element_type=\"container\">\n\t\t\t\t<div class=\"elementor-element elementor-element-618ff5dd elementor-widget elementor-widget-heading\" data-id=\"618ff5dd\" data-element_type=\"widget\" data-widget_type=\"heading.default\">\n\t\t\t\t<div class=\"elementor-widget-container\">\n\t\t\t<h3 class=\"elementor-heading-title elementor-size-default\">#1 Faire une promenade en bateau autour d'Es Vedr\u00e0<\/h3>\t\t<\/div>\n\t\t\t\t<\/div>\n\t\t\t\t<div class=\"elementor-element elementor-element-5e5f933c elementor-widget elementor-widget-text-editor\" data-id=\"5e5f933c\" data-element_type=\"widget\" data-widget_type=\"text-editor.default\">\n\t\t\t\t<div class=\"elementor-widget-container\">\n\t\t\t\t\t\t\t<p>Si vous voulez vivre une exp\u00e9rience unique, une promenade en bateau autour d&rsquo;Es Vedr\u00e0 est un excellent choix. <strong>Vous pourrez admirer l&rsquo;\u00eelot sous diff\u00e9rents angles et vous d\u00e9couvrirez \u00e0 quel point sa silhouette est impressionnante depuis la mer.<\/strong> En outre, de nombreuses excursions pr\u00e9voient des haltes pour nager et faire de la plong\u00e9e avec masque et tuba dans des criques cach\u00e9es, ce qui rend l&rsquo;exp\u00e9rience encore plus particuli\u00e8re.<\/p>\t\t\t\t\t\t<\/div>\n\t\t\t\t<\/div>\n\t\t\t\t<\/div>\n\t\t<div class=\"elementor-element elementor-element-d4e5181 e-con-full e-flex e-con e-child\" data-id=\"d4e5181\" data-element_type=\"container\">\n\t\t\t\t<div class=\"elementor-element elementor-element-390f320 elementor-widget elementor-widget-image\" data-id=\"390f320\" data-element_type=\"widget\" data-widget_type=\"image.default\">\n\t\t\t\t<div class=\"elementor-widget-container\">\n\t\t\t<style>\/*! elementor - v3.23.0 - 23-07-2024 *\/\n.elementor-widget-image{text-align:center}.elementor-widget-image a{display:inline-block}.elementor-widget-image a img[src$=\".svg\"]{width:48px}.elementor-widget-image img{vertical-align:middle;display:inline-block}<\/style>\t\t\t\t\t\t\t\t\t\t<img decoding=\"async\" width=\"736\" height=\"475\" src=\"https:\/\/www.5starshome.com\/blog\/wp-content\/uploads\/2024\/10\/barco-Cala-dhort-ibiza.jpg\" class=\"attachment-large size-large wp-image-1243\" alt=\"barco-Cala-dhort-ibiza\" srcset=\"https:\/\/www.5starshome.com\/blog\/wp-content\/uploads\/2024\/10\/barco-Cala-dhort-ibiza.jpg 736w, https:\/\/www.5starshome.com\/blog\/wp-content\/uploads\/2024\/10\/barco-Cala-dhort-ibiza-300x194.jpg 300w\" sizes=\"(max-width: 736px) 100vw, 736px\" \/>\t\t\t\t\t\t\t\t\t\t\t\t\t<\/div>\n\t\t\t\t<\/div>\n\t\t\t\t<\/div>\n\t\t\t\t\t<\/div>\n\t\t\t\t<\/div>\n\t\t<div class=\"elementor-element elementor-element-041d269 e-flex e-con-boxed e-con e-parent\" data-id=\"041d269\" data-element_type=\"container\">\n\t\t\t\t\t<div class=\"e-con-inner\">\n\t\t<div class=\"elementor-element elementor-element-60c5ebe e-con-full e-flex e-con e-child\" data-id=\"60c5ebe\" data-element_type=\"container\">\n\t\t\t\t<div class=\"elementor-element elementor-element-bc9662c elementor-widget elementor-widget-heading\" data-id=\"bc9662c\" data-element_type=\"widget\" data-widget_type=\"heading.default\">\n\t\t\t\t<div class=\"elementor-widget-container\">\n\t\t\t<h3 class=\"elementor-heading-title elementor-size-default\">#2 Mont\u00e9e au belv\u00e9d\u00e8re d'Es Vedr\u00e0 : les meilleures vues sur l'\u00eelot et la Cala d'Hort<\/h3>\t\t<\/div>\n\t\t\t\t<\/div>\n\t\t\t\t<div class=\"elementor-element elementor-element-48c0b2d elementor-widget elementor-widget-text-editor\" data-id=\"48c0b2d\" data-element_type=\"widget\" data-widget_type=\"text-editor.default\">\n\t\t\t\t<div class=\"elementor-widget-container\">\n\t\t\t\t\t\t\t<p>Pour profiter des vues panoramiques les plus impressionnantes sur l&rsquo;ensemble d&rsquo;Ibiza, la Cala d&rsquo;Hort et Es Vedr\u00e0, il faut absolument se rendre \u00e0 ce point de vue, un endroit id\u00e9al \u00e0 toute heure de la journ\u00e9e, et encore plus si le soleil se couche. Cependant, <strong>il faut tenir compte du fait qu&rsquo;il s&rsquo;agit d&rsquo;un endroit tr\u00e8s touristique et qu&rsquo;il est fr\u00e9quent\u00e9 par de nombreuses personnes tous les jours<\/strong> ; le mieux est de s&rsquo;y rendre en semaine.<\/p><p>Pour y acc\u00e9der, vous pouvez vous garer dans l&rsquo;un des deux parkings disponibles et marcher pendant environ 20 minutes le long d&rsquo;un chemin en terre battue tr\u00e8s facile \u00e0 suivre. Une fois sur place, vous vous rendrez compte qu&rsquo;il s&rsquo;agit d&rsquo;un endroit tr\u00e8s impressionnant en raison de sa hauteur, car il n&rsquo;y a pas de mesures de s\u00e9curit\u00e9, alors soyez prudent et ne vous approchez pas du bord de la falaise.<\/p>\t\t\t\t\t\t<\/div>\n\t\t\t\t<\/div>\n\t\t\t\t<\/div>\n\t\t<div class=\"elementor-element elementor-element-4c11585 e-con-full e-flex e-con e-child\" data-id=\"4c11585\" data-element_type=\"container\">\n\t\t\t\t<div class=\"elementor-element elementor-element-4a0a0df elementor-widget elementor-widget-image\" data-id=\"4a0a0df\" data-element_type=\"widget\" data-widget_type=\"image.default\">\n\t\t\t\t<div class=\"elementor-widget-container\">\n\t\t\t\t\t\t\t\t\t\t\t\t\t<img decoding=\"async\" width=\"724\" height=\"482\" src=\"https:\/\/www.5starshome.com\/blog\/wp-content\/uploads\/2024\/10\/vistas-mirador-Cala-dhort-ibiza.jpg\" class=\"attachment-large size-large wp-image-1247\" alt=\"vistas-mirador-Cala-dhort-ibiza\" srcset=\"https:\/\/www.5starshome.com\/blog\/wp-content\/uploads\/2024\/10\/vistas-mirador-Cala-dhort-ibiza.jpg 724w, https:\/\/www.5starshome.com\/blog\/wp-content\/uploads\/2024\/10\/vistas-mirador-Cala-dhort-ibiza-300x200.jpg 300w\" sizes=\"(max-width: 724px) 100vw, 724px\" \/>\t\t\t\t\t\t\t\t\t\t\t\t\t<\/div>\n\t\t\t\t<\/div>\n\t\t\t\t<\/div>\n\t\t\t\t\t<\/div>\n\t\t\t\t<\/div>\n\t\t<div class=\"elementor-element elementor-element-0c1a3c6 e-flex e-con-boxed e-con e-parent\" data-id=\"0c1a3c6\" data-element_type=\"container\">\n\t\t\t\t\t<div class=\"e-con-inner\">\n\t\t<div class=\"elementor-element elementor-element-c4352cb e-con-full e-flex e-con e-child\" data-id=\"c4352cb\" data-element_type=\"container\">\n\t\t\t\t<div class=\"elementor-element elementor-element-1ff8538 elementor-widget elementor-widget-heading\" data-id=\"1ff8538\" data-element_type=\"widget\" data-widget_type=\"heading.default\">\n\t\t\t\t<div class=\"elementor-widget-container\">\n\t\t\t<h3 class=\"elementor-heading-title elementor-size-default\">#3 Profiter du coucher de soleil<\/h3>\t\t<\/div>\n\t\t\t\t<\/div>\n\t\t\t\t<div class=\"elementor-element elementor-element-2ddf8f9 elementor-widget elementor-widget-text-editor\" data-id=\"2ddf8f9\" data-element_type=\"widget\" data-widget_type=\"text-editor.default\">\n\t\t\t\t<div class=\"elementor-widget-container\">\n\t\t\t\t\t\t\t<p>La Cala d&rsquo;Hort est l&rsquo;un des meilleurs endroits d&rsquo;Ibiza pour admirer le coucher du soleil ; <strong>le ciel s&rsquo;y teinte de nuances d&rsquo;orange, de rose et de violet, cr\u00e9ant un spectacle naturel inoubliable sur la mer.<\/strong> Il existe mille fa\u00e7ons de vivre le cr\u00e9puscule d&rsquo;Ibiza : directement depuis la plage, depuis un bateau ancr\u00e9 sur la falaise, depuis un kayak ou depuis un bateau \u00e0 moteur (il existe plusieurs options de location).<\/p><p>Et si vous pr\u00e9f\u00e9rez vous \u00e9loigner un peu, entre la Cala d&rsquo;Hort et Es Cubels, il y a une zone rocheuse o\u00f9 se trouve la <strong>tour d&rsquo;Es Savinar, un point de vue id\u00e9al pour observer le coucher de soleil pr\u00e8s de la Cala d&rsquo;Hort, que vous atteindrez apr\u00e8s une marche de 15 minutes.<\/strong><\/p>\t\t\t\t\t\t<\/div>\n\t\t\t\t<\/div>\n\t\t\t\t<\/div>\n\t\t<div class=\"elementor-element elementor-element-7495cf7 e-con-full e-flex e-con e-child\" data-id=\"7495cf7\" data-element_type=\"container\">\n\t\t\t\t<div class=\"elementor-element elementor-element-0daa80f elementor-widget elementor-widget-image\" data-id=\"0daa80f\" data-element_type=\"widget\" data-widget_type=\"image.default\">\n\t\t\t\t<div class=\"elementor-widget-container\">\n\t\t\t\t\t\t\t\t\t\t\t\t\t<img decoding=\"async\" width=\"711\" height=\"491\" src=\"https:\/\/www.5starshome.com\/blog\/wp-content\/uploads\/2024\/10\/atardecer-Cala-dhort-ibiza.jpg\" class=\"attachment-large size-large wp-image-1255\" alt=\"atardecer-Cala-dhort-ibiza\" srcset=\"https:\/\/www.5starshome.com\/blog\/wp-content\/uploads\/2024\/10\/atardecer-Cala-dhort-ibiza.jpg 711w, https:\/\/www.5starshome.com\/blog\/wp-content\/uploads\/2024\/10\/atardecer-Cala-dhort-ibiza-300x207.jpg 300w\" sizes=\"(max-width: 711px) 100vw, 711px\" \/>\t\t\t\t\t\t\t\t\t\t\t\t\t<\/div>\n\t\t\t\t<\/div>\n\t\t\t\t<\/div>\n\t\t\t\t\t<\/div>\n\t\t\t\t<\/div>\n\t\t<div class=\"elementor-element elementor-element-5f0b825 e-flex e-con-boxed e-con e-parent\" data-id=\"5f0b825\" data-element_type=\"container\">\n\t\t\t\t\t<div class=\"e-con-inner\">\n\t\t<div class=\"elementor-element elementor-element-5d0beba e-con-full e-flex e-con e-child\" data-id=\"5d0beba\" data-element_type=\"container\">\n\t\t\t\t<div class=\"elementor-element elementor-element-4ddf764 elementor-widget elementor-widget-heading\" data-id=\"4ddf764\" data-element_type=\"widget\" data-widget_type=\"heading.default\">\n\t\t\t\t<div class=\"elementor-widget-container\">\n\t\t\t<h3 class=\"elementor-heading-title elementor-size-default\">#4 Manger dans des restaurants locaux<\/h3>\t\t<\/div>\n\t\t\t\t<\/div>\n\t\t\t\t<div class=\"elementor-element elementor-element-5b5b3c5 elementor-widget elementor-widget-text-editor\" data-id=\"5b5b3c5\" data-element_type=\"widget\" data-widget_type=\"text-editor.default\">\n\t\t\t\t<div class=\"elementor-widget-container\">\n\t\t\t\t\t\t\t<p>Si, en plus d&rsquo;un environnement naturel de r\u00eave, vous souhaitez <strong>d\u00e9guster la meilleure cuisine \u00e0 base de fruits de mer<\/strong>, la Cala d&rsquo;Hort est l&rsquo;endroit qu&rsquo;il vous faut. Il y a de nombreux restaurants \u00e0 proximit\u00e9 o\u00f9 vous pourrez d\u00e9guster la vraie cuisine d&rsquo;Ibiza. Rien de mieux qu&rsquo;une bonne paella, des fruits de mer ou du poisson frais avec une vue sur Es Vedr\u00e0 pour compl\u00e9ter l&rsquo;exp\u00e9rience, n&rsquo;est-ce pas ?<\/p><p>Et si vous \u00eates plut\u00f4t amateur de viande, vous disposerez \u00e9galement de nombreuses options, l&rsquo;agneau ou le veau \u00e9tant des produits tr\u00e8s typiques de la cuisine de Sant Josep.<strong> Voici quelques-uns des restaurants qui sauront le mieux satisfaire votre palais : Cala d&rsquo;hort &#8211; oui, oui, le m\u00eame nom -, El Carmen, Es Boldado ou La Mesa D&rsquo;es Vedr\u00e0. <\/strong>Tous offrent des plats d\u00e9licieux.<\/p>\t\t\t\t\t\t<\/div>\n\t\t\t\t<\/div>\n\t\t\t\t<\/div>\n\t\t<div class=\"elementor-element elementor-element-bec4ea9 e-con-full e-flex e-con e-child\" data-id=\"bec4ea9\" data-element_type=\"container\">\n\t\t\t\t<div class=\"elementor-element elementor-element-46ed118 elementor-widget elementor-widget-image\" data-id=\"46ed118\" data-element_type=\"widget\" data-widget_type=\"image.default\">\n\t\t\t\t<div class=\"elementor-widget-container\">\n\t\t\t\t\t\t\t\t\t\t\t\t\t<img decoding=\"async\" width=\"723\" height=\"483\" src=\"https:\/\/www.5starshome.com\/blog\/wp-content\/uploads\/2024\/10\/restaurante-Cala-dhort-ibiza.jpg\" class=\"attachment-large size-large wp-image-1251\" alt=\"restaurante-Cala-dhort-ibiza\" srcset=\"https:\/\/www.5starshome.com\/blog\/wp-content\/uploads\/2024\/10\/restaurante-Cala-dhort-ibiza.jpg 723w, https:\/\/www.5starshome.com\/blog\/wp-content\/uploads\/2024\/10\/restaurante-Cala-dhort-ibiza-300x200.jpg 300w\" sizes=\"(max-width: 723px) 100vw, 723px\" \/>\t\t\t\t\t\t\t\t\t\t\t\t\t<\/div>\n\t\t\t\t<\/div>\n\t\t\t\t<\/div>\n\t\t\t\t\t<\/div>\n\t\t\t\t<\/div>\n\t\t<div class=\"elementor-element elementor-element-ef497bd e-flex e-con-boxed e-con e-parent\" data-id=\"ef497bd\" data-element_type=\"container\">\n\t\t\t\t\t<div class=\"e-con-inner\">\n\t\t\t\t<div class=\"elementor-element elementor-element-7c57c06 elementor-widget elementor-widget-heading\" data-id=\"7c57c06\" data-element_type=\"widget\" data-widget_type=\"heading.default\">\n\t\t\t\t<div class=\"elementor-widget-container\">\n\t\t\t<h2 class=\"elementor-heading-title elementor-size-default\">Conseils pour profiter au maximum de la Cala d'Hort<\/h2>\t\t<\/div>\n\t\t\t\t<\/div>\n\t\t\t\t<div class=\"elementor-element elementor-element-dd8de5b elementor-widget elementor-widget-text-editor\" data-id=\"dd8de5b\" data-element_type=\"widget\" data-widget_type=\"text-editor.default\">\n\t\t\t\t<div class=\"elementor-widget-container\">\n\t\t\t\t\t\t\t<p><strong>Le meilleur conseil que nous puissions vous donner est d&rsquo;arriver t\u00f4t.<\/strong> La Cala d&rsquo;Hort est une plage tr\u00e8s fr\u00e9quent\u00e9e, surtout en haute saison. Arriver t\u00f4t vous permettra de trouver un bon emplacement et de profiter davantage des environs.<\/p>\t\t\t\t\t\t<\/div>\n\t\t\t\t<\/div>\n\t\t\t\t\t<\/div>\n\t\t\t\t<\/div>\n\t\t<div class=\"elementor-element elementor-element-c941247 e-flex e-con-boxed e-con e-parent\" data-id=\"c941247\" data-element_type=\"container\">\n\t\t\t\t\t<div class=\"e-con-inner\">\n\t\t<div class=\"elementor-element elementor-element-83bb8ae e-con-full e-flex e-con e-child\" data-id=\"83bb8ae\" data-element_type=\"container\">\n\t\t\t\t<div class=\"elementor-element elementor-element-64801b2 elementor-widget elementor-widget-text-editor\" data-id=\"64801b2\" data-element_type=\"widget\" data-widget_type=\"text-editor.default\">\n\t\t\t\t<div class=\"elementor-widget-container\">\n\t\t\t\t\t\t\t<p>Et avant de partir, pr\u00e9voyez au moins un sac avec de la <strong>cr\u00e8me solaire, un chapeau et des lunettes de soleil<\/strong>. Bien qu&rsquo;il y ait des restaurants \u00e0 proximit\u00e9, il est pr\u00e9f\u00e9rable d&rsquo;apporter de l&rsquo;eau et quelque chose \u00e0 manger, surtout si vous pr\u00e9voyez de passer toute la journ\u00e9e sur la plage.<\/p><p>Si vous pr\u00e9voyez \u00e9galement de faire une randonn\u00e9e jusqu&rsquo;au point de vue ou d&#8217;emprunter l&rsquo;un des sentiers de randonn\u00e9e, n&rsquo;oubliez pas de vous munir de <strong>chaussures adapt\u00e9es<\/strong>, car certains sentiers sont assez accident\u00e9s.<\/p><p>Et le plus important :<strong> La Cala d&rsquo;Hort est une zone naturelle prot\u00e9g\u00e9e. N&rsquo;oubliez pas de respecter l&rsquo;environnement<\/strong>, de ne pas laisser de d\u00e9chets et d&rsquo;\u00e9viter d&rsquo;endommager la flore et la faune locales.<\/p>\t\t\t\t\t\t<\/div>\n\t\t\t\t<\/div>\n\t\t\t\t<\/div>\n\t\t<div class=\"elementor-element elementor-element-82043b9 e-con-full e-flex e-con e-child\" data-id=\"82043b9\" data-element_type=\"container\">\n\t\t\t\t<div class=\"elementor-element elementor-element-a179aa4 elementor-widget elementor-widget-google_maps\" data-id=\"a179aa4\" data-element_type=\"widget\" data-widget_type=\"google_maps.default\">\n\t\t\t\t<div class=\"elementor-widget-container\">\n\t\t\t<style>\/*! elementor - v3.23.0 - 23-07-2024 *\/\n.elementor-widget-google_maps .elementor-widget-container{overflow:hidden}.elementor-widget-google_maps .elementor-custom-embed{line-height:0}.elementor-widget-google_maps iframe{height:300px}<\/style>\t\t<div class=\"elementor-custom-embed\">\n\t\t\t<iframe loading=\"lazy\"\n\t\t\t\t\tsrc=\"https:\/\/maps.google.com\/maps?q=cala%20d%27hort&#038;t=m&#038;z=9&#038;output=embed&#038;iwloc=near\"\n\t\t\t\t\ttitle=\"cala d&#039;hort\"\n\t\t\t\t\taria-label=\"cala d&#039;hort\"\n\t\t\t><\/iframe>\n\t\t<\/div>\n\t\t\t\t<\/div>\n\t\t\t\t<\/div>\n\t\t\t\t<\/div>\n\t\t\t\t\t<\/div>\n\t\t\t\t<\/div>\n\t\t<div class=\"elementor-element elementor-element-00d855a e-flex e-con-boxed e-con e-parent\" data-id=\"00d855a\" data-element_type=\"container\">\n\t\t\t\t\t<div class=\"e-con-inner\">\n\t\t\t\t<div class=\"elementor-element elementor-element-141712a elementor-widget elementor-widget-heading\" data-id=\"141712a\" data-element_type=\"widget\" data-widget_type=\"heading.default\">\n\t\t\t\t<div class=\"elementor-widget-container\">\n\t\t\t<h2 class=\"elementor-heading-title elementor-size-default\">Vous voulez conna\u00eetre la Cala d'Hort \u00e0 Ibiza ?<\/h2>\t\t<\/div>\n\t\t\t\t<\/div>\n\t\t\t\t<div class=\"elementor-element elementor-element-226618c elementor-widget elementor-widget-text-editor\" data-id=\"226618c\" data-element_type=\"widget\" data-widget_type=\"text-editor.default\">\n\t\t\t\t<div class=\"elementor-widget-container\">\n\t\t\t\t\t\t\t<p><strong>La Cala d&rsquo;Hort est sans aucun doute l&rsquo;un des endroits qu&rsquo;il faut voir au moins une fois dans sa vie.<\/strong> Ses paysages, son atmosph\u00e8re et la connexion avec la nature qu&rsquo;elle offre vous feront tomber encore plus amoureux d&rsquo;Ibiza. Si vous r\u00eavez d\u00e9j\u00e0 de passer quelques jours \u00e0 explorer l&rsquo;\u00eele et \u00e0 profiter de tout ce que la Cala d&rsquo;Hort a \u00e0 offrir, pourquoi ne pas franchir le pas ?<\/p><p><strong>Chez <\/strong><a href=\"https:\/\/www.5starshome.com\/fr\/\"><strong>5 Stars Home<\/strong><\/a><strong>, nous vous proposons les meilleurs logements pour vivre une exp\u00e9rience inoubliable \u00e0 Ibiza<\/strong> et, par la m\u00eame occasion, de conna\u00eetre en profondeur la Cala d&rsquo;Hort. Il ne vous reste plus qu&rsquo;\u00e0 trouver celui qui vous convient, \u00e0 le r\u00e9server et \u00e0 commencer \u00e0 planifier votre escapade !<\/p>\t\t\t\t\t\t<\/div>\n\t\t\t\t<\/div>\n\t\t\t\t\t<\/div>\n\t\t\t\t<\/div>\n\t\t<div class=\"elementor-element elementor-element-48c3edcd e-flex e-con-boxed e-con e-parent\" data-id=\"48c3edcd\" data-element_type=\"container\">\n\t\t\t\t\t<div class=\"e-con-inner\">\n\t\t<div class=\"elementor-element elementor-element-46cce87 e-con-full e-flex e-con e-child\" data-id=\"46cce87\" data-element_type=\"container\">\n\t\t\t\t<div class=\"elementor-element elementor-element-2eb591ac elementor-align-center elementor-widget elementor-widget-button\" data-id=\"2eb591ac\" data-element_type=\"widget\" data-widget_type=\"button.default\">\n\t\t\t\t<div class=\"elementor-widget-container\">\n\t\t\t\t\t<div class=\"elementor-button-wrapper\">\n\t\t\t<a class=\"elementor-button elementor-button-link elementor-size-sm\" href=\"https:\/\/www.5starshome.com\/fr\/location\/locations-ibiza-e7\/\">\n\t\t\t\t\t\t<span class=\"elementor-button-content-wrapper\">\n\t\t\t\t\t\t\t\t\t<span class=\"elementor-button-text\">H\u00e9bergement \u00e0 Ibiza<\/span>\n\t\t\t\t\t<\/span>\n\t\t\t\t\t<\/a>\n\t\t<\/div>\n\t\t\t\t<\/div>\n\t\t\t\t<\/div>\n\t\t\t\t<\/div>\n\t\t<div class=\"elementor-element elementor-element-460aa790 e-con-full e-flex e-con e-child\" data-id=\"460aa790\" data-element_type=\"container\">\n\t\t\t\t<div class=\"elementor-element elementor-element-74bcf4c4 elementor-align-center elementor-widget elementor-widget-button\" data-id=\"74bcf4c4\" data-element_type=\"widget\" data-widget_type=\"button.default\">\n\t\t\t\t<div class=\"elementor-widget-container\">\n\t\t\t\t\t<div class=\"elementor-button-wrapper\">\n\t\t\t<a class=\"elementor-button elementor-button-link elementor-size-sm\" href=\"https:\/\/www.5starshome.com\/fr\/location\/domaine-ibiza-c22e7\/\">\n\t\t\t\t\t\t<span class=\"elementor-button-content-wrapper\">\n\t\t\t\t\t\t\t\t\t<span class=\"elementor-button-text\">Fincas \u00e0 Ibiza<\/span>\n\t\t\t\t\t<\/span>\n\t\t\t\t\t<\/a>\n\t\t<\/div>\n\t\t\t\t<\/div>\n\t\t\t\t<\/div>\n\t\t\t\t<\/div>\n\t\t<div class=\"elementor-element elementor-element-f1a2652 e-con-full e-flex e-con e-child\" data-id=\"f1a2652\" data-element_type=\"container\">\n\t\t\t\t<div class=\"elementor-element elementor-element-26084d36 elementor-align-center elementor-widget elementor-widget-button\" data-id=\"26084d36\" data-element_type=\"widget\" data-widget_type=\"button.default\">\n\t\t\t\t<div class=\"elementor-widget-container\">\n\t\t\t\t\t<div class=\"elementor-button-wrapper\">\n\t\t\t<a class=\"elementor-button elementor-button-link elementor-size-sm\" href=\"https:\/\/www.5starshome.com\/fr\/location\/villas-ibiza-c2e7\/vue-liste\/\">\n\t\t\t\t\t\t<span class=\"elementor-button-content-wrapper\">\n\t\t\t\t\t\t\t\t\t<span class=\"elementor-button-text\">Villas de luxe \u00e0 Ibiza<\/span>\n\t\t\t\t\t<\/span>\n\t\t\t\t\t<\/a>\n\t\t<\/div>\n\t\t\t\t<\/div>\n\t\t\t\t<\/div>\n\t\t\t\t<\/div>\n\t\t<div class=\"elementor-element elementor-element-78c100d0 e-con-full e-flex e-con e-child\" data-id=\"78c100d0\" data-element_type=\"container\">\n\t\t\t\t<div class=\"elementor-element elementor-element-65076a18 elementor-align-center elementor-widget elementor-widget-button\" data-id=\"65076a18\" data-element_type=\"widget\" data-widget_type=\"button.default\">\n\t\t\t\t<div class=\"elementor-widget-container\">\n\t\t\t\t\t<div class=\"elementor-button-wrapper\">\n\t\t\t<a class=\"elementor-button elementor-button-link elementor-size-sm\" href=\"https:\/\/www.5starshome.com\/fr\/location\/maisons-ibiza-c19e7\/\">\n\t\t\t\t\t\t<span class=\"elementor-button-content-wrapper\">\n\t\t\t\t\t\t\t\t\t<span class=\"elementor-button-text\">Maisons \u00e0 Ibiza<\/span>\n\t\t\t\t\t<\/span>\n\t\t\t\t\t<\/a>\n\t\t<\/div>\n\t\t\t\t<\/div>\n\t\t\t\t<\/div>\n\t\t\t\t<\/div>\n\t\t\t\t\t<\/div>\n\t\t\t\t<\/div>\n\t\t\t\t<\/div>\n\t\t","protected":false},"excerpt":{"rendered":"<p>Ibiza n&rsquo;est pas seulement synonyme de f\u00eates et de nuits interminables. Cette merveilleuse \u00eele des Bal\u00e9ares a aussi un c\u00f4t\u00e9 tranquille et une nature qu&rsquo;il faut apprendre \u00e0 conna\u00eetre. Il existe de nombreux endroits spectaculaires qui, nous en sommes s\u00fbrs, vous s\u00e9duiront, mais il y en a un qui refl\u00e8te parfaitement le caract\u00e8re le plus [&hellip;]<\/p>\n","protected":false},"author":6,"featured_media":1261,"comment_status":"open","ping_status":"open","sticky":false,"template":"","format":"standard","meta":{"footnotes":""},"categories":[54],"tags":[],"class_list":["post-1300","post","type-post","status-publish","format-standard","has-post-thumbnail","hentry","category-ibiza-fr"],"yoast_head":"<!-- This site is optimized with the Yoast SEO plugin v23.1 - https:\/\/yoast.com\/wordpress\/plugins\/seo\/ -->\n<title>Cala d&#039;Hort : un paradis \u00e0 Ibiza\u00a0 - Voyage aux \u00celes Bal\u00e9ares<\/title>\n<meta name=\"description\" content=\"Profitez de la beaut\u00e9 naturelle de Cala d&#039;Hort \u00e0 Ibiza. Apprenez \u00e0 conna\u00eetre son point de vue et ses paysages uniques. N&#039;attendez plus !\" \/>\n<meta name=\"robots\" content=\"index, follow, max-snippet:-1, max-image-preview:large, max-video-preview:-1\" \/>\n<link rel=\"canonical\" href=\"https:\/\/www.5starshome.com\/blog\/fr\/cala-hort-ibiza\/\" \/>\n<meta property=\"og:locale\" content=\"fr_FR\" \/>\n<meta property=\"og:type\" content=\"article\" \/>\n<meta property=\"og:title\" content=\"Cala d&#039;Hort : un paradis \u00e0 Ibiza\u00a0 - Voyage aux \u00celes Bal\u00e9ares\" \/>\n<meta property=\"og:description\" content=\"Profitez de la beaut\u00e9 naturelle de Cala d&#039;Hort \u00e0 Ibiza. Apprenez \u00e0 conna\u00eetre son point de vue et ses paysages uniques. N&#039;attendez plus !\" \/>\n<meta property=\"og:url\" content=\"https:\/\/www.5starshome.com\/blog\/fr\/cala-hort-ibiza\/\" \/>\n<meta property=\"og:site_name\" content=\"Voyage aux \u00celes Bal\u00e9ares\" \/>\n<meta property=\"article:published_time\" content=\"2024-10-14T09:02:16+00:00\" \/>\n<meta property=\"article:modified_time\" content=\"2024-10-22T08:46:18+00:00\" \/>\n<meta property=\"og:image\" content=\"https:\/\/www.5starshome.com\/blog\/wp-content\/uploads\/2024\/10\/Cala-dhort-ibiza.jpg\" \/>\n\t<meta property=\"og:image:width\" content=\"1920\" \/>\n\t<meta property=\"og:image:height\" content=\"591\" \/>\n\t<meta property=\"og:image:type\" content=\"image\/jpeg\" \/>\n<meta name=\"author\" content=\"Thibaut\" \/>\n<meta name=\"twitter:card\" content=\"summary_large_image\" \/>\n<meta name=\"twitter:label1\" content=\"\u00c9crit par\" \/>\n\t<meta name=\"twitter:data1\" content=\"Thibaut\" \/>\n\t<meta name=\"twitter:label2\" content=\"Dur\u00e9e de lecture estim\u00e9e\" \/>\n\t<meta name=\"twitter:data2\" content=\"7 minutes\" \/>\n<script type=\"application\/ld+json\" class=\"yoast-schema-graph\">{\"@context\":\"https:\/\/schema.org\",\"@graph\":[{\"@type\":\"Article\",\"@id\":\"https:\/\/www.5starshome.com\/blog\/fr\/cala-hort-ibiza\/#article\",\"isPartOf\":{\"@id\":\"https:\/\/www.5starshome.com\/blog\/fr\/cala-hort-ibiza\/\"},\"author\":{\"name\":\"Thibaut\",\"@id\":\"https:\/\/www.5starshome.com\/blog\/fr\/#\/schema\/person\/f6f1eaa7ed2531be71dd94614016c927\"},\"headline\":\"Cala d&rsquo;Hort : un paradis \u00e0 Ibiza\u00a0\",\"datePublished\":\"2024-10-14T09:02:16+00:00\",\"dateModified\":\"2024-10-22T08:46:18+00:00\",\"mainEntityOfPage\":{\"@id\":\"https:\/\/www.5starshome.com\/blog\/fr\/cala-hort-ibiza\/\"},\"wordCount\":1322,\"commentCount\":0,\"publisher\":{\"@id\":\"https:\/\/www.5starshome.com\/blog\/fr\/#organization\"},\"image\":{\"@id\":\"https:\/\/www.5starshome.com\/blog\/fr\/cala-hort-ibiza\/#primaryimage\"},\"thumbnailUrl\":\"https:\/\/www.5starshome.com\/blog\/wp-content\/uploads\/2024\/10\/Cala-dhort-ibiza.jpg\",\"articleSection\":[\"Ibiza\"],\"inLanguage\":\"fr-FR\",\"potentialAction\":[{\"@type\":\"CommentAction\",\"name\":\"Comment\",\"target\":[\"https:\/\/www.5starshome.com\/blog\/fr\/cala-hort-ibiza\/#respond\"]}]},{\"@type\":\"WebPage\",\"@id\":\"https:\/\/www.5starshome.com\/blog\/fr\/cala-hort-ibiza\/\",\"url\":\"https:\/\/www.5starshome.com\/blog\/fr\/cala-hort-ibiza\/\",\"name\":\"Cala d'Hort : un paradis \u00e0 Ibiza\u00a0 - Voyage aux \u00celes Bal\u00e9ares\",\"isPartOf\":{\"@id\":\"https:\/\/www.5starshome.com\/blog\/fr\/#website\"},\"primaryImageOfPage\":{\"@id\":\"https:\/\/www.5starshome.com\/blog\/fr\/cala-hort-ibiza\/#primaryimage\"},\"image\":{\"@id\":\"https:\/\/www.5starshome.com\/blog\/fr\/cala-hort-ibiza\/#primaryimage\"},\"thumbnailUrl\":\"https:\/\/www.5starshome.com\/blog\/wp-content\/uploads\/2024\/10\/Cala-dhort-ibiza.jpg\",\"datePublished\":\"2024-10-14T09:02:16+00:00\",\"dateModified\":\"2024-10-22T08:46:18+00:00\",\"description\":\"Profitez de la beaut\u00e9 naturelle de Cala d'Hort \u00e0 Ibiza. Apprenez \u00e0 conna\u00eetre son point de vue et ses paysages uniques. N'attendez plus !\",\"breadcrumb\":{\"@id\":\"https:\/\/www.5starshome.com\/blog\/fr\/cala-hort-ibiza\/#breadcrumb\"},\"inLanguage\":\"fr-FR\",\"potentialAction\":[{\"@type\":\"ReadAction\",\"target\":[\"https:\/\/www.5starshome.com\/blog\/fr\/cala-hort-ibiza\/\"]}]},{\"@type\":\"ImageObject\",\"inLanguage\":\"fr-FR\",\"@id\":\"https:\/\/www.5starshome.com\/blog\/fr\/cala-hort-ibiza\/#primaryimage\",\"url\":\"https:\/\/www.5starshome.com\/blog\/wp-content\/uploads\/2024\/10\/Cala-dhort-ibiza.jpg\",\"contentUrl\":\"https:\/\/www.5starshome.com\/blog\/wp-content\/uploads\/2024\/10\/Cala-dhort-ibiza.jpg\",\"width\":1920,\"height\":591,\"caption\":\"Cala d'hort ibiza\"},{\"@type\":\"BreadcrumbList\",\"@id\":\"https:\/\/www.5starshome.com\/blog\/fr\/cala-hort-ibiza\/#breadcrumb\",\"itemListElement\":[{\"@type\":\"ListItem\",\"position\":1,\"name\":\"Home\",\"item\":\"https:\/\/www.5starshome.com\/blog\/fr\/\"},{\"@type\":\"ListItem\",\"position\":2,\"name\":\"Cala d&rsquo;Hort : un paradis \u00e0 Ibiza\u00a0\"}]},{\"@type\":\"WebSite\",\"@id\":\"https:\/\/www.5starshome.com\/blog\/fr\/#website\",\"url\":\"https:\/\/www.5starshome.com\/blog\/fr\/\",\"name\":\"Voyage aux \u00celes Bal\u00e9ares\",\"description\":\"Holiday Rentals 5starshome\",\"publisher\":{\"@id\":\"https:\/\/www.5starshome.com\/blog\/fr\/#organization\"},\"potentialAction\":[{\"@type\":\"SearchAction\",\"target\":{\"@type\":\"EntryPoint\",\"urlTemplate\":\"https:\/\/www.5starshome.com\/blog\/fr\/?s={search_term_string}\"},\"query-input\":\"required name=search_term_string\"}],\"inLanguage\":\"fr-FR\"},{\"@type\":\"Organization\",\"@id\":\"https:\/\/www.5starshome.com\/blog\/fr\/#organization\",\"name\":\"Voyage aux \u00celes Bal\u00e9ares\",\"url\":\"https:\/\/www.5starshome.com\/blog\/fr\/\",\"logo\":{\"@type\":\"ImageObject\",\"inLanguage\":\"fr-FR\",\"@id\":\"https:\/\/www.5starshome.com\/blog\/fr\/#\/schema\/logo\/image\/\",\"url\":\"https:\/\/www.5starshome.com\/blog\/wp-content\/uploads\/2024\/10\/logo-1.png\",\"contentUrl\":\"https:\/\/www.5starshome.com\/blog\/wp-content\/uploads\/2024\/10\/logo-1.png\",\"width\":200,\"height\":68,\"caption\":\"Voyage aux \u00celes Bal\u00e9ares\"},\"image\":{\"@id\":\"https:\/\/www.5starshome.com\/blog\/fr\/#\/schema\/logo\/image\/\"}},{\"@type\":\"Person\",\"@id\":\"https:\/\/www.5starshome.com\/blog\/fr\/#\/schema\/person\/f6f1eaa7ed2531be71dd94614016c927\",\"name\":\"Thibaut\",\"image\":{\"@type\":\"ImageObject\",\"inLanguage\":\"fr-FR\",\"@id\":\"https:\/\/www.5starshome.com\/blog\/fr\/#\/schema\/person\/image\/\",\"url\":\"https:\/\/secure.gravatar.com\/avatar\/1657d3e03cb74dfd00a369778744d0f6773802ba2d5232a1fad7d484cfa7dcbe?s=96&d=mm&r=g\",\"contentUrl\":\"https:\/\/secure.gravatar.com\/avatar\/1657d3e03cb74dfd00a369778744d0f6773802ba2d5232a1fad7d484cfa7dcbe?s=96&d=mm&r=g\",\"caption\":\"Thibaut\"},\"url\":\"https:\/\/www.5starshome.com\/blog\/fr\/author\/thibaut\/\"}]}<\/script>\n<!-- \/ Yoast SEO plugin. -->","yoast_head_json":{"title":"Cala d'Hort : un paradis \u00e0 Ibiza\u00a0 - Voyage aux \u00celes Bal\u00e9ares","description":"Profitez de la beaut\u00e9 naturelle de Cala d'Hort \u00e0 Ibiza. Apprenez \u00e0 conna\u00eetre son point de vue et ses paysages uniques. N'attendez plus !","robots":{"index":"index","follow":"follow","max-snippet":"max-snippet:-1","max-image-preview":"max-image-preview:large","max-video-preview":"max-video-preview:-1"},"canonical":"https:\/\/www.5starshome.com\/blog\/fr\/cala-hort-ibiza\/","og_locale":"fr_FR","og_type":"article","og_title":"Cala d'Hort : un paradis \u00e0 Ibiza\u00a0 - Voyage aux \u00celes Bal\u00e9ares","og_description":"Profitez de la beaut\u00e9 naturelle de Cala d'Hort \u00e0 Ibiza. Apprenez \u00e0 conna\u00eetre son point de vue et ses paysages uniques. N'attendez plus !","og_url":"https:\/\/www.5starshome.com\/blog\/fr\/cala-hort-ibiza\/","og_site_name":"Voyage aux \u00celes Bal\u00e9ares","article_published_time":"2024-10-14T09:02:16+00:00","article_modified_time":"2024-10-22T08:46:18+00:00","og_image":[{"width":1920,"height":591,"url":"https:\/\/www.5starshome.com\/blog\/wp-content\/uploads\/2024\/10\/Cala-dhort-ibiza.jpg","type":"image\/jpeg"}],"author":"Thibaut","twitter_card":"summary_large_image","twitter_misc":{"\u00c9crit par":"Thibaut","Dur\u00e9e de lecture estim\u00e9e":"7 minutes"},"schema":{"@context":"https:\/\/schema.org","@graph":[{"@type":"Article","@id":"https:\/\/www.5starshome.com\/blog\/fr\/cala-hort-ibiza\/#article","isPartOf":{"@id":"https:\/\/www.5starshome.com\/blog\/fr\/cala-hort-ibiza\/"},"author":{"name":"Thibaut","@id":"https:\/\/www.5starshome.com\/blog\/fr\/#\/schema\/person\/f6f1eaa7ed2531be71dd94614016c927"},"headline":"Cala d&rsquo;Hort : un paradis \u00e0 Ibiza\u00a0","datePublished":"2024-10-14T09:02:16+00:00","dateModified":"2024-10-22T08:46:18+00:00","mainEntityOfPage":{"@id":"https:\/\/www.5starshome.com\/blog\/fr\/cala-hort-ibiza\/"},"wordCount":1322,"commentCount":0,"publisher":{"@id":"https:\/\/www.5starshome.com\/blog\/fr\/#organization"},"image":{"@id":"https:\/\/www.5starshome.com\/blog\/fr\/cala-hort-ibiza\/#primaryimage"},"thumbnailUrl":"https:\/\/www.5starshome.com\/blog\/wp-content\/uploads\/2024\/10\/Cala-dhort-ibiza.jpg","articleSection":["Ibiza"],"inLanguage":"fr-FR","potentialAction":[{"@type":"CommentAction","name":"Comment","target":["https:\/\/www.5starshome.com\/blog\/fr\/cala-hort-ibiza\/#respond"]}]},{"@type":"WebPage","@id":"https:\/\/www.5starshome.com\/blog\/fr\/cala-hort-ibiza\/","url":"https:\/\/www.5starshome.com\/blog\/fr\/cala-hort-ibiza\/","name":"Cala d'Hort : un paradis \u00e0 Ibiza\u00a0 - Voyage aux \u00celes Bal\u00e9ares","isPartOf":{"@id":"https:\/\/www.5starshome.com\/blog\/fr\/#website"},"primaryImageOfPage":{"@id":"https:\/\/www.5starshome.com\/blog\/fr\/cala-hort-ibiza\/#primaryimage"},"image":{"@id":"https:\/\/www.5starshome.com\/blog\/fr\/cala-hort-ibiza\/#primaryimage"},"thumbnailUrl":"https:\/\/www.5starshome.com\/blog\/wp-content\/uploads\/2024\/10\/Cala-dhort-ibiza.jpg","datePublished":"2024-10-14T09:02:16+00:00","dateModified":"2024-10-22T08:46:18+00:00","description":"Profitez de la beaut\u00e9 naturelle de Cala d'Hort \u00e0 Ibiza. Apprenez \u00e0 conna\u00eetre son point de vue et ses paysages uniques. N'attendez plus !","breadcrumb":{"@id":"https:\/\/www.5starshome.com\/blog\/fr\/cala-hort-ibiza\/#breadcrumb"},"inLanguage":"fr-FR","potentialAction":[{"@type":"ReadAction","target":["https:\/\/www.5starshome.com\/blog\/fr\/cala-hort-ibiza\/"]}]},{"@type":"ImageObject","inLanguage":"fr-FR","@id":"https:\/\/www.5starshome.com\/blog\/fr\/cala-hort-ibiza\/#primaryimage","url":"https:\/\/www.5starshome.com\/blog\/wp-content\/uploads\/2024\/10\/Cala-dhort-ibiza.jpg","contentUrl":"https:\/\/www.5starshome.com\/blog\/wp-content\/uploads\/2024\/10\/Cala-dhort-ibiza.jpg","width":1920,"height":591,"caption":"Cala d'hort ibiza"},{"@type":"BreadcrumbList","@id":"https:\/\/www.5starshome.com\/blog\/fr\/cala-hort-ibiza\/#breadcrumb","itemListElement":[{"@type":"ListItem","position":1,"name":"Home","item":"https:\/\/www.5starshome.com\/blog\/fr\/"},{"@type":"ListItem","position":2,"name":"Cala d&rsquo;Hort : un paradis \u00e0 Ibiza\u00a0"}]},{"@type":"WebSite","@id":"https:\/\/www.5starshome.com\/blog\/fr\/#website","url":"https:\/\/www.5starshome.com\/blog\/fr\/","name":"Voyage aux \u00celes Bal\u00e9ares","description":"Holiday Rentals 5starshome","publisher":{"@id":"https:\/\/www.5starshome.com\/blog\/fr\/#organization"},"potentialAction":[{"@type":"SearchAction","target":{"@type":"EntryPoint","urlTemplate":"https:\/\/www.5starshome.com\/blog\/fr\/?s={search_term_string}"},"query-input":"required name=search_term_string"}],"inLanguage":"fr-FR"},{"@type":"Organization","@id":"https:\/\/www.5starshome.com\/blog\/fr\/#organization","name":"Voyage aux \u00celes Bal\u00e9ares","url":"https:\/\/www.5starshome.com\/blog\/fr\/","logo":{"@type":"ImageObject","inLanguage":"fr-FR","@id":"https:\/\/www.5starshome.com\/blog\/fr\/#\/schema\/logo\/image\/","url":"https:\/\/www.5starshome.com\/blog\/wp-content\/uploads\/2024\/10\/logo-1.png","contentUrl":"https:\/\/www.5starshome.com\/blog\/wp-content\/uploads\/2024\/10\/logo-1.png","width":200,"height":68,"caption":"Voyage aux \u00celes Bal\u00e9ares"},"image":{"@id":"https:\/\/www.5starshome.com\/blog\/fr\/#\/schema\/logo\/image\/"}},{"@type":"Person","@id":"https:\/\/www.5starshome.com\/blog\/fr\/#\/schema\/person\/f6f1eaa7ed2531be71dd94614016c927","name":"Thibaut","image":{"@type":"ImageObject","inLanguage":"fr-FR","@id":"https:\/\/www.5starshome.com\/blog\/fr\/#\/schema\/person\/image\/","url":"https:\/\/secure.gravatar.com\/avatar\/1657d3e03cb74dfd00a369778744d0f6773802ba2d5232a1fad7d484cfa7dcbe?s=96&d=mm&r=g","contentUrl":"https:\/\/secure.gravatar.com\/avatar\/1657d3e03cb74dfd00a369778744d0f6773802ba2d5232a1fad7d484cfa7dcbe?s=96&d=mm&r=g","caption":"Thibaut"},"url":"https:\/\/www.5starshome.com\/blog\/fr\/author\/thibaut\/"}]}},"_links":{"self":[{"href":"https:\/\/www.5starshome.com\/blog\/fr\/wp-json\/wp\/v2\/posts\/1300","targetHints":{"allow":["GET"]}}],"collection":[{"href":"https:\/\/www.5starshome.com\/blog\/fr\/wp-json\/wp\/v2\/posts"}],"about":[{"href":"https:\/\/www.5starshome.com\/blog\/fr\/wp-json\/wp\/v2\/types\/post"}],"author":[{"embeddable":true,"href":"https:\/\/www.5starshome.com\/blog\/fr\/wp-json\/wp\/v2\/users\/6"}],"replies":[{"embeddable":true,"href":"https:\/\/www.5starshome.com\/blog\/fr\/wp-json\/wp\/v2\/comments?post=1300"}],"version-history":[{"count":12,"href":"https:\/\/www.5starshome.com\/blog\/fr\/wp-json\/wp\/v2\/posts\/1300\/revisions"}],"predecessor-version":[{"id":1338,"href":"https:\/\/www.5starshome.com\/blog\/fr\/wp-json\/wp\/v2\/posts\/1300\/revisions\/1338"}],"wp:featuredmedia":[{"embeddable":true,"href":"https:\/\/www.5starshome.com\/blog\/fr\/wp-json\/wp\/v2\/media\/1261"}],"wp:attachment":[{"href":"https:\/\/www.5starshome.com\/blog\/fr\/wp-json\/wp\/v2\/media?parent=1300"}],"wp:term":[{"taxonomy":"category","embeddable":true,"href":"https:\/\/www.5starshome.com\/blog\/fr\/wp-json\/wp\/v2\/categories?post=1300"},{"taxonomy":"post_tag","embeddable":true,"href":"https:\/\/www.5starshome.com\/blog\/fr\/wp-json\/wp\/v2\/tags?post=1300"}],"curies":[{"name":"wp","href":"https:\/\/api.w.org\/{rel}","templated":true}]}}