{"id":1427,"date":"2024-11-18T15:00:30","date_gmt":"2024-11-18T15:00:30","guid":{"rendered":"https:\/\/www.5starshome.com\/blog\/?p=1427"},"modified":"2024-11-26T10:42:16","modified_gmt":"2024-11-26T10:42:16","slug":"carte-majorque","status":"publish","type":"post","link":"https:\/\/www.5starshome.com\/blog\/fr\/carte-majorque\/","title":{"rendered":"D\u00e9couvrez Majorque gr\u00e2ce \u00e0 sa carte"},"content":{"rendered":"\t\t<div data-elementor-type=\"wp-post\" data-elementor-id=\"1427\" class=\"elementor elementor-1427 elementor-1379\" data-elementor-post-type=\"post\">\n\t\t\t\t<div class=\"elementor-element elementor-element-287f8858 e-flex e-con-boxed e-con e-parent\" data-id=\"287f8858\" data-element_type=\"container\">\n\t\t\t\t\t<div class=\"e-con-inner\">\n\t\t\t\t<div class=\"elementor-element elementor-element-4ab86b52 elementor-widget elementor-widget-text-editor\" data-id=\"4ab86b52\" data-element_type=\"widget\" data-widget_type=\"text-editor.default\">\n\t\t\t\t<div class=\"elementor-widget-container\">\n\t\t\t<style>\/*! elementor - v3.23.0 - 23-07-2024 *\/\n.elementor-widget-text-editor.elementor-drop-cap-view-stacked .elementor-drop-cap{background-color:#69727d;color:#fff}.elementor-widget-text-editor.elementor-drop-cap-view-framed .elementor-drop-cap{color:#69727d;border:3px solid;background-color:transparent}.elementor-widget-text-editor:not(.elementor-drop-cap-view-default) .elementor-drop-cap{margin-top:8px}.elementor-widget-text-editor:not(.elementor-drop-cap-view-default) .elementor-drop-cap-letter{width:1em;height:1em}.elementor-widget-text-editor .elementor-drop-cap{float:left;text-align:center;line-height:1;font-size:50px}.elementor-widget-text-editor .elementor-drop-cap-letter{display:inline-block}<\/style>\t\t\t\t<p>Majorque n&rsquo;est pas seulement une destination aux plages idylliques et aux villages pittoresques, <strong>c&rsquo;est une \u00eele \u00e0 la g\u00e9ographie fascinante qui m\u00e9rite d&rsquo;\u00eatre d\u00e9couverte de mani\u00e8re approfondie<\/strong>. Si vous \u00eates intrigu\u00e9 par la fa\u00e7on dont la g\u00e9ographie et l&rsquo;organisation politique de Majorque ont fa\u00e7onn\u00e9 son caract\u00e8re, pr\u00e9parez-vous, car nous allons faire le tour de l&rsquo;\u00eele&#8230; avec la carte de Majorque en main !<\/p>\t\t\t\t\t\t<\/div>\n\t\t\t\t<\/div>\n\t\t\t\t\t<\/div>\n\t\t\t\t<\/div>\n\t\t<div class=\"elementor-element elementor-element-45337e8 e-flex e-con-boxed e-con e-parent\" data-id=\"45337e8\" data-element_type=\"container\">\n\t\t\t\t\t<div class=\"e-con-inner\">\n\t\t\t\t<div class=\"elementor-element elementor-element-5081d42b elementor-widget elementor-widget-table-of-contents\" data-id=\"5081d42b\" data-element_type=\"widget\" data-settings=\"{&quot;headings_by_tags&quot;:[&quot;h2&quot;],&quot;exclude_headings_by_selector&quot;:[],&quot;marker_view&quot;:&quot;bullets&quot;,&quot;icon&quot;:{&quot;value&quot;:&quot;&quot;,&quot;library&quot;:&quot;&quot;},&quot;hierarchical_view&quot;:&quot;yes&quot;,&quot;min_height&quot;:{&quot;unit&quot;:&quot;px&quot;,&quot;size&quot;:&quot;&quot;,&quot;sizes&quot;:[]},&quot;min_height_tablet&quot;:{&quot;unit&quot;:&quot;px&quot;,&quot;size&quot;:&quot;&quot;,&quot;sizes&quot;:[]},&quot;min_height_mobile&quot;:{&quot;unit&quot;:&quot;px&quot;,&quot;size&quot;:&quot;&quot;,&quot;sizes&quot;:[]}}\" data-widget_type=\"table-of-contents.default\">\n\t\t\t\t<div class=\"elementor-widget-container\">\n\t\t\t<style>\/*! elementor-pro - v3.23.0 - 23-07-2024 *\/\n.elementor-widget-table-of-contents .elementor-toc__header-title{color:var(--header-color)}.elementor-widget-table-of-contents.elementor-toc--collapsed .elementor-toc__toggle-button--collapse,.elementor-widget-table-of-contents:not(.elementor-toc--collapsed) .elementor-toc__toggle-button--expand{display:none}.elementor-widget-table-of-contents .elementor-widget-container{min-height:var(--box-min-height);border:var(--box-border-width,1px) solid var(--box-border-color,#9da5ae);border-radius:var(--box-border-radius,3px);background-color:var(--box-background-color);transition:min-height .4s;overflow:hidden}.elementor-toc__header{display:flex;align-items:center;justify-content:space-between;padding:var(--box-padding,20px);background-color:var(--header-background-color);border-bottom:var(--separator-width,1px) solid var(--box-border-color,#9da5ae)}.elementor-toc__header-title{font-size:18px;margin:0;color:var(--header-color);flex-grow:1}.elementor-toc__toggle-button{cursor:pointer;display:inline-flex}.elementor-toc__toggle-button i{color:var(--toggle-button-color)}.elementor-toc__toggle-button svg{height:1em;width:1em;fill:var(--toggle-button-color)}.elementor-toc__spinner-container{text-align:center}.elementor-toc__spinner{font-size:2em}.elementor-toc__spinner.e-font-icon-svg{height:1em;width:1em}.elementor-toc__body{padding:var(--box-padding,20px);max-height:var(--toc-body-max-height);overflow-y:auto}.elementor-toc__body::-webkit-scrollbar{width:7px}.elementor-toc__body::-webkit-scrollbar-thumb{background-color:#babfc5;border-radius:10px}.elementor-toc__list-wrapper{list-style:none;padding:0}.elementor-toc__list-item{margin-bottom:.5em}.elementor-toc__list-item.elementor-item-active{font-weight:700}.elementor-toc__list-item .elementor-toc__list-wrapper{margin-top:.5em;margin-inline-start:var(--nested-list-indent,1em)}.elementor-toc__list-item-text{transition-duration:var(--item-text-transition-duration)}.elementor-toc__list-item-text:hover{color:var(--item-text-hover-color);-webkit-text-decoration:var(--item-text-hover-decoration);text-decoration:var(--item-text-hover-decoration)}.elementor-toc__list-item-text.elementor-item-active{color:var(--item-text-active-color);-webkit-text-decoration:var(--item-text-active-decoration);text-decoration:var(--item-text-active-decoration)}.elementor-toc__list-item-text-wrapper{display:flex;align-items:center}.elementor-toc__list-item-text-wrapper:before,.elementor-toc__list-item-text-wrapper i{margin-inline-end:8px;color:var(--marker-color)}.elementor-toc__list-item-text-wrapper svg{margin-inline-end:8px;fill:var(--marker-color);height:var(--marker-size,.5em);width:var(--marker-size,.5em)}.elementor-toc__list-item-text-wrapper i{font-size:var(--marker-size,.5em)}.elementor-toc__list-item-text-wrapper:before{font-size:var(--marker-size,1em)}.elementor-toc--content-ellipsis .elementor-toc__list-item-text{white-space:nowrap;overflow:hidden;text-overflow:ellipsis}.elementor-toc__list-items--collapsible>.elementor-toc__list-wrapper>.elementor-toc__list-item>.elementor-toc__list-wrapper{display:none}.elementor-toc__heading-anchor{position:absolute}.elementor-toc__body .elementor-toc__list-item-text{color:var(--item-text-color);-webkit-text-decoration:var(--item-text-decoration);text-decoration:var(--item-text-decoration);transition-duration:var(--item-text-transition-duration)}.elementor-toc__body .elementor-toc__list-item-text:hover{color:var(--item-text-hover-color);-webkit-text-decoration:var(--item-text-hover-decoration);text-decoration:var(--item-text-hover-decoration)}.elementor-toc__body .elementor-toc__list-item-text.elementor-item-active{color:var(--item-text-active-color);-webkit-text-decoration:var(--item-text-active-decoration);text-decoration:var(--item-text-active-decoration)}ol.elementor-toc__list-wrapper{counter-reset:item}ol.elementor-toc__list-wrapper .elementor-toc__list-item{counter-increment:item}ol.elementor-toc__list-wrapper .elementor-toc__list-item-text-wrapper:before{content:counters(item,\".\") \". \"}<\/style>\t\t<div class=\"elementor-toc__header\">\n\t\t\t<div class=\"elementor-toc__header-title\">\n\t\t\t\tSOMMAIRE\t\t\t<\/div>\n\t\t\t\t\t<\/div>\n\t\t<div id=\"elementor-toc__5081d42b\" class=\"elementor-toc__body\">\n\t\t\t<div class=\"elementor-toc__spinner-container\">\n\t\t\t\t<svg class=\"elementor-toc__spinner eicon-animation-spin e-font-icon-svg e-eicon-loading\" aria-hidden=\"true\" viewBox=\"0 0 1000 1000\" xmlns=\"http:\/\/www.w3.org\/2000\/svg\"><path d=\"M500 975V858C696 858 858 696 858 500S696 142 500 142 142 304 142 500H25C25 237 238 25 500 25S975 237 975 500 763 975 500 975Z\"><\/path><\/svg>\t\t\t<\/div>\n\t\t<\/div>\n\t\t\t\t<\/div>\n\t\t\t\t<\/div>\n\t\t\t\t\t<\/div>\n\t\t\t\t<\/div>\n\t\t<div class=\"elementor-element elementor-element-caf32a7 e-flex e-con-boxed e-con e-parent\" data-id=\"caf32a7\" data-element_type=\"container\">\n\t\t\t\t\t<div class=\"e-con-inner\">\n\t\t\t\t<div class=\"elementor-element elementor-element-563df559 elementor-widget elementor-widget-heading\" data-id=\"563df559\" data-element_type=\"widget\" data-widget_type=\"heading.default\">\n\t\t\t\t<div class=\"elementor-widget-container\">\n\t\t\t<style>\/*! elementor - v3.23.0 - 23-07-2024 *\/\n.elementor-heading-title{padding:0;margin:0;line-height:1}.elementor-widget-heading .elementor-heading-title[class*=elementor-size-]>a{color:inherit;font-size:inherit;line-height:inherit}.elementor-widget-heading .elementor-heading-title.elementor-size-small{font-size:15px}.elementor-widget-heading .elementor-heading-title.elementor-size-medium{font-size:19px}.elementor-widget-heading .elementor-heading-title.elementor-size-large{font-size:29px}.elementor-widget-heading .elementor-heading-title.elementor-size-xl{font-size:39px}.elementor-widget-heading .elementor-heading-title.elementor-size-xxl{font-size:59px}<\/style><h2 class=\"elementor-heading-title elementor-size-default\">La g\u00e9ographie de Majorque : des montagnes, des rivi\u00e8res, des baies et des falaises spectaculaires<\/h2>\t\t<\/div>\n\t\t\t\t<\/div>\n\t\t\t\t<div class=\"elementor-element elementor-element-59e54ef elementor-widget elementor-widget-text-editor\" data-id=\"59e54ef\" data-element_type=\"widget\" data-widget_type=\"text-editor.default\">\n\t\t\t\t<div class=\"elementor-widget-container\">\n\t\t\t\t\t\t\t<p>La diversit\u00e9 g\u00e9ographique de Majorque en fait une destination incroyablement int\u00e9ressante pour tous les voyageurs. Ce petit coin de paradis de la M\u00e9diterran\u00e9e offre une telle vari\u00e9t\u00e9 de paysages, de montagnes, de baies et de falaises qu&rsquo;il n&rsquo;est pas toujours facile de d\u00e9cider ce qu&rsquo;il faut <a href=\"https:\/\/www.5starshome.com\/blog\/es\/que-ver-mallorca\/\">voir en premier \u00e0 Majorque<\/a>.<\/p><p>Que vous cherchiez \u00e0 atteindre les cimes de la Serra de Tramuntana ou \u00e0 profiter des eaux cristallines des baies du sud, l&rsquo;\u00eele constitue une \u0153uvre d&rsquo;art naturelle o\u00f9 que vous regardiez. Nous allons vous faire d\u00e9couvrir ses sites les plus int\u00e9ressants, un par un.<\/p>\t\t\t\t\t\t<\/div>\n\t\t\t\t<\/div>\n\t\t\t\t\t<\/div>\n\t\t\t\t<\/div>\n\t\t<div class=\"elementor-element elementor-element-3a7525a e-flex e-con-boxed e-con e-parent\" data-id=\"3a7525a\" data-element_type=\"container\">\n\t\t\t\t\t<div class=\"e-con-inner\">\n\t\t<div class=\"elementor-element elementor-element-c2496c5 e-con-full e-flex e-con e-child\" data-id=\"c2496c5\" data-element_type=\"container\">\n\t\t\t\t<div class=\"elementor-element elementor-element-e0968d3 elementor-widget elementor-widget-heading\" data-id=\"e0968d3\" data-element_type=\"widget\" data-widget_type=\"heading.default\">\n\t\t\t\t<div class=\"elementor-widget-container\">\n\t\t\t<h3 class=\"elementor-heading-title elementor-size-default\">La majestueuse Serra de Tramuntana<\/h3>\t\t<\/div>\n\t\t\t\t<\/div>\n\t\t\t\t<div class=\"elementor-element elementor-element-2e4ee1f elementor-widget elementor-widget-text-editor\" data-id=\"2e4ee1f\" data-element_type=\"widget\" data-widget_type=\"text-editor.default\">\n\t\t\t\t<div class=\"elementor-widget-container\">\n\t\t\t\t\t\t\t<p>D\u00e9clar\u00e9e patrimoine mondial de l&rsquo;UNESCO, <strong>la Serra de Tramuntana est le c\u0153ur montagneux de Majorque.<\/strong> Cette cha\u00eene de montagnes longe le nord de l&rsquo;\u00eele comme une \u00e9pine dorsale et abrite des sommets tels que le Puig Major, le point culminant de toutes les \u00eeles Bal\u00e9ares, \u00e0 1 445 m\u00e8tres, et le Puig de Massanella, \u00e0 1 365 m\u00e8tres.<\/p><p>Si vous aimez la randonn\u00e9e, cette r\u00e9gion est un v\u00e9ritable paradis, avec des sentiers qui traversent des oliveraies s\u00e9culaires, des petits villages comme <strong>Dei\u00e0 et Fornalutx &#8211; consid\u00e9r\u00e9s comme les plus beaux d&rsquo;Espagne &#8211;<\/strong> et des vues \u00e0 couper le souffle comme celles du domaine de Son Marroig, l&rsquo;ancienne r\u00e9sidence de l&rsquo;archiduc Ludwig Salvator d&rsquo;Autriche.<\/p>\t\t\t\t\t\t<\/div>\n\t\t\t\t<\/div>\n\t\t\t\t<\/div>\n\t\t<div class=\"elementor-element elementor-element-6150173 e-con-full e-flex e-con e-child\" data-id=\"6150173\" data-element_type=\"container\">\n\t\t\t\t<div class=\"elementor-element elementor-element-73f518e elementor-widget elementor-widget-heading\" data-id=\"73f518e\" data-element_type=\"widget\" data-widget_type=\"heading.default\">\n\t\t\t\t<div class=\"elementor-widget-container\">\n\t\t\t<h3 class=\"elementor-heading-title elementor-size-default\">Les rivi\u00e8res : une curiosit\u00e9 rare<\/h3>\t\t<\/div>\n\t\t\t\t<\/div>\n\t\t\t\t<div class=\"elementor-element elementor-element-c0d37f8 elementor-widget elementor-widget-text-editor\" data-id=\"c0d37f8\" data-element_type=\"widget\" data-widget_type=\"text-editor.default\">\n\t\t\t\t<div class=\"elementor-widget-container\">\n\t\t\t\t\t\t\t<p>Majorque n&rsquo;est pas connue pour ses rivi\u00e8res ; en fait, elle n&rsquo;en a pas, mais elle compte des torrents saisonniers qui surgissent apr\u00e8s les pluies. <strong>Le plus c\u00e9l\u00e8bre est le torrent de Pareis<\/strong>, dans la Sierra de Tramuntana, qui se jette dans la spectaculaire crique de Sa Calobra. En plus d&rsquo;\u00eatre un ph\u00e9nom\u00e8ne naturel impressionnant, c&rsquo;est aussi un itin\u00e9raire de randonn\u00e9e c\u00e9l\u00e8bre avec son canyon et ses cascades qui offrent une beaut\u00e9 naturelle incomparable.<\/p><p>Et si vous pensiez que l&rsquo;absence de rivi\u00e8res signifiait que vous n&rsquo;alliez pas trouver de chutes d&rsquo;eau sur la carte de Majorque, vous vous trompez ! <strong>Dans la vall\u00e9e de l&rsquo;Orient, vous trouverez un petit paradis appel\u00e9 Es Salt des Freu<\/strong>, probablement la plus belle chute d&rsquo;eau de Majorque.<\/p>\t\t\t\t\t\t<\/div>\n\t\t\t\t<\/div>\n\t\t\t\t<\/div>\n\t\t\t\t\t<\/div>\n\t\t\t\t<\/div>\n\t\t<div class=\"elementor-element elementor-element-7edc51e e-flex e-con-boxed e-con e-parent\" data-id=\"7edc51e\" data-element_type=\"container\">\n\t\t\t\t\t<div class=\"e-con-inner\">\n\t\t\t\t<div class=\"elementor-element elementor-element-353eee0 elementor-widget elementor-widget-image\" data-id=\"353eee0\" data-element_type=\"widget\" data-widget_type=\"image.default\">\n\t\t\t\t<div class=\"elementor-widget-container\">\n\t\t\t<style>\/*! elementor - v3.23.0 - 23-07-2024 *\/\n.elementor-widget-image{text-align:center}.elementor-widget-image a{display:inline-block}.elementor-widget-image a img[src$=\".svg\"]{width:48px}.elementor-widget-image img{vertical-align:middle;display:inline-block}<\/style>\t\t\t\t\t\t\t\t\t\t<img decoding=\"async\" width=\"1333\" height=\"786\" src=\"https:\/\/www.5starshome.com\/blog\/wp-content\/uploads\/2024\/11\/Serra-tramuntana.jpg\" class=\"attachment-full size-full wp-image-1402\" alt=\"Serra-tramuntana\" srcset=\"https:\/\/www.5starshome.com\/blog\/wp-content\/uploads\/2024\/11\/Serra-tramuntana.jpg 1333w, https:\/\/www.5starshome.com\/blog\/wp-content\/uploads\/2024\/11\/Serra-tramuntana-300x177.jpg 300w, https:\/\/www.5starshome.com\/blog\/wp-content\/uploads\/2024\/11\/Serra-tramuntana-1024x604.jpg 1024w, https:\/\/www.5starshome.com\/blog\/wp-content\/uploads\/2024\/11\/Serra-tramuntana-768x453.jpg 768w\" sizes=\"(max-width: 1333px) 100vw, 1333px\" \/>\t\t\t\t\t\t\t\t\t\t\t\t\t<\/div>\n\t\t\t\t<\/div>\n\t\t\t\t\t<\/div>\n\t\t\t\t<\/div>\n\t\t<div class=\"elementor-element elementor-element-8743cdb e-flex e-con-boxed e-con e-parent\" data-id=\"8743cdb\" data-element_type=\"container\">\n\t\t\t\t\t<div class=\"e-con-inner\">\n\t\t<div class=\"elementor-element elementor-element-562837c e-con-full e-flex e-con e-child\" data-id=\"562837c\" data-element_type=\"container\">\n\t\t\t\t<div class=\"elementor-element elementor-element-e79e1d6 elementor-widget elementor-widget-heading\" data-id=\"e79e1d6\" data-element_type=\"widget\" data-widget_type=\"heading.default\">\n\t\t\t\t<div class=\"elementor-widget-container\">\n\t\t\t<h3 class=\"elementor-heading-title elementor-size-default\">Les baies : un tr\u00e9sor dans le Sud<\/h3>\t\t<\/div>\n\t\t\t\t<\/div>\n\t\t\t\t<div class=\"elementor-element elementor-element-fc1bbd5 elementor-widget elementor-widget-text-editor\" data-id=\"fc1bbd5\" data-element_type=\"widget\" data-widget_type=\"text-editor.default\">\n\t\t\t\t<div class=\"elementor-widget-container\">\n\t\t\t\t\t\t\t<p>La r\u00e9gion de Majorque est parsem\u00e9e de magnifiques baies. Les plus connues sont la <strong>baie de Palma,<\/strong> o\u00f9 la capitale fait face \u00e0 la M\u00e9diterran\u00e9e, la <strong>baie de Pollen\u00e7a<\/strong>, entour\u00e9e des impressionnants cap Formentor et cap des Pinar, et la <strong>baie d&rsquo;Alcudia<\/strong>, avec plusieurs plages de sable fin et des eaux peu profondes, id\u00e9ales pour les familles. Et si vous pr\u00e9f\u00e9rez quelque chose de plus discret, les petites criques du sud-est, comme la Cala Mondrag\u00f3 ou la Cala Llombards, sont une valeur s\u00fbre.<\/p>\t\t\t\t\t\t<\/div>\n\t\t\t\t<\/div>\n\t\t\t\t<\/div>\n\t\t<div class=\"elementor-element elementor-element-65da1b6 e-con-full e-flex e-con e-child\" data-id=\"65da1b6\" data-element_type=\"container\">\n\t\t\t\t<div class=\"elementor-element elementor-element-b1ce951 elementor-widget elementor-widget-heading\" data-id=\"b1ce951\" data-element_type=\"widget\" data-widget_type=\"heading.default\">\n\t\t\t\t<div class=\"elementor-widget-container\">\n\t\t\t<h3 class=\"elementor-heading-title elementor-size-default\">Les falaises : des merveilles naturelles \u00e0 couper le souffle<\/h3>\t\t<\/div>\n\t\t\t\t<\/div>\n\t\t\t\t<div class=\"elementor-element elementor-element-0abdb4f elementor-widget elementor-widget-text-editor\" data-id=\"0abdb4f\" data-element_type=\"widget\" data-widget_type=\"text-editor.default\">\n\t\t\t\t<div class=\"elementor-widget-container\">\n\t\t\t\t\t\t\t<p>Il est impossible de parler de la r\u00e9gion de Majorque sans \u00e9voquer ses impressionnantes falaises. Le long de la c\u00f4te, on trouve d&rsquo;innombrables formations rocheuses telles que le <strong>Cap Formentor<\/strong>, un endroit id\u00e9al pour des activit\u00e9s telles que la randonn\u00e9e et l&rsquo;observation des oiseaux, ou <strong>Sa Foradada<\/strong>, o\u00f9, en plus de profiter de la vue, vous pouvez vous d\u00e9tendre avec une boisson et une collation au bar de la plage. <strong>Sans oublier les falaises de Sa Dragonera et de Dei\u00e0, \u00e0 Valldemossa<\/strong>, d&rsquo;o\u00f9 l&rsquo;on dit que l&rsquo;on peut voir Barcelone par temps clair.<\/p>\t\t\t\t\t\t<\/div>\n\t\t\t\t<\/div>\n\t\t\t\t<\/div>\n\t\t\t\t\t<\/div>\n\t\t\t\t<\/div>\n\t\t<div class=\"elementor-element elementor-element-5e989fa e-flex e-con-boxed e-con e-parent\" data-id=\"5e989fa\" data-element_type=\"container\">\n\t\t\t\t\t<div class=\"e-con-inner\">\n\t\t\t\t<div class=\"elementor-element elementor-element-2fd5092 elementor-widget elementor-widget-image\" data-id=\"2fd5092\" data-element_type=\"widget\" data-widget_type=\"image.default\">\n\t\t\t\t<div class=\"elementor-widget-container\">\n\t\t\t\t\t\t\t\t\t\t\t\t\t<img decoding=\"async\" width=\"1366\" height=\"768\" src=\"https:\/\/www.5starshome.com\/blog\/wp-content\/uploads\/2024\/11\/bahia-mallorca.jpg\" class=\"attachment-full size-full wp-image-1406\" alt=\"bahia-mallorca\" srcset=\"https:\/\/www.5starshome.com\/blog\/wp-content\/uploads\/2024\/11\/bahia-mallorca.jpg 1366w, https:\/\/www.5starshome.com\/blog\/wp-content\/uploads\/2024\/11\/bahia-mallorca-300x169.jpg 300w, https:\/\/www.5starshome.com\/blog\/wp-content\/uploads\/2024\/11\/bahia-mallorca-1024x576.jpg 1024w, https:\/\/www.5starshome.com\/blog\/wp-content\/uploads\/2024\/11\/bahia-mallorca-768x432.jpg 768w\" sizes=\"(max-width: 1366px) 100vw, 1366px\" \/>\t\t\t\t\t\t\t\t\t\t\t\t\t<\/div>\n\t\t\t\t<\/div>\n\t\t\t\t\t<\/div>\n\t\t\t\t<\/div>\n\t\t<div class=\"elementor-element elementor-element-27e99d4 e-flex e-con-boxed e-con e-parent\" data-id=\"27e99d4\" data-element_type=\"container\">\n\t\t\t\t\t<div class=\"e-con-inner\">\n\t\t\t\t<div class=\"elementor-element elementor-element-23175b0 elementor-widget elementor-widget-heading\" data-id=\"23175b0\" data-element_type=\"widget\" data-widget_type=\"heading.default\">\n\t\t\t\t<div class=\"elementor-widget-container\">\n\t\t\t<h2 class=\"elementor-heading-title elementor-size-default\">La carte politique de Majorque : les grandes villes et des villages enchanteurs<\/h2>\t\t<\/div>\n\t\t\t\t<\/div>\n\t\t\t\t<div class=\"elementor-element elementor-element-7062028 elementor-widget elementor-widget-text-editor\" data-id=\"7062028\" data-element_type=\"widget\" data-widget_type=\"text-editor.default\">\n\t\t\t\t<div class=\"elementor-widget-container\">\n\t\t\t\t\t\t\t<p>Si la g\u00e9ographie de Majorque vous a surpris, attendez de d\u00e9couvrir sa division politique et administrative. L&rsquo;\u00eele poss\u00e8de une capitale, Palma de Majorque, qui a tout pour plaire, et de nombreux villages qui sont de v\u00e9ritables merveilles. Voyez par vous-m\u00eame !<\/p>\t\t\t\t\t\t<\/div>\n\t\t\t\t<\/div>\n\t\t\t\t\t<\/div>\n\t\t\t\t<\/div>\n\t\t<div class=\"elementor-element elementor-element-b74188a e-flex e-con-boxed e-con e-parent\" data-id=\"b74188a\" data-element_type=\"container\">\n\t\t\t\t\t<div class=\"e-con-inner\">\n\t\t<div class=\"elementor-element elementor-element-1cc594c e-con-full e-flex e-con e-child\" data-id=\"1cc594c\" data-element_type=\"container\">\n\t\t\t\t<div class=\"elementor-element elementor-element-7e054f6e elementor-widget elementor-widget-heading\" data-id=\"7e054f6e\" data-element_type=\"widget\" data-widget_type=\"heading.default\">\n\t\t\t\t<div class=\"elementor-widget-container\">\n\t\t\t<h3 class=\"elementor-heading-title elementor-size-default\">Palma de Majorque : le c\u0153ur de l'\u00eele<\/h3>\t\t<\/div>\n\t\t\t\t<\/div>\n\t\t\t\t<div class=\"elementor-element elementor-element-72b681a elementor-widget elementor-widget-image\" data-id=\"72b681a\" data-element_type=\"widget\" data-widget_type=\"image.default\">\n\t\t\t\t<div class=\"elementor-widget-container\">\n\t\t\t\t\t\t\t\t\t\t\t\t\t<img decoding=\"async\" src=\"https:\/\/www.5starshome.com\/blog\/wp-content\/uploads\/elementor\/thumbs\/casco-antiguo-Palma-de-mallorca-qvjgx5kj1afmacjgjs23jd2lm4ii8wvmc0tgb1h9cw.jpg\" title=\"casco-antiguo-Palma-de-mallorca\" alt=\"casco-antiguo-Palma-de-mallorca\" loading=\"lazy\" \/>\t\t\t\t\t\t\t\t\t\t\t\t\t<\/div>\n\t\t\t\t<\/div>\n\t\t\t\t<div class=\"elementor-element elementor-element-66743310 elementor-widget elementor-widget-text-editor\" data-id=\"66743310\" data-element_type=\"widget\" data-widget_type=\"text-editor.default\">\n\t\t\t\t<div class=\"elementor-widget-container\">\n\t\t\t\t\t\t\t<p>La capitale, Palma, est l&rsquo;\u00e9picentre de la vie urbaine de l&rsquo;\u00eele. Avec plus de 400 000 habitants, c&rsquo;est une ville qui combine \u00e0 la fois histoire et modernit\u00e9. Et <a href=\"https:\/\/www.5starshome.com\/blog\/es\/que-ver-palma-de-mallorca\/\">Palma de Majorque a beaucoup \u00e0 voir<\/a> : <strong>dans ses rues se cache une superbe vieille ville avec l&rsquo;imposante cath\u00e9drale de la Seu<\/strong>, des rues pav\u00e9es labyrinthiques, des cours cach\u00e9es et des places charmantes. Mais attention, la ville de Palma de Majorque se distingue aussi par sa gastronomie &#8211; elle compte un nombre infini de bars et de restaurants -, ses boutiques et sa vie nocturne anim\u00e9e. Bref, elle a tout pour plaire.<\/p>\t\t\t\t\t\t<\/div>\n\t\t\t\t<\/div>\n\t\t\t\t<\/div>\n\t\t<div class=\"elementor-element elementor-element-8926824 e-con-full e-flex e-con e-child\" data-id=\"8926824\" data-element_type=\"container\">\n\t\t\t\t<div class=\"elementor-element elementor-element-616411e elementor-widget elementor-widget-heading\" data-id=\"616411e\" data-element_type=\"widget\" data-widget_type=\"heading.default\">\n\t\t\t\t<div class=\"elementor-widget-container\">\n\t\t\t<h3 class=\"elementor-heading-title elementor-size-default\">Alcudia et Pollen\u00e7a : entre histoire et charme au nord<\/h3>\t\t<\/div>\n\t\t\t\t<\/div>\n\t\t\t\t<div class=\"elementor-element elementor-element-988f078 elementor-widget elementor-widget-image\" data-id=\"988f078\" data-element_type=\"widget\" data-widget_type=\"image.default\">\n\t\t\t\t<div class=\"elementor-widget-container\">\n\t\t\t\t\t\t\t\t\t\t\t\t\t<img decoding=\"async\" src=\"https:\/\/www.5starshome.com\/blog\/wp-content\/uploads\/elementor\/thumbs\/Puerta-de-Xara-qx8slr5y73wdwho9uxtvt6032l8suphcpxc79rgvxo.jpg\" title=\"Puerta-de-Xara\" alt=\"Puerta-de-Xara\" loading=\"lazy\" \/>\t\t\t\t\t\t\t\t\t\t\t\t\t<\/div>\n\t\t\t\t<\/div>\n\t\t\t\t<div class=\"elementor-element elementor-element-b792936 elementor-widget elementor-widget-text-editor\" data-id=\"b792936\" data-element_type=\"widget\" data-widget_type=\"text-editor.default\">\n\t\t\t\t<div class=\"elementor-widget-container\">\n\t\t\t\t\t\t\t<p>Dans le nord de l&rsquo;\u00eele se trouvent deux villages pleins de caract\u00e8re et de beaut\u00e9. <a href=\"https:\/\/www.5starshome.com\/blog\/es\/casco-antiguo-alcudia\/\"><strong>Alcudia se distingue par sa vieille ville<\/strong><\/a><strong> fortifi\u00e9e, id\u00e9ale pour se promener et remonter le temps, et Pollen\u00e7a, tout proche, avec ses charmantes rues pav\u00e9es et son atmosph\u00e8re boh\u00e8me qui a inspir\u00e9 des artistes, des compositeurs et des acteurs<\/strong> tels que Joaqu\u00edn Sorolla, Marilina Ross et Peter Ustinov. Ne manquez pas non plus son march\u00e9 hebdomadaire le dimanche, qui regorge de produits locaux et artisanaux.<\/p>\t\t\t\t\t\t<\/div>\n\t\t\t\t<\/div>\n\t\t\t\t<\/div>\n\t\t<div class=\"elementor-element elementor-element-c92a24b e-con-full e-flex e-con e-child\" data-id=\"c92a24b\" data-element_type=\"container\">\n\t\t\t\t<div class=\"elementor-element elementor-element-3a9992b elementor-widget elementor-widget-heading\" data-id=\"3a9992b\" data-element_type=\"widget\" data-widget_type=\"heading.default\">\n\t\t\t\t<div class=\"elementor-widget-container\">\n\t\t\t<h3 class=\"elementor-heading-title elementor-size-default\">S\u00f3ller et Valldemossa : le meilleur des montagnes de Tramuntana<\/h3>\t\t<\/div>\n\t\t\t\t<\/div>\n\t\t\t\t<div class=\"elementor-element elementor-element-160ae59 elementor-widget elementor-widget-image\" data-id=\"160ae59\" data-element_type=\"widget\" data-widget_type=\"image.default\">\n\t\t\t\t<div class=\"elementor-widget-container\">\n\t\t\t\t\t\t\t\t\t\t\t\t\t<img decoding=\"async\" src=\"https:\/\/www.5starshome.com\/blog\/wp-content\/uploads\/elementor\/thumbs\/Soller-Pueblos-mallorca-qx8sm3dunydebpuo1mg9h4u2ziso9ptgeckfiu897k.jpg\" title=\"Soller-Pueblos-mallorca\" alt=\"Soller-Pueblos-mallorca\" loading=\"lazy\" \/>\t\t\t\t\t\t\t\t\t\t\t\t\t<\/div>\n\t\t\t\t<\/div>\n\t\t\t\t<div class=\"elementor-element elementor-element-ba5fc3b elementor-widget elementor-widget-text-editor\" data-id=\"ba5fc3b\" data-element_type=\"widget\" data-widget_type=\"text-editor.default\">\n\t\t\t\t<div class=\"elementor-widget-container\">\n\t\t\t\t\t\t\t<p>Dans la Serra de Tramuntana, deux villages se distinguent par leur beaut\u00e9 : <strong>S\u00f3ller<\/strong>, connu pour son train en bois qui relie Palma et ses orangeraies qui embaument l&rsquo;air, et <strong>Valldemossa<\/strong>, c\u00e9l\u00e8bre pour abriter le palais du roi Sancho et la chartreuse, o\u00f9 Chopin passa l&rsquo;hiver.<\/p>\t\t\t\t\t\t<\/div>\n\t\t\t\t<\/div>\n\t\t\t\t<\/div>\n\t\t\t\t\t<\/div>\n\t\t\t\t<\/div>\n\t\t<div class=\"elementor-element elementor-element-d7220c2 e-flex e-con-boxed e-con e-parent\" data-id=\"d7220c2\" data-element_type=\"container\">\n\t\t\t\t\t<div class=\"e-con-inner\">\n\t\t\t\t<div class=\"elementor-element elementor-element-a7f0055 elementor-widget elementor-widget-heading\" data-id=\"a7f0055\" data-element_type=\"widget\" data-widget_type=\"heading.default\">\n\t\t\t\t<div class=\"elementor-widget-container\">\n\t\t\t<h2 class=\"elementor-heading-title elementor-size-default\">Voil\u00e0 pour la description de Majorque selon sa g\u00e9ographie<\/h2>\t\t<\/div>\n\t\t\t\t<\/div>\n\t\t\t\t<div class=\"elementor-element elementor-element-df17436 elementor-widget elementor-widget-text-editor\" data-id=\"df17436\" data-element_type=\"widget\" data-widget_type=\"text-editor.default\">\n\t\t\t\t<div class=\"elementor-widget-container\">\n\t\t\t\t\t\t\t<p>La carte de Majorque r\u00e9v\u00e8le que l&rsquo;\u00eele ne se limite pas aux plages, n&rsquo;est-ce pas ? Si vous pr\u00e9parez votre voyage, vous avez probablement d\u00e9j\u00e0 r\u00e9alis\u00e9 que cette \u00eele est pleine de contrastes et pr\u00e9sente un \u00e9quilibre entre la nature et la vie urbaine. Des hauteurs de la Sierra de Tramuntana aux petites criques cach\u00e9es, en passant par ses grandes villes et ses villages charg\u00e9s d&rsquo;histoire, <strong>Majorque a de quoi satisfaire tous les types de voyageurs<\/strong>.<\/p><p>Il en va de m\u00eame pour l&rsquo;h\u00e9bergement. <strong>Si vous avez d\u00e9j\u00e0 d\u00e9cid\u00e9 que Majorque serait votre destination de vacances, sachez que vous trouverez une grande vari\u00e9t\u00e9 d&rsquo;endroits o\u00f9 dormir<\/strong>, presque autant qu&rsquo;il y a de sites touristiques. Jetez un coup d&rsquo;\u0153il \u00e0 <a href=\"https:\/\/www.5starshome.com\/es\/alquiler\/alquileres-baleares-r14\/\">notre site web<\/a>, nous disposons d&rsquo;un grand nombre de maisons, de villas et de fincas parfaites pour explorer Majorque avec une carte \u00e0 l&rsquo;appui.<\/p>\t\t\t\t\t\t<\/div>\n\t\t\t\t<\/div>\n\t\t\t\t\t<\/div>\n\t\t\t\t<\/div>\n\t\t<div class=\"elementor-element elementor-element-23d16bdc e-flex e-con-boxed e-con e-parent\" data-id=\"23d16bdc\" data-element_type=\"container\">\n\t\t\t\t\t<div class=\"e-con-inner\">\n\t\t<div class=\"elementor-element elementor-element-5c8e0b76 e-con-full e-flex e-con e-child\" data-id=\"5c8e0b76\" data-element_type=\"container\">\n\t\t\t\t<div class=\"elementor-element elementor-element-a2f13ce elementor-align-center elementor-widget elementor-widget-button\" data-id=\"a2f13ce\" data-element_type=\"widget\" data-widget_type=\"button.default\">\n\t\t\t\t<div class=\"elementor-widget-container\">\n\t\t\t\t\t<div class=\"elementor-button-wrapper\">\n\t\t\t<a class=\"elementor-button elementor-button-link elementor-size-sm\" href=\"https:\/\/www.5starshome.com\/fr\/logement-majorque\/\">\n\t\t\t\t\t\t<span class=\"elementor-button-content-wrapper\">\n\t\t\t\t\t\t\t\t\t<span class=\"elementor-button-text\">H\u00e9b\u00e9rgement  \u00e0 Mallorca<\/span>\n\t\t\t\t\t<\/span>\n\t\t\t\t\t<\/a>\n\t\t<\/div>\n\t\t\t\t<\/div>\n\t\t\t\t<\/div>\n\t\t\t\t<\/div>\n\t\t<div class=\"elementor-element elementor-element-341ff9d3 e-con-full e-flex e-con e-child\" data-id=\"341ff9d3\" data-element_type=\"container\">\n\t\t\t\t<div class=\"elementor-element elementor-element-21e2578a elementor-align-center elementor-widget elementor-widget-button\" data-id=\"21e2578a\" data-element_type=\"widget\" data-widget_type=\"button.default\">\n\t\t\t\t<div class=\"elementor-widget-container\">\n\t\t\t\t\t<div class=\"elementor-button-wrapper\">\n\t\t\t<a class=\"elementor-button elementor-button-link elementor-size-sm\" href=\"https:\/\/www.5starshome.com\/fr\/finca-majorque\/\">\n\t\t\t\t\t\t<span class=\"elementor-button-content-wrapper\">\n\t\t\t\t\t\t\t\t\t<span class=\"elementor-button-text\">Domaine \u00e0  Mallorca<\/span>\n\t\t\t\t\t<\/span>\n\t\t\t\t\t<\/a>\n\t\t<\/div>\n\t\t\t\t<\/div>\n\t\t\t\t<\/div>\n\t\t\t\t<\/div>\n\t\t<div class=\"elementor-element elementor-element-754830ed e-con-full e-flex e-con e-child\" data-id=\"754830ed\" data-element_type=\"container\">\n\t\t\t\t<div class=\"elementor-element elementor-element-7975f557 elementor-align-center elementor-widget elementor-widget-button\" data-id=\"7975f557\" data-element_type=\"widget\" data-widget_type=\"button.default\">\n\t\t\t\t<div class=\"elementor-widget-container\">\n\t\t\t\t\t<div class=\"elementor-button-wrapper\">\n\t\t\t<a class=\"elementor-button elementor-button-link elementor-size-sm\" href=\"https:\/\/www.5starshome.com\/fr\/villa-a-majorque\/\">\n\t\t\t\t\t\t<span class=\"elementor-button-content-wrapper\">\n\t\t\t\t\t\t\t\t\t<span class=\"elementor-button-text\">Villas \u00e0 Majorque<\/span>\n\t\t\t\t\t<\/span>\n\t\t\t\t\t<\/a>\n\t\t<\/div>\n\t\t\t\t<\/div>\n\t\t\t\t<\/div>\n\t\t\t\t<\/div>\n\t\t<div class=\"elementor-element elementor-element-22eeca95 e-con-full e-flex e-con e-child\" data-id=\"22eeca95\" data-element_type=\"container\">\n\t\t\t\t<div class=\"elementor-element elementor-element-ea7cf18 elementor-align-center elementor-widget elementor-widget-button\" data-id=\"ea7cf18\" data-element_type=\"widget\" data-widget_type=\"button.default\">\n\t\t\t\t<div class=\"elementor-widget-container\">\n\t\t\t\t\t<div class=\"elementor-button-wrapper\">\n\t\t\t<a class=\"elementor-button elementor-button-link elementor-size-sm\" href=\"https:\/\/www.5starshome.com\/fr\/location-maison-a-majorque\/\">\n\t\t\t\t\t\t<span class=\"elementor-button-content-wrapper\">\n\t\t\t\t\t\t\t\t\t<span class=\"elementor-button-text\">Maison \u00e0 Majorque<\/span>\n\t\t\t\t\t<\/span>\n\t\t\t\t\t<\/a>\n\t\t<\/div>\n\t\t\t\t<\/div>\n\t\t\t\t<\/div>\n\t\t\t\t<\/div>\n\t\t\t\t\t<\/div>\n\t\t\t\t<\/div>\n\t\t\t\t<\/div>\n\t\t","protected":false},"excerpt":{"rendered":"<p>Majorque n&rsquo;est pas seulement une destination aux plages idylliques et aux villages pittoresques, c&rsquo;est une \u00eele \u00e0 la g\u00e9ographie fascinante qui m\u00e9rite d&rsquo;\u00eatre d\u00e9couverte de mani\u00e8re approfondie. Si vous \u00eates intrigu\u00e9 par la fa\u00e7on dont la g\u00e9ographie et l&rsquo;organisation politique de Majorque ont fa\u00e7onn\u00e9 son caract\u00e8re, pr\u00e9parez-vous, car nous allons faire le tour de l&rsquo;\u00eele&#8230; [&hellip;]<\/p>\n","protected":false},"author":6,"featured_media":1421,"comment_status":"open","ping_status":"open","sticky":false,"template":"","format":"standard","meta":{"footnotes":""},"categories":[63,4],"tags":[],"class_list":["post-1427","post","type-post","status-publish","format-standard","has-post-thumbnail","hentry","category-majorque-fr","category-non-classifiee"],"yoast_head":"<!-- This site is optimized with the Yoast SEO plugin v23.1 - https:\/\/yoast.com\/wordpress\/plugins\/seo\/ -->\n<title>D\u00e9couvrez Majorque gr\u00e2ce \u00e0 sa carte - Voyage aux \u00celes Bal\u00e9ares<\/title>\n<meta name=\"description\" content=\"Explorez la carte compl\u00e8te de Majorque et d\u00e9couvrez les coins \u00e0 ne pas manquer lors de votre prochaine visite.\" \/>\n<meta name=\"robots\" content=\"index, follow, max-snippet:-1, max-image-preview:large, max-video-preview:-1\" \/>\n<link rel=\"canonical\" href=\"https:\/\/www.5starshome.com\/blog\/fr\/carte-majorque\/\" \/>\n<meta property=\"og:locale\" content=\"fr_FR\" \/>\n<meta property=\"og:type\" content=\"article\" \/>\n<meta property=\"og:title\" content=\"D\u00e9couvrez Majorque gr\u00e2ce \u00e0 sa carte - Voyage aux \u00celes Bal\u00e9ares\" \/>\n<meta property=\"og:description\" content=\"Explorez la carte compl\u00e8te de Majorque et d\u00e9couvrez les coins \u00e0 ne pas manquer lors de votre prochaine visite.\" \/>\n<meta property=\"og:url\" content=\"https:\/\/www.5starshome.com\/blog\/fr\/carte-majorque\/\" \/>\n<meta property=\"og:site_name\" content=\"Voyage aux \u00celes Bal\u00e9ares\" \/>\n<meta property=\"article:published_time\" content=\"2024-11-18T15:00:30+00:00\" \/>\n<meta property=\"article:modified_time\" content=\"2024-11-26T10:42:16+00:00\" \/>\n<meta property=\"og:image\" content=\"https:\/\/www.5starshome.com\/blog\/wp-content\/uploads\/2024\/11\/mapa-mallorca.jpg\" \/>\n\t<meta property=\"og:image:width\" content=\"1920\" \/>\n\t<meta property=\"og:image:height\" content=\"710\" \/>\n\t<meta property=\"og:image:type\" content=\"image\/jpeg\" \/>\n<meta name=\"author\" content=\"Thibaut\" \/>\n<meta name=\"twitter:card\" content=\"summary_large_image\" \/>\n<meta name=\"twitter:label1\" content=\"\u00c9crit par\" \/>\n\t<meta name=\"twitter:data1\" content=\"Thibaut\" \/>\n\t<meta name=\"twitter:label2\" content=\"Dur\u00e9e de lecture estim\u00e9e\" \/>\n\t<meta name=\"twitter:data2\" content=\"7 minutes\" \/>\n<script type=\"application\/ld+json\" class=\"yoast-schema-graph\">{\"@context\":\"https:\/\/schema.org\",\"@graph\":[{\"@type\":\"Article\",\"@id\":\"https:\/\/www.5starshome.com\/blog\/fr\/carte-majorque\/#article\",\"isPartOf\":{\"@id\":\"https:\/\/www.5starshome.com\/blog\/fr\/carte-majorque\/\"},\"author\":{\"name\":\"Thibaut\",\"@id\":\"https:\/\/www.5starshome.com\/blog\/fr\/#\/schema\/person\/f6f1eaa7ed2531be71dd94614016c927\"},\"headline\":\"D\u00e9couvrez Majorque gr\u00e2ce \u00e0 sa carte\",\"datePublished\":\"2024-11-18T15:00:30+00:00\",\"dateModified\":\"2024-11-26T10:42:16+00:00\",\"mainEntityOfPage\":{\"@id\":\"https:\/\/www.5starshome.com\/blog\/fr\/carte-majorque\/\"},\"wordCount\":1208,\"commentCount\":0,\"publisher\":{\"@id\":\"https:\/\/www.5starshome.com\/blog\/fr\/#organization\"},\"image\":{\"@id\":\"https:\/\/www.5starshome.com\/blog\/fr\/carte-majorque\/#primaryimage\"},\"thumbnailUrl\":\"https:\/\/www.5starshome.com\/blog\/wp-content\/uploads\/2024\/11\/mapa-mallorca.jpg\",\"articleSection\":[\"Majorque\",\"Non classifi\u00e9(e)\"],\"inLanguage\":\"fr-FR\",\"potentialAction\":[{\"@type\":\"CommentAction\",\"name\":\"Comment\",\"target\":[\"https:\/\/www.5starshome.com\/blog\/fr\/carte-majorque\/#respond\"]}]},{\"@type\":\"WebPage\",\"@id\":\"https:\/\/www.5starshome.com\/blog\/fr\/carte-majorque\/\",\"url\":\"https:\/\/www.5starshome.com\/blog\/fr\/carte-majorque\/\",\"name\":\"D\u00e9couvrez Majorque gr\u00e2ce \u00e0 sa carte - Voyage aux \u00celes Bal\u00e9ares\",\"isPartOf\":{\"@id\":\"https:\/\/www.5starshome.com\/blog\/fr\/#website\"},\"primaryImageOfPage\":{\"@id\":\"https:\/\/www.5starshome.com\/blog\/fr\/carte-majorque\/#primaryimage\"},\"image\":{\"@id\":\"https:\/\/www.5starshome.com\/blog\/fr\/carte-majorque\/#primaryimage\"},\"thumbnailUrl\":\"https:\/\/www.5starshome.com\/blog\/wp-content\/uploads\/2024\/11\/mapa-mallorca.jpg\",\"datePublished\":\"2024-11-18T15:00:30+00:00\",\"dateModified\":\"2024-11-26T10:42:16+00:00\",\"description\":\"Explorez la carte compl\u00e8te de Majorque et d\u00e9couvrez les coins \u00e0 ne pas manquer lors de votre prochaine visite.\",\"breadcrumb\":{\"@id\":\"https:\/\/www.5starshome.com\/blog\/fr\/carte-majorque\/#breadcrumb\"},\"inLanguage\":\"fr-FR\",\"potentialAction\":[{\"@type\":\"ReadAction\",\"target\":[\"https:\/\/www.5starshome.com\/blog\/fr\/carte-majorque\/\"]}]},{\"@type\":\"ImageObject\",\"inLanguage\":\"fr-FR\",\"@id\":\"https:\/\/www.5starshome.com\/blog\/fr\/carte-majorque\/#primaryimage\",\"url\":\"https:\/\/www.5starshome.com\/blog\/wp-content\/uploads\/2024\/11\/mapa-mallorca.jpg\",\"contentUrl\":\"https:\/\/www.5starshome.com\/blog\/wp-content\/uploads\/2024\/11\/mapa-mallorca.jpg\",\"width\":1920,\"height\":710,\"caption\":\"mapa mallorca\"},{\"@type\":\"BreadcrumbList\",\"@id\":\"https:\/\/www.5starshome.com\/blog\/fr\/carte-majorque\/#breadcrumb\",\"itemListElement\":[{\"@type\":\"ListItem\",\"position\":1,\"name\":\"Home\",\"item\":\"https:\/\/www.5starshome.com\/blog\/fr\/\"},{\"@type\":\"ListItem\",\"position\":2,\"name\":\"D\u00e9couvrez Majorque gr\u00e2ce \u00e0 sa carte\"}]},{\"@type\":\"WebSite\",\"@id\":\"https:\/\/www.5starshome.com\/blog\/fr\/#website\",\"url\":\"https:\/\/www.5starshome.com\/blog\/fr\/\",\"name\":\"Voyage aux \u00celes Bal\u00e9ares\",\"description\":\"Holiday Rentals 5starshome\",\"publisher\":{\"@id\":\"https:\/\/www.5starshome.com\/blog\/fr\/#organization\"},\"potentialAction\":[{\"@type\":\"SearchAction\",\"target\":{\"@type\":\"EntryPoint\",\"urlTemplate\":\"https:\/\/www.5starshome.com\/blog\/fr\/?s={search_term_string}\"},\"query-input\":\"required name=search_term_string\"}],\"inLanguage\":\"fr-FR\"},{\"@type\":\"Organization\",\"@id\":\"https:\/\/www.5starshome.com\/blog\/fr\/#organization\",\"name\":\"Voyage aux \u00celes Bal\u00e9ares\",\"url\":\"https:\/\/www.5starshome.com\/blog\/fr\/\",\"logo\":{\"@type\":\"ImageObject\",\"inLanguage\":\"fr-FR\",\"@id\":\"https:\/\/www.5starshome.com\/blog\/fr\/#\/schema\/logo\/image\/\",\"url\":\"https:\/\/www.5starshome.com\/blog\/wp-content\/uploads\/2024\/10\/logo-1.png\",\"contentUrl\":\"https:\/\/www.5starshome.com\/blog\/wp-content\/uploads\/2024\/10\/logo-1.png\",\"width\":200,\"height\":68,\"caption\":\"Voyage aux \u00celes Bal\u00e9ares\"},\"image\":{\"@id\":\"https:\/\/www.5starshome.com\/blog\/fr\/#\/schema\/logo\/image\/\"}},{\"@type\":\"Person\",\"@id\":\"https:\/\/www.5starshome.com\/blog\/fr\/#\/schema\/person\/f6f1eaa7ed2531be71dd94614016c927\",\"name\":\"Thibaut\",\"image\":{\"@type\":\"ImageObject\",\"inLanguage\":\"fr-FR\",\"@id\":\"https:\/\/www.5starshome.com\/blog\/fr\/#\/schema\/person\/image\/\",\"url\":\"https:\/\/secure.gravatar.com\/avatar\/1657d3e03cb74dfd00a369778744d0f6773802ba2d5232a1fad7d484cfa7dcbe?s=96&d=mm&r=g\",\"contentUrl\":\"https:\/\/secure.gravatar.com\/avatar\/1657d3e03cb74dfd00a369778744d0f6773802ba2d5232a1fad7d484cfa7dcbe?s=96&d=mm&r=g\",\"caption\":\"Thibaut\"},\"url\":\"https:\/\/www.5starshome.com\/blog\/fr\/author\/thibaut\/\"}]}<\/script>\n<!-- \/ Yoast SEO plugin. -->","yoast_head_json":{"title":"D\u00e9couvrez Majorque gr\u00e2ce \u00e0 sa carte - Voyage aux \u00celes Bal\u00e9ares","description":"Explorez la carte compl\u00e8te de Majorque et d\u00e9couvrez les coins \u00e0 ne pas manquer lors de votre prochaine visite.","robots":{"index":"index","follow":"follow","max-snippet":"max-snippet:-1","max-image-preview":"max-image-preview:large","max-video-preview":"max-video-preview:-1"},"canonical":"https:\/\/www.5starshome.com\/blog\/fr\/carte-majorque\/","og_locale":"fr_FR","og_type":"article","og_title":"D\u00e9couvrez Majorque gr\u00e2ce \u00e0 sa carte - Voyage aux \u00celes Bal\u00e9ares","og_description":"Explorez la carte compl\u00e8te de Majorque et d\u00e9couvrez les coins \u00e0 ne pas manquer lors de votre prochaine visite.","og_url":"https:\/\/www.5starshome.com\/blog\/fr\/carte-majorque\/","og_site_name":"Voyage aux \u00celes Bal\u00e9ares","article_published_time":"2024-11-18T15:00:30+00:00","article_modified_time":"2024-11-26T10:42:16+00:00","og_image":[{"width":1920,"height":710,"url":"https:\/\/www.5starshome.com\/blog\/wp-content\/uploads\/2024\/11\/mapa-mallorca.jpg","type":"image\/jpeg"}],"author":"Thibaut","twitter_card":"summary_large_image","twitter_misc":{"\u00c9crit par":"Thibaut","Dur\u00e9e de lecture estim\u00e9e":"7 minutes"},"schema":{"@context":"https:\/\/schema.org","@graph":[{"@type":"Article","@id":"https:\/\/www.5starshome.com\/blog\/fr\/carte-majorque\/#article","isPartOf":{"@id":"https:\/\/www.5starshome.com\/blog\/fr\/carte-majorque\/"},"author":{"name":"Thibaut","@id":"https:\/\/www.5starshome.com\/blog\/fr\/#\/schema\/person\/f6f1eaa7ed2531be71dd94614016c927"},"headline":"D\u00e9couvrez Majorque gr\u00e2ce \u00e0 sa carte","datePublished":"2024-11-18T15:00:30+00:00","dateModified":"2024-11-26T10:42:16+00:00","mainEntityOfPage":{"@id":"https:\/\/www.5starshome.com\/blog\/fr\/carte-majorque\/"},"wordCount":1208,"commentCount":0,"publisher":{"@id":"https:\/\/www.5starshome.com\/blog\/fr\/#organization"},"image":{"@id":"https:\/\/www.5starshome.com\/blog\/fr\/carte-majorque\/#primaryimage"},"thumbnailUrl":"https:\/\/www.5starshome.com\/blog\/wp-content\/uploads\/2024\/11\/mapa-mallorca.jpg","articleSection":["Majorque","Non classifi\u00e9(e)"],"inLanguage":"fr-FR","potentialAction":[{"@type":"CommentAction","name":"Comment","target":["https:\/\/www.5starshome.com\/blog\/fr\/carte-majorque\/#respond"]}]},{"@type":"WebPage","@id":"https:\/\/www.5starshome.com\/blog\/fr\/carte-majorque\/","url":"https:\/\/www.5starshome.com\/blog\/fr\/carte-majorque\/","name":"D\u00e9couvrez Majorque gr\u00e2ce \u00e0 sa carte - Voyage aux \u00celes Bal\u00e9ares","isPartOf":{"@id":"https:\/\/www.5starshome.com\/blog\/fr\/#website"},"primaryImageOfPage":{"@id":"https:\/\/www.5starshome.com\/blog\/fr\/carte-majorque\/#primaryimage"},"image":{"@id":"https:\/\/www.5starshome.com\/blog\/fr\/carte-majorque\/#primaryimage"},"thumbnailUrl":"https:\/\/www.5starshome.com\/blog\/wp-content\/uploads\/2024\/11\/mapa-mallorca.jpg","datePublished":"2024-11-18T15:00:30+00:00","dateModified":"2024-11-26T10:42:16+00:00","description":"Explorez la carte compl\u00e8te de Majorque et d\u00e9couvrez les coins \u00e0 ne pas manquer lors de votre prochaine visite.","breadcrumb":{"@id":"https:\/\/www.5starshome.com\/blog\/fr\/carte-majorque\/#breadcrumb"},"inLanguage":"fr-FR","potentialAction":[{"@type":"ReadAction","target":["https:\/\/www.5starshome.com\/blog\/fr\/carte-majorque\/"]}]},{"@type":"ImageObject","inLanguage":"fr-FR","@id":"https:\/\/www.5starshome.com\/blog\/fr\/carte-majorque\/#primaryimage","url":"https:\/\/www.5starshome.com\/blog\/wp-content\/uploads\/2024\/11\/mapa-mallorca.jpg","contentUrl":"https:\/\/www.5starshome.com\/blog\/wp-content\/uploads\/2024\/11\/mapa-mallorca.jpg","width":1920,"height":710,"caption":"mapa mallorca"},{"@type":"BreadcrumbList","@id":"https:\/\/www.5starshome.com\/blog\/fr\/carte-majorque\/#breadcrumb","itemListElement":[{"@type":"ListItem","position":1,"name":"Home","item":"https:\/\/www.5starshome.com\/blog\/fr\/"},{"@type":"ListItem","position":2,"name":"D\u00e9couvrez Majorque gr\u00e2ce \u00e0 sa carte"}]},{"@type":"WebSite","@id":"https:\/\/www.5starshome.com\/blog\/fr\/#website","url":"https:\/\/www.5starshome.com\/blog\/fr\/","name":"Voyage aux \u00celes Bal\u00e9ares","description":"Holiday Rentals 5starshome","publisher":{"@id":"https:\/\/www.5starshome.com\/blog\/fr\/#organization"},"potentialAction":[{"@type":"SearchAction","target":{"@type":"EntryPoint","urlTemplate":"https:\/\/www.5starshome.com\/blog\/fr\/?s={search_term_string}"},"query-input":"required name=search_term_string"}],"inLanguage":"fr-FR"},{"@type":"Organization","@id":"https:\/\/www.5starshome.com\/blog\/fr\/#organization","name":"Voyage aux \u00celes Bal\u00e9ares","url":"https:\/\/www.5starshome.com\/blog\/fr\/","logo":{"@type":"ImageObject","inLanguage":"fr-FR","@id":"https:\/\/www.5starshome.com\/blog\/fr\/#\/schema\/logo\/image\/","url":"https:\/\/www.5starshome.com\/blog\/wp-content\/uploads\/2024\/10\/logo-1.png","contentUrl":"https:\/\/www.5starshome.com\/blog\/wp-content\/uploads\/2024\/10\/logo-1.png","width":200,"height":68,"caption":"Voyage aux \u00celes Bal\u00e9ares"},"image":{"@id":"https:\/\/www.5starshome.com\/blog\/fr\/#\/schema\/logo\/image\/"}},{"@type":"Person","@id":"https:\/\/www.5starshome.com\/blog\/fr\/#\/schema\/person\/f6f1eaa7ed2531be71dd94614016c927","name":"Thibaut","image":{"@type":"ImageObject","inLanguage":"fr-FR","@id":"https:\/\/www.5starshome.com\/blog\/fr\/#\/schema\/person\/image\/","url":"https:\/\/secure.gravatar.com\/avatar\/1657d3e03cb74dfd00a369778744d0f6773802ba2d5232a1fad7d484cfa7dcbe?s=96&d=mm&r=g","contentUrl":"https:\/\/secure.gravatar.com\/avatar\/1657d3e03cb74dfd00a369778744d0f6773802ba2d5232a1fad7d484cfa7dcbe?s=96&d=mm&r=g","caption":"Thibaut"},"url":"https:\/\/www.5starshome.com\/blog\/fr\/author\/thibaut\/"}]}},"_links":{"self":[{"href":"https:\/\/www.5starshome.com\/blog\/fr\/wp-json\/wp\/v2\/posts\/1427","targetHints":{"allow":["GET"]}}],"collection":[{"href":"https:\/\/www.5starshome.com\/blog\/fr\/wp-json\/wp\/v2\/posts"}],"about":[{"href":"https:\/\/www.5starshome.com\/blog\/fr\/wp-json\/wp\/v2\/types\/post"}],"author":[{"embeddable":true,"href":"https:\/\/www.5starshome.com\/blog\/fr\/wp-json\/wp\/v2\/users\/6"}],"replies":[{"embeddable":true,"href":"https:\/\/www.5starshome.com\/blog\/fr\/wp-json\/wp\/v2\/comments?post=1427"}],"version-history":[{"count":11,"href":"https:\/\/www.5starshome.com\/blog\/fr\/wp-json\/wp\/v2\/posts\/1427\/revisions"}],"predecessor-version":[{"id":1455,"href":"https:\/\/www.5starshome.com\/blog\/fr\/wp-json\/wp\/v2\/posts\/1427\/revisions\/1455"}],"wp:featuredmedia":[{"embeddable":true,"href":"https:\/\/www.5starshome.com\/blog\/fr\/wp-json\/wp\/v2\/media\/1421"}],"wp:attachment":[{"href":"https:\/\/www.5starshome.com\/blog\/fr\/wp-json\/wp\/v2\/media?parent=1427"}],"wp:term":[{"taxonomy":"category","embeddable":true,"href":"https:\/\/www.5starshome.com\/blog\/fr\/wp-json\/wp\/v2\/categories?post=1427"},{"taxonomy":"post_tag","embeddable":true,"href":"https:\/\/www.5starshome.com\/blog\/fr\/wp-json\/wp\/v2\/tags?post=1427"}],"curies":[{"name":"wp","href":"https:\/\/api.w.org\/{rel}","templated":true}]}}