{"id":195,"date":"2024-07-17T12:27:53","date_gmt":"2024-07-17T12:27:53","guid":{"rendered":"https:\/\/www.5starshome.com\/blog\/decouvrez-quels-sont-les-10-meilleures-plages-de-majorque\/"},"modified":"2024-09-16T09:01:31","modified_gmt":"2024-09-16T09:01:31","slug":"plages-majorque","status":"publish","type":"post","link":"https:\/\/www.5starshome.com\/blog\/fr\/plages-majorque\/","title":{"rendered":"D\u00e9couvrez quels sont les 10 meilleures plages de Majorque"},"content":{"rendered":"\t\t<div data-elementor-type=\"wp-post\" data-elementor-id=\"195\" class=\"elementor elementor-195 elementor-35\" data-elementor-post-type=\"post\">\n\t\t\t\t<div class=\"elementor-element elementor-element-7599582a e-flex e-con-boxed e-con e-parent\" data-id=\"7599582a\" data-element_type=\"container\">\n\t\t\t\t\t<div class=\"e-con-inner\">\n\t\t\t\t<div class=\"elementor-element elementor-element-48beb129 elementor-widget elementor-widget-text-editor\" data-id=\"48beb129\" data-element_type=\"widget\" data-widget_type=\"text-editor.default\">\n\t\t\t\t<div class=\"elementor-widget-container\">\n\t\t\t<style>\/*! elementor - v3.23.0 - 23-07-2024 *\/\n.elementor-widget-text-editor.elementor-drop-cap-view-stacked .elementor-drop-cap{background-color:#69727d;color:#fff}.elementor-widget-text-editor.elementor-drop-cap-view-framed .elementor-drop-cap{color:#69727d;border:3px solid;background-color:transparent}.elementor-widget-text-editor:not(.elementor-drop-cap-view-default) .elementor-drop-cap{margin-top:8px}.elementor-widget-text-editor:not(.elementor-drop-cap-view-default) .elementor-drop-cap-letter{width:1em;height:1em}.elementor-widget-text-editor .elementor-drop-cap{float:left;text-align:center;line-height:1;font-size:50px}.elementor-widget-text-editor .elementor-drop-cap-letter{display:inline-block}<\/style>\t\t\t\t<p><b>Majorque <\/b><span style=\"font-weight: 400;\">est l&rsquo;un des tr\u00e9sors cach\u00e9s de la M\u00e9diterran\u00e9e et se distingue surtout par ses plages et ses criques pratiquement vierges et par la combinaison parfaite d&rsquo;eaux cristallines, de sable dor\u00e9 et de paysages spectaculaires qui les entourent. Tout cela fait de l&rsquo;\u00eele une destination de r\u00eave pour les amoureux du soleil et de la mer.<\/span><\/p>\n<p><span style=\"font-weight: 400;\">\u00cates-vous l&rsquo;un d&rsquo;entre eux ? Si c&rsquo;est le cas, soyez attentifs car nous allons vous r\u00e9v\u00e9ler quelles sont les <\/span><b>10 meilleures plages de Palma de Majorque<\/b>. Jetez-y un \u0153il !<\/p>\n\t\t\t\t\t\t<\/div>\n\t\t\t\t<\/div>\n\t\t\t\t\t<\/div>\n\t\t\t\t<\/div>\n\t\t<div class=\"elementor-element elementor-element-4fefa64e e-flex e-con-boxed e-con e-parent\" data-id=\"4fefa64e\" data-element_type=\"container\">\n\t\t\t\t\t<div class=\"e-con-inner\">\n\t\t\t\t<div class=\"elementor-element elementor-element-6997b2b5 elementor-toc--minimized-on-tablet elementor-widget elementor-widget-table-of-contents\" data-id=\"6997b2b5\" data-element_type=\"widget\" data-settings=\"{&quot;headings_by_tags&quot;:[&quot;h2&quot;,&quot;h3&quot;],&quot;exclude_headings_by_selector&quot;:[],&quot;marker_view&quot;:&quot;bullets&quot;,&quot;icon&quot;:{&quot;value&quot;:&quot;far fa-circle&quot;,&quot;library&quot;:&quot;fa-regular&quot;,&quot;rendered_tag&quot;:&quot;&lt;svg class=\\&quot;e-font-icon-svg e-far-circle\\&quot; viewBox=\\&quot;0 0 512 512\\&quot; xmlns=\\&quot;http:\\\/\\\/www.w3.org\\\/2000\\\/svg\\&quot;&gt;&lt;path d=\\&quot;M256 8C119 8 8 119 8 256s111 248 248 248 248-111 248-248S393 8 256 8zm0 448c-110.5 0-200-89.5-200-200S145.5 56 256 56s200 89.5 200 200-89.5 200-200 200z\\&quot;&gt;&lt;\\\/path&gt;&lt;\\\/svg&gt;&quot;},&quot;collapse_subitems&quot;:&quot;yes&quot;,&quot;minimize_box&quot;:&quot;yes&quot;,&quot;minimized_on&quot;:&quot;tablet&quot;,&quot;hierarchical_view&quot;:&quot;yes&quot;,&quot;min_height&quot;:{&quot;unit&quot;:&quot;px&quot;,&quot;size&quot;:&quot;&quot;,&quot;sizes&quot;:[]},&quot;min_height_tablet&quot;:{&quot;unit&quot;:&quot;px&quot;,&quot;size&quot;:&quot;&quot;,&quot;sizes&quot;:[]},&quot;min_height_mobile&quot;:{&quot;unit&quot;:&quot;px&quot;,&quot;size&quot;:&quot;&quot;,&quot;sizes&quot;:[]}}\" data-widget_type=\"table-of-contents.default\">\n\t\t\t\t<div class=\"elementor-widget-container\">\n\t\t\t<style>\/*! elementor-pro - v3.23.0 - 23-07-2024 *\/\n.elementor-widget-table-of-contents .elementor-toc__header-title{color:var(--header-color)}.elementor-widget-table-of-contents.elementor-toc--collapsed .elementor-toc__toggle-button--collapse,.elementor-widget-table-of-contents:not(.elementor-toc--collapsed) .elementor-toc__toggle-button--expand{display:none}.elementor-widget-table-of-contents .elementor-widget-container{min-height:var(--box-min-height);border:var(--box-border-width,1px) solid var(--box-border-color,#9da5ae);border-radius:var(--box-border-radius,3px);background-color:var(--box-background-color);transition:min-height .4s;overflow:hidden}.elementor-toc__header{display:flex;align-items:center;justify-content:space-between;padding:var(--box-padding,20px);background-color:var(--header-background-color);border-bottom:var(--separator-width,1px) solid var(--box-border-color,#9da5ae)}.elementor-toc__header-title{font-size:18px;margin:0;color:var(--header-color);flex-grow:1}.elementor-toc__toggle-button{cursor:pointer;display:inline-flex}.elementor-toc__toggle-button i{color:var(--toggle-button-color)}.elementor-toc__toggle-button svg{height:1em;width:1em;fill:var(--toggle-button-color)}.elementor-toc__spinner-container{text-align:center}.elementor-toc__spinner{font-size:2em}.elementor-toc__spinner.e-font-icon-svg{height:1em;width:1em}.elementor-toc__body{padding:var(--box-padding,20px);max-height:var(--toc-body-max-height);overflow-y:auto}.elementor-toc__body::-webkit-scrollbar{width:7px}.elementor-toc__body::-webkit-scrollbar-thumb{background-color:#babfc5;border-radius:10px}.elementor-toc__list-wrapper{list-style:none;padding:0}.elementor-toc__list-item{margin-bottom:.5em}.elementor-toc__list-item.elementor-item-active{font-weight:700}.elementor-toc__list-item .elementor-toc__list-wrapper{margin-top:.5em;margin-inline-start:var(--nested-list-indent,1em)}.elementor-toc__list-item-text{transition-duration:var(--item-text-transition-duration)}.elementor-toc__list-item-text:hover{color:var(--item-text-hover-color);-webkit-text-decoration:var(--item-text-hover-decoration);text-decoration:var(--item-text-hover-decoration)}.elementor-toc__list-item-text.elementor-item-active{color:var(--item-text-active-color);-webkit-text-decoration:var(--item-text-active-decoration);text-decoration:var(--item-text-active-decoration)}.elementor-toc__list-item-text-wrapper{display:flex;align-items:center}.elementor-toc__list-item-text-wrapper:before,.elementor-toc__list-item-text-wrapper i{margin-inline-end:8px;color:var(--marker-color)}.elementor-toc__list-item-text-wrapper svg{margin-inline-end:8px;fill:var(--marker-color);height:var(--marker-size,.5em);width:var(--marker-size,.5em)}.elementor-toc__list-item-text-wrapper i{font-size:var(--marker-size,.5em)}.elementor-toc__list-item-text-wrapper:before{font-size:var(--marker-size,1em)}.elementor-toc--content-ellipsis .elementor-toc__list-item-text{white-space:nowrap;overflow:hidden;text-overflow:ellipsis}.elementor-toc__list-items--collapsible>.elementor-toc__list-wrapper>.elementor-toc__list-item>.elementor-toc__list-wrapper{display:none}.elementor-toc__heading-anchor{position:absolute}.elementor-toc__body .elementor-toc__list-item-text{color:var(--item-text-color);-webkit-text-decoration:var(--item-text-decoration);text-decoration:var(--item-text-decoration);transition-duration:var(--item-text-transition-duration)}.elementor-toc__body .elementor-toc__list-item-text:hover{color:var(--item-text-hover-color);-webkit-text-decoration:var(--item-text-hover-decoration);text-decoration:var(--item-text-hover-decoration)}.elementor-toc__body .elementor-toc__list-item-text.elementor-item-active{color:var(--item-text-active-color);-webkit-text-decoration:var(--item-text-active-decoration);text-decoration:var(--item-text-active-decoration)}ol.elementor-toc__list-wrapper{counter-reset:item}ol.elementor-toc__list-wrapper .elementor-toc__list-item{counter-increment:item}ol.elementor-toc__list-wrapper .elementor-toc__list-item-text-wrapper:before{content:counters(item,\".\") \". \"}<\/style>\t\t<div class=\"elementor-toc__header\">\n\t\t\t<div class=\"elementor-toc__header-title\">\n\t\t\t\tSommaire\t\t\t<\/div>\n\t\t\t\t\t\t\t<div class=\"elementor-toc__toggle-button elementor-toc__toggle-button--expand\" role=\"button\" tabindex=\"0\" aria-controls=\"elementor-toc__6997b2b5\" aria-expanded=\"true\" aria-label=\"Ouvrir la table des mati\u00e8res\"><svg aria-hidden=\"true\" class=\"e-font-icon-svg e-fas-chevron-down\" viewBox=\"0 0 448 512\" xmlns=\"http:\/\/www.w3.org\/2000\/svg\"><path d=\"M207.029 381.476L12.686 187.132c-9.373-9.373-9.373-24.569 0-33.941l22.667-22.667c9.357-9.357 24.522-9.375 33.901-.04L224 284.505l154.745-154.021c9.379-9.335 24.544-9.317 33.901.04l22.667 22.667c9.373 9.373 9.373 24.569 0 33.941L240.971 381.476c-9.373 9.372-24.569 9.372-33.942 0z\"><\/path><\/svg><\/div>\n\t\t\t\t<div class=\"elementor-toc__toggle-button elementor-toc__toggle-button--collapse\" role=\"button\" tabindex=\"0\" aria-controls=\"elementor-toc__6997b2b5\" aria-expanded=\"true\" aria-label=\"Fermer la table des mati\u00e8res\"><svg aria-hidden=\"true\" class=\"e-font-icon-svg e-fas-chevron-up\" viewBox=\"0 0 448 512\" xmlns=\"http:\/\/www.w3.org\/2000\/svg\"><path d=\"M240.971 130.524l194.343 194.343c9.373 9.373 9.373 24.569 0 33.941l-22.667 22.667c-9.357 9.357-24.522 9.375-33.901.04L224 227.495 69.255 381.516c-9.379 9.335-24.544 9.317-33.901-.04l-22.667-22.667c-9.373-9.373-9.373-24.569 0-33.941L207.03 130.525c9.372-9.373 24.568-9.373 33.941-.001z\"><\/path><\/svg><\/div>\n\t\t\t\t\t<\/div>\n\t\t<div id=\"elementor-toc__6997b2b5\" class=\"elementor-toc__body elementor-toc__list-items--collapsible\">\n\t\t\t<div class=\"elementor-toc__spinner-container\">\n\t\t\t\t<svg class=\"elementor-toc__spinner eicon-animation-spin e-font-icon-svg e-eicon-loading\" aria-hidden=\"true\" viewBox=\"0 0 1000 1000\" xmlns=\"http:\/\/www.w3.org\/2000\/svg\"><path d=\"M500 975V858C696 858 858 696 858 500S696 142 500 142 142 304 142 500H25C25 237 238 25 500 25S975 237 975 500 763 975 500 975Z\"><\/path><\/svg>\t\t\t<\/div>\n\t\t<\/div>\n\t\t\t\t<\/div>\n\t\t\t\t<\/div>\n\t\t\t\t\t<\/div>\n\t\t\t\t<\/div>\n\t\t<div class=\"elementor-element elementor-element-12af07a5 e-flex e-con-boxed e-con e-parent\" data-id=\"12af07a5\" data-element_type=\"container\">\n\t\t\t\t\t<div class=\"e-con-inner\">\n\t\t\t\t<div class=\"elementor-element elementor-element-103ba46 elementor-widget elementor-widget-heading\" data-id=\"103ba46\" data-element_type=\"widget\" data-widget_type=\"heading.default\">\n\t\t\t\t<div class=\"elementor-widget-container\">\n\t\t\t<style>\/*! elementor - v3.23.0 - 23-07-2024 *\/\n.elementor-heading-title{padding:0;margin:0;line-height:1}.elementor-widget-heading .elementor-heading-title[class*=elementor-size-]>a{color:inherit;font-size:inherit;line-height:inherit}.elementor-widget-heading .elementor-heading-title.elementor-size-small{font-size:15px}.elementor-widget-heading .elementor-heading-title.elementor-size-medium{font-size:19px}.elementor-widget-heading .elementor-heading-title.elementor-size-large{font-size:29px}.elementor-widget-heading .elementor-heading-title.elementor-size-xl{font-size:39px}.elementor-widget-heading .elementor-heading-title.elementor-size-xxl{font-size:59px}<\/style><h2 class=\"elementor-heading-title elementor-size-default\">Voici les meilleures plages de Majorque<\/h2>\t\t<\/div>\n\t\t\t\t<\/div>\n\t\t\t\t\t<\/div>\n\t\t\t\t<\/div>\n\t\t<div class=\"elementor-element elementor-element-1eb73d8 e-flex e-con-boxed e-con e-parent\" data-id=\"1eb73d8\" data-element_type=\"container\">\n\t\t\t\t\t<div class=\"e-con-inner\">\n\t\t<div class=\"elementor-element elementor-element-8ee39b3 e-con-full e-flex e-con e-child\" data-id=\"8ee39b3\" data-element_type=\"container\">\n\t\t\t\t<div class=\"elementor-element elementor-element-370c6fbb elementor-widget elementor-widget-heading\" data-id=\"370c6fbb\" data-element_type=\"widget\" data-widget_type=\"heading.default\">\n\t\t\t\t<div class=\"elementor-widget-container\">\n\t\t\t<h3 class=\"elementor-heading-title elementor-size-default\">La Plage de Palma<\/h3>\t\t<\/div>\n\t\t\t\t<\/div>\n\t\t\t\t<div class=\"elementor-element elementor-element-a6d715c elementor-widget elementor-widget-image\" data-id=\"a6d715c\" data-element_type=\"widget\" data-widget_type=\"image.default\">\n\t\t\t\t<div class=\"elementor-widget-container\">\n\t\t\t<style>\/*! elementor - v3.23.0 - 23-07-2024 *\/\n.elementor-widget-image{text-align:center}.elementor-widget-image a{display:inline-block}.elementor-widget-image a img[src$=\".svg\"]{width:48px}.elementor-widget-image img{vertical-align:middle;display:inline-block}<\/style>\t\t\t\t\t\t\t\t\t\t<img decoding=\"async\" src=\"https:\/\/www.5starshome.com\/blog\/wp-content\/uploads\/2024\/07\/playa-palma-de-mallorca-751x430.jpg\" title=\"playa-palma-de-mallorca\" alt=\"playa-palma-de-mallorca\" loading=\"lazy\" \/>\t\t\t\t\t\t\t\t\t\t\t\t\t<\/div>\n\t\t\t\t<\/div>\n\t\t\t\t<div class=\"elementor-element elementor-element-23df1393 elementor-widget elementor-widget-text-editor\" data-id=\"23df1393\" data-element_type=\"widget\" data-widget_type=\"text-editor.default\">\n\t\t\t\t<div class=\"elementor-widget-container\">\n\t\t\t\t\t\t\t<p style=\"font-weight: 400\">La plage de Palma est tr\u00e8s populaire et tr\u00e8s \u00e9tendue, avec une longueur de pr\u00e8s de cinq kilom\u00e8tres. <strong>Elle est connue pour son sable fin, doux et dor\u00e9, ainsi que pour ses eaux claires, calmes et l\u00e9g\u00e8rement turquoises.<\/strong> Elle est id\u00e9ale pour se d\u00e9tendre, prendre un bain de soleil, lire et pratiquer de nombreux sports nautiques tels que la <em>planche \u00e0 voile<\/em> et le <em>paddle surf.<\/em><\/p>\n<p style=\"font-weight: 400\">Vous pouvez \u00e9galement prendre une collation, un d\u00e9jeuner ou un d\u00eener dans l&rsquo;un de ses bars, restaurants ou bars de plage ; il y en a plusieurs le long de sa promenade, qui est d&rsquo;ailleurs tr\u00e8s jolie, bord\u00e9e de jardins et de palmiers, avec une vue panoramique sur la M\u00e9diterran\u00e9e et la baie de Palma. Et si vous voulez profiter au maximum du soleil couchant, la plage de Palma est \u00e9galement un <strong>endroit id\u00e9al pour profiter de la vie nocturne<\/strong>, avec de nombreuses discoth\u00e8ques, bars et <em>pubs<\/em>.<\/p>\n\t\t\t\t\t\t<\/div>\n\t\t\t\t<\/div>\n\t\t\t\t<\/div>\n\t\t<div class=\"elementor-element elementor-element-f4a3b0c e-con-full e-flex e-con e-child\" data-id=\"f4a3b0c\" data-element_type=\"container\">\n\t\t\t\t<div class=\"elementor-element elementor-element-d25f723 elementor-widget elementor-widget-heading\" data-id=\"d25f723\" data-element_type=\"widget\" data-widget_type=\"heading.default\">\n\t\t\t\t<div class=\"elementor-widget-container\">\n\t\t\t<h3 class=\"elementor-heading-title elementor-size-default\">La Cala Mondrag\u00f3<\/h3>\t\t<\/div>\n\t\t\t\t<\/div>\n\t\t\t\t<div class=\"elementor-element elementor-element-52ea263 elementor-widget elementor-widget-image\" data-id=\"52ea263\" data-element_type=\"widget\" data-widget_type=\"image.default\">\n\t\t\t\t<div class=\"elementor-widget-container\">\n\t\t\t\t\t\t\t\t\t\t\t\t\t<img decoding=\"async\" src=\"https:\/\/www.5starshome.com\/blog\/wp-content\/uploads\/2024\/07\/Cala-Mondrago-750x430.jpg\" title=\"Cala-Mondrago\" alt=\"Cala-Mondrago\" loading=\"lazy\" \/>\t\t\t\t\t\t\t\t\t\t\t\t\t<\/div>\n\t\t\t\t<\/div>\n\t\t\t\t<div class=\"elementor-element elementor-element-972d36e elementor-widget elementor-widget-text-editor\" data-id=\"972d36e\" data-element_type=\"widget\" data-widget_type=\"text-editor.default\">\n\t\t\t\t<div class=\"elementor-widget-container\">\n\t\t\t\t\t\t\t<p style=\"font-weight: 400;\">Mondrag\u00f3, \u00e9galement connu sous le nom de Cal\u00f3 de Sa Font de n&rsquo;Alis, est une crique particuli\u00e8rement pittoresque situ\u00e9e au sud-est de l&rsquo;\u00eele. <strong>Son environnement est pratiquement intact, mais ce qui la caract\u00e9rise, ce sont ses contrastes chromatiques. <\/strong> Ses eaux sont d&rsquo;un bleu turquoise intense et tr\u00e8s cristallin, parfaites pour la baignade et le <em>snorkeling<\/em>, son sable est fin et d&rsquo;un blanc \u00e9clatant et la v\u00e9g\u00e9tation environnante et les pin\u00e8des viennent \u00e9galement teinter le tableau de vert. <\/p>\n<p style=\"font-weight: 400;\"><strong>Cet endroit fait partie du parc naturel de Mondrag\u00f3, une zone prot\u00e9g\u00e9e de plus de 700 hectares riche en faune et en flore, id\u00e9ale pour profiter de la nature.<\/strong><\/p>\n\t\t\t\t\t\t<\/div>\n\t\t\t\t<\/div>\n\t\t\t\t<\/div>\n\t\t\t\t\t<\/div>\n\t\t\t\t<\/div>\n\t\t<div class=\"elementor-element elementor-element-fad955b e-flex e-con-boxed e-con e-parent\" data-id=\"fad955b\" data-element_type=\"container\">\n\t\t\t\t\t<div class=\"e-con-inner\">\n\t\t<div class=\"elementor-element elementor-element-103e0b3 e-con-full e-flex e-con e-child\" data-id=\"103e0b3\" data-element_type=\"container\">\n\t\t\t\t<div class=\"elementor-element elementor-element-90bdd38 elementor-widget elementor-widget-heading\" data-id=\"90bdd38\" data-element_type=\"widget\" data-widget_type=\"heading.default\">\n\t\t\t\t<div class=\"elementor-widget-container\">\n\t\t\t<h3 class=\"elementor-heading-title elementor-size-default\">Es Trenc<\/h3>\t\t<\/div>\n\t\t\t\t<\/div>\n\t\t\t\t<div class=\"elementor-element elementor-element-845af7b elementor-widget elementor-widget-image\" data-id=\"845af7b\" data-element_type=\"widget\" data-widget_type=\"image.default\">\n\t\t\t\t<div class=\"elementor-widget-container\">\n\t\t\t\t\t\t\t\t\t\t\t\t\t<img decoding=\"async\" src=\"https:\/\/www.5starshome.com\/blog\/wp-content\/uploads\/2024\/07\/Es-Trenc\u200b-751x430.jpg\" title=\"Es Trenc\u200b\" alt=\"Es Trenc\u200b\" loading=\"lazy\" \/>\t\t\t\t\t\t\t\t\t\t\t\t\t<\/div>\n\t\t\t\t<\/div>\n\t\t\t\t<div class=\"elementor-element elementor-element-70a3c15 elementor-widget elementor-widget-text-editor\" data-id=\"70a3c15\" data-element_type=\"widget\" data-widget_type=\"text-editor.default\">\n\t\t\t\t<div class=\"elementor-widget-container\">\n\t\t\t\t\t\t\t<p style=\"font-weight: 400\">Es Trenc est la plage la plus embl\u00e9matique et la plus belle de Majorque, et ce n&rsquo;est pas \u00e9tonnant. Situ\u00e9e dans le sud de l&rsquo;\u00eele, elle est connue pour son environnement naturel et son atmosph\u00e8re paisible. Elle s&rsquo;\u00e9tend sur environ sept kilom\u00e8tres de long, avec du sable blanc et fin et des eaux cristallines peu profondes. <strong>Elle est \u00e9galement entour\u00e9e de dunes de sable et de marais salants ainsi que d&rsquo;une v\u00e9g\u00e9tation m\u00e9diterran\u00e9enne caract\u00e9ristique<\/strong>, ce qui en fait l&rsquo;une des meilleures plages de Majorque.<\/p>\n\t\t\t\t\t\t<\/div>\n\t\t\t\t<\/div>\n\t\t\t\t<\/div>\n\t\t<div class=\"elementor-element elementor-element-6fe6c30 e-con-full e-flex e-con e-child\" data-id=\"6fe6c30\" data-element_type=\"container\">\n\t\t\t\t<div class=\"elementor-element elementor-element-4a25380 elementor-widget elementor-widget-heading\" data-id=\"4a25380\" data-element_type=\"widget\" data-widget_type=\"heading.default\">\n\t\t\t\t<div class=\"elementor-widget-container\">\n\t\t\t<h3 class=\"elementor-heading-title elementor-size-default\">La Cala Varqu\u00e9s<\/h3>\t\t<\/div>\n\t\t\t\t<\/div>\n\t\t\t\t<div class=\"elementor-element elementor-element-60805e5 elementor-widget elementor-widget-image\" data-id=\"60805e5\" data-element_type=\"widget\" data-widget_type=\"image.default\">\n\t\t\t\t<div class=\"elementor-widget-container\">\n\t\t\t\t\t\t\t\t\t\t\t\t\t<img decoding=\"async\" src=\"https:\/\/www.5starshome.com\/blog\/wp-content\/uploads\/2024\/07\/Cala-varques-750x430.jpg\" title=\"Cala-varques\" alt=\"Cala-varques\" loading=\"lazy\" \/>\t\t\t\t\t\t\t\t\t\t\t\t\t<\/div>\n\t\t\t\t<\/div>\n\t\t\t\t<div class=\"elementor-element elementor-element-79cc5b3 elementor-widget elementor-widget-text-editor\" data-id=\"79cc5b3\" data-element_type=\"widget\" data-widget_type=\"text-editor.default\">\n\t\t\t\t<div class=\"elementor-widget-container\">\n\t\t\t\t\t\t\t<p style=\"font-weight: 400\">La Cala Varqu\u00e9s est une belle crique isol\u00e9e situ\u00e9e \u00e0 l&rsquo;est de Majorque, un refuge parfait si vous recherchez la paix et la tranquillit\u00e9 et si vous voulez vous rapprocher de la nature. La Cala Varqu\u00e9s se distingue par ses eaux cristallines d&rsquo;un bleu turquoise, id\u00e9ales pour la baignade, la plong\u00e9e et le <em>snorkeling<\/em>. <strong>Le sable est fin et blanc et la crique est entour\u00e9e de formations rocheuses et de pin\u00e8des, ce qui lui conf\u00e8re un cadre tr\u00e8s pittoresque<\/strong>. Bien s\u00fbr, l&rsquo;acc\u00e8s \u00e0 la Cala Varqu\u00e9s n&rsquo;est pas facile, il faut marcher le long d&rsquo;un sentier pendant 30 ou 40 minutes pour y arriver, mais cela en vaut la peine.<\/p>\n\t\t\t\t\t\t<\/div>\n\t\t\t\t<\/div>\n\t\t\t\t<\/div>\n\t\t\t\t\t<\/div>\n\t\t\t\t<\/div>\n\t\t<div class=\"elementor-element elementor-element-1732533 e-flex e-con-boxed e-con e-parent\" data-id=\"1732533\" data-element_type=\"container\">\n\t\t\t\t\t<div class=\"e-con-inner\">\n\t\t<div class=\"elementor-element elementor-element-3678c93 e-con-full e-flex e-con e-child\" data-id=\"3678c93\" data-element_type=\"container\">\n\t\t\t\t<div class=\"elementor-element elementor-element-902e4d9 elementor-widget elementor-widget-heading\" data-id=\"902e4d9\" data-element_type=\"widget\" data-widget_type=\"heading.default\">\n\t\t\t\t<div class=\"elementor-widget-container\">\n\t\t\t<h3 class=\"elementor-heading-title elementor-size-default\">La Plage de Formentor<\/h3>\t\t<\/div>\n\t\t\t\t<\/div>\n\t\t\t\t<div class=\"elementor-element elementor-element-53f57d2 elementor-widget elementor-widget-image\" data-id=\"53f57d2\" data-element_type=\"widget\" data-widget_type=\"image.default\">\n\t\t\t\t<div class=\"elementor-widget-container\">\n\t\t\t\t\t\t\t\t\t\t\t\t\t<img decoding=\"async\" src=\"https:\/\/www.5starshome.com\/blog\/wp-content\/uploads\/2024\/07\/Playa-de-Formentor-751x430.jpg\" title=\"Playa-de-Formentor\" alt=\"Playa-de-Formentor\" loading=\"lazy\" \/>\t\t\t\t\t\t\t\t\t\t\t\t\t<\/div>\n\t\t\t\t<\/div>\n\t\t\t\t<div class=\"elementor-element elementor-element-43336d2 elementor-widget elementor-widget-text-editor\" data-id=\"43336d2\" data-element_type=\"widget\" data-widget_type=\"text-editor.default\">\n\t\t\t\t<div class=\"elementor-widget-container\">\n\t\t\t\t\t\t\t<p style=\"font-weight: 400\">La plage Formentor, \u00e9galement connue sous le nom de Cala Formentor, est l&rsquo;une des plus belles plages de Majorque, car elle est entour\u00e9e de montagnes et b\u00e9n\u00e9ficie en m\u00eame temps d&rsquo;une vue magnifique sur la M\u00e9diterran\u00e9e. De plus, son sable est fin et dor\u00e9 et ses eaux sont totalement transparentes. Le seul inconv\u00e9nient de cette plage de Majorque est qu&rsquo;elle est assez \u00e9troite, mais comme elle s&rsquo;\u00e9tend sur plusieurs centaines de m\u00e8tres, elle offre suffisamment d&rsquo;espace pour tout le monde. <strong>C&rsquo;est un endroit id\u00e9al pour les amoureux de la nature et les photographes<\/strong>. De plus, de nombreuses c\u00e9l\u00e9brit\u00e9s choisissent cette plage pour leurs vacances ; la choisirez-vous aussi ?<\/p>\n\t\t\t\t\t\t<\/div>\n\t\t\t\t<\/div>\n\t\t\t\t<\/div>\n\t\t<div class=\"elementor-element elementor-element-210b600 e-con-full e-flex e-con e-child\" data-id=\"210b600\" data-element_type=\"container\">\n\t\t\t\t<div class=\"elementor-element elementor-element-65fab34 elementor-widget elementor-widget-heading\" data-id=\"65fab34\" data-element_type=\"widget\" data-widget_type=\"heading.default\">\n\t\t\t\t<div class=\"elementor-widget-container\">\n\t\t\t<h3 class=\"elementor-heading-title elementor-size-default\">La Plage d'Alcudia <\/h3>\t\t<\/div>\n\t\t\t\t<\/div>\n\t\t\t\t<div class=\"elementor-element elementor-element-2197507 elementor-widget elementor-widget-image\" data-id=\"2197507\" data-element_type=\"widget\" data-widget_type=\"image.default\">\n\t\t\t\t<div class=\"elementor-widget-container\">\n\t\t\t\t\t\t\t\t\t\t\t\t\t<img decoding=\"async\" src=\"https:\/\/www.5starshome.com\/blog\/wp-content\/uploads\/2024\/07\/playa-alcudia-750x430.jpg\" title=\"playa-alcudia\" alt=\"playa-alcudia\" loading=\"lazy\" \/>\t\t\t\t\t\t\t\t\t\t\t\t\t<\/div>\n\t\t\t\t<\/div>\n\t\t\t\t<div class=\"elementor-element elementor-element-76243bb elementor-widget elementor-widget-text-editor\" data-id=\"76243bb\" data-element_type=\"widget\" data-widget_type=\"text-editor.default\">\n\t\t\t\t<div class=\"elementor-widget-container\">\n\t\t\t\t\t\t\t<p style=\"font-weight: 400\">La plage d&rsquo;Alcudia est l&rsquo;une des plus longues de Majorque et l&rsquo;une des plus populaires aupr\u00e8s des touristes et des locaux. Situ\u00e9e \u00e0 Alcudia, elle s&rsquo;\u00e9tend sur pr\u00e8s de sept kilom\u00e8tres, <strong>ses eaux sont cristallines, la houle y est tr\u00e8s faible et elle dispose d&rsquo;une large bande de sable blanc et fin. <\/strong><\/p>\n<p style=\"font-weight: 400\">Vous y trouverez une grande vari\u00e9t\u00e9 de services tels que des bars, des restaurants et un service de location de mat\u00e9riel de sports nautiques. Elle est \u00e9galement proche de la vieille ville d&rsquo;Alcudia, un quartier charmant aux rues pav\u00e9es, aux murs m\u00e9di\u00e9vaux et aux nombreux sites d&rsquo;int\u00e9r\u00eat culturel \u00e0 ne pas manquer.<\/p>\n\t\t\t\t\t\t<\/div>\n\t\t\t\t<\/div>\n\t\t\t\t<\/div>\n\t\t\t\t\t<\/div>\n\t\t\t\t<\/div>\n\t\t<div class=\"elementor-element elementor-element-978efe1 e-flex e-con-boxed e-con e-parent\" data-id=\"978efe1\" data-element_type=\"container\">\n\t\t\t\t\t<div class=\"e-con-inner\">\n\t\t<div class=\"elementor-element elementor-element-c01daf4 e-con-full e-flex e-con e-child\" data-id=\"c01daf4\" data-element_type=\"container\">\n\t\t\t\t<div class=\"elementor-element elementor-element-c1982ed elementor-widget elementor-widget-heading\" data-id=\"c1982ed\" data-element_type=\"widget\" data-widget_type=\"heading.default\">\n\t\t\t\t<div class=\"elementor-widget-container\">\n\t\t\t<h3 class=\"elementor-heading-title elementor-size-default\">La Plage de Muro<\/h3>\t\t<\/div>\n\t\t\t\t<\/div>\n\t\t\t\t<div class=\"elementor-element elementor-element-d082233 elementor-widget elementor-widget-image\" data-id=\"d082233\" data-element_type=\"widget\" data-widget_type=\"image.default\">\n\t\t\t\t<div class=\"elementor-widget-container\">\n\t\t\t\t\t\t\t\t\t\t\t\t\t<img decoding=\"async\" src=\"https:\/\/www.5starshome.com\/blog\/wp-content\/uploads\/2024\/07\/playa-del-muro-751x430.jpg\" title=\"playa-del-muro\" alt=\"playa-del-muro\" loading=\"lazy\" \/>\t\t\t\t\t\t\t\t\t\t\t\t\t<\/div>\n\t\t\t\t<\/div>\n\t\t\t\t<div class=\"elementor-element elementor-element-53de92c elementor-widget elementor-widget-text-editor\" data-id=\"53de92c\" data-element_type=\"widget\" data-widget_type=\"text-editor.default\">\n\t\t\t\t<div class=\"elementor-widget-container\">\n\t\t\t\t\t\t\t<p style=\"font-weight: 400\">La plage de Muro est une grande et belle plage situ\u00e9e pr\u00e8s de la baie d&rsquo;Alcudia et du parc naturel de S&rsquo;Albufera, l&rsquo;une des zones humides les plus importantes des \u00eeles Bal\u00e9ares. Mais ce qui impressionne le plus sur cette plage majorquine, c&rsquo;est sa longueur : pas moins de <strong>5 kilom\u00e8tres de services et d&rsquo;\u00e9quipements tels qu&rsquo;un terrain de volley-ball, des aires de jeux et d&rsquo;innombrables bars et restaurants<\/strong>. En outre, plusieurs \u00e9coles et centres de sports nautiques proposent des cours et la location de mat\u00e9riel, ce qui fait de la plage un endroit populaire pour les d\u00e9butants et les amateurs de sports nautiques exp\u00e9riment\u00e9s.<\/p>\n\t\t\t\t\t\t<\/div>\n\t\t\t\t<\/div>\n\t\t\t\t<\/div>\n\t\t<div class=\"elementor-element elementor-element-60428a6 e-con-full e-flex e-con e-child\" data-id=\"60428a6\" data-element_type=\"container\">\n\t\t\t\t<div class=\"elementor-element elementor-element-b313597 elementor-widget elementor-widget-heading\" data-id=\"b313597\" data-element_type=\"widget\" data-widget_type=\"heading.default\">\n\t\t\t\t<div class=\"elementor-widget-container\">\n\t\t\t<h3 class=\"elementor-heading-title elementor-size-default\">La Cala Mesquida<\/h3>\t\t<\/div>\n\t\t\t\t<\/div>\n\t\t\t\t<div class=\"elementor-element elementor-element-12f8e01 elementor-widget elementor-widget-image\" data-id=\"12f8e01\" data-element_type=\"widget\" data-widget_type=\"image.default\">\n\t\t\t\t<div class=\"elementor-widget-container\">\n\t\t\t\t\t\t\t\t\t\t\t\t\t<img decoding=\"async\" src=\"https:\/\/www.5starshome.com\/blog\/wp-content\/uploads\/2024\/07\/Cala-Mesquida-724x430.jpg\" title=\"Cala-Mesquida\" alt=\"Cala-Mesquida\" loading=\"lazy\" \/>\t\t\t\t\t\t\t\t\t\t\t\t\t<\/div>\n\t\t\t\t<\/div>\n\t\t\t\t<div class=\"elementor-element elementor-element-747f3d4 elementor-widget elementor-widget-text-editor\" data-id=\"747f3d4\" data-element_type=\"widget\" data-widget_type=\"text-editor.default\">\n\t\t\t\t<div class=\"elementor-widget-container\">\n\t\t\t\t\t\t\t<p style=\"font-weight: 400\">La Cala Mesquida, situ\u00e9e dans la commune de Capdepera, est une petite crique tr\u00e8s charmante dont les conditions sont similaires \u00e0 celles des autres plages de Majorque : <strong>des eaux cristallines et du sable fin<\/strong>. La crique est entour\u00e9e de dunes de sable et d&rsquo;une abondante v\u00e9g\u00e9tation m\u00e9diterran\u00e9enne qui lui conf\u00e8re un aspect sauvage et pr\u00e9serv\u00e9. Elle dispose de quelques \u00e9quipements de base pour les visiteurs, notamment la location de parasols et de chaises longues, des douches et des toilettes publiques, ainsi qu&rsquo;un bar de plage o\u00f9 l&rsquo;on peut acheter des boissons et des snacks. Pour y acc\u00e9der, il faut faire une courte promenade le long d&rsquo;un sentier en bois qui traverse les dunes.<\/p>\n\t\t\t\t\t\t<\/div>\n\t\t\t\t<\/div>\n\t\t\t\t<\/div>\n\t\t\t\t\t<\/div>\n\t\t\t\t<\/div>\n\t\t<div class=\"elementor-element elementor-element-66cc9dc e-flex e-con-boxed e-con e-parent\" data-id=\"66cc9dc\" data-element_type=\"container\">\n\t\t\t\t\t<div class=\"e-con-inner\">\n\t\t<div class=\"elementor-element elementor-element-37c5d26 e-con-full e-flex e-con e-child\" data-id=\"37c5d26\" data-element_type=\"container\">\n\t\t\t\t<div class=\"elementor-element elementor-element-7b219f3 elementor-widget elementor-widget-heading\" data-id=\"7b219f3\" data-element_type=\"widget\" data-widget_type=\"heading.default\">\n\t\t\t\t<div class=\"elementor-widget-container\">\n\t\t\t<h3 class=\"elementor-heading-title elementor-size-default\">La Cala Dei\u00e0<\/h3>\t\t<\/div>\n\t\t\t\t<\/div>\n\t\t\t\t<div class=\"elementor-element elementor-element-a600c49 elementor-widget elementor-widget-image\" data-id=\"a600c49\" data-element_type=\"widget\" data-widget_type=\"image.default\">\n\t\t\t\t<div class=\"elementor-widget-container\">\n\t\t\t\t\t\t\t\t\t\t\t\t\t<img decoding=\"async\" src=\"https:\/\/www.5starshome.com\/blog\/wp-content\/uploads\/2024\/07\/Cala-de-Deia-751x428.jpg\" title=\"Cala-de-Deia\" alt=\"Cala-de-Deia\" loading=\"lazy\" \/>\t\t\t\t\t\t\t\t\t\t\t\t\t<\/div>\n\t\t\t\t<\/div>\n\t\t\t\t<div class=\"elementor-element elementor-element-20d9148 elementor-widget elementor-widget-text-editor\" data-id=\"20d9148\" data-element_type=\"widget\" data-widget_type=\"text-editor.default\">\n\t\t\t\t<div class=\"elementor-widget-container\">\n\t\t\t\t\t\t\t<p style=\"font-weight: 400\">La Cala Dei\u00e0, <strong>contrairement aux autres, est situ\u00e9e dans un environnement montagneux plut\u00f4t rocheux mais avec des eaux tout aussi claires et cristallines<\/strong>, id\u00e9ales pour la baignade et les sports nautiques. Son sable est m\u00e9lang\u00e9 \u00e0 des galets polis, ce qui en fait une plage moins fr\u00e9quent\u00e9e.<\/p>\n<p style=\"font-weight: 400\">Le site est entour\u00e9 de falaises abruptes couvertes d&rsquo;une v\u00e9g\u00e9tation m\u00e9diterran\u00e9enne compos\u00e9e de pins et d&rsquo;oliviers. Et en ce qui concerne la vue ? Elle est spectaculaire, avec en toile de fond la mer et la cha\u00eene de montagnes de la Tramuntana.<\/p>\n\t\t\t\t\t\t<\/div>\n\t\t\t\t<\/div>\n\t\t\t\t<\/div>\n\t\t<div class=\"elementor-element elementor-element-52680c0 e-con-full e-flex e-con e-child\" data-id=\"52680c0\" data-element_type=\"container\">\n\t\t\t\t<div class=\"elementor-element elementor-element-46dfb31 elementor-widget elementor-widget-heading\" data-id=\"46dfb31\" data-element_type=\"widget\" data-widget_type=\"heading.default\">\n\t\t\t\t<div class=\"elementor-widget-container\">\n\t\t\t<h3 class=\"elementor-heading-title elementor-size-default\">La Cala Millor<\/h3>\t\t<\/div>\n\t\t\t\t<\/div>\n\t\t\t\t<div class=\"elementor-element elementor-element-a594843 elementor-widget elementor-widget-image\" data-id=\"a594843\" data-element_type=\"widget\" data-widget_type=\"image.default\">\n\t\t\t\t<div class=\"elementor-widget-container\">\n\t\t\t\t\t\t\t\t\t\t\t\t\t<img decoding=\"async\" src=\"https:\/\/www.5starshome.com\/blog\/wp-content\/uploads\/2024\/07\/Cala-millor-este-mallorca-751x430.jpg\" title=\"Cala-millor-este-mallorca\" alt=\"Cala-millor-este-mallorca\" loading=\"lazy\" \/>\t\t\t\t\t\t\t\t\t\t\t\t\t<\/div>\n\t\t\t\t<\/div>\n\t\t\t\t<div class=\"elementor-element elementor-element-110b1e9 elementor-widget elementor-widget-text-editor\" data-id=\"110b1e9\" data-element_type=\"widget\" data-widget_type=\"text-editor.default\">\n\t\t\t\t<div class=\"elementor-widget-container\">\n\t\t\t\t\t\t\t<p style=\"font-weight: 400\">La Cala Millor est l&rsquo;une des plages les plus fr\u00e9quent\u00e9es de Majorque, compte tenu de sa taille. Elle mesure \u00e0 peine deux kilom\u00e8tres de long mais dispose d&rsquo;une bande de sable assez large, capable d&rsquo;accueillir plus de monde qu&rsquo;il n&rsquo;y para\u00eet. <strong>Elle est \u00e9galement dot\u00e9e de nombreux services et \u00e9quipements et est r\u00e9put\u00e9e pour \u00eatre un lieu de pr\u00e9dilection pour les sports tels que la <em>planche \u00e0 voile<\/em><\/strong>, <em>le jet ski<\/em>, <em>le parachute ascensionnel<\/em>, <em>le paddle surfing<\/em> et pour \u00eatre le point de d\u00e9part de nombreuses excursions en bateau.<\/p>\n\t\t\t\t\t\t<\/div>\n\t\t\t\t<\/div>\n\t\t\t\t<\/div>\n\t\t\t\t\t<\/div>\n\t\t\t\t<\/div>\n\t\t<div class=\"elementor-element elementor-element-82eddeb e-flex e-con-boxed e-con e-parent\" data-id=\"82eddeb\" data-element_type=\"container\">\n\t\t\t\t\t<div class=\"e-con-inner\">\n\t\t\t\t<div class=\"elementor-element elementor-element-b4d1886 elementor-widget elementor-widget-heading\" data-id=\"b4d1886\" data-element_type=\"widget\" data-widget_type=\"heading.default\">\n\t\t\t\t<div class=\"elementor-widget-container\">\n\t\t\t<h2 class=\"elementor-heading-title elementor-size-default\">Venez d\u00e9couvrir les plages paradisiaques de Majorque<\/h2>\t\t<\/div>\n\t\t\t\t<\/div>\n\t\t\t\t<div class=\"elementor-element elementor-element-232b4a2 elementor-widget elementor-widget-text-editor\" data-id=\"232b4a2\" data-element_type=\"widget\" data-widget_type=\"text-editor.default\">\n\t\t\t\t<div class=\"elementor-widget-container\">\n\t\t\t\t\t\t\t<p style=\"font-weight: 400\">Il n&rsquo;y a pas de meilleure fa\u00e7on de passer de bonnes vacances que de se d\u00e9tendre sur une plage paradisiaque, mais si vous devez d&rsquo;abord trouver des vols ou, pire encore, vous noyer dans un millier d&rsquo;options d&rsquo;h\u00e9bergement en les comparant, l&rsquo;envie retombe, n&rsquo;est-ce pas ?<\/p>\n<p style=\"font-weight: 400\">C&rsquo;est pourquoi, chez 5 Stars Home, nous voulons vous offrir les vacances de vos r\u00eaves avec les meilleures maisons et villas ; <strong>il vous suffit de vous rendre sur notre site web, de vous laisser enchanter par l&rsquo;une d&rsquo;entre elles et de la r\u00e9server en quelques <em>clics<\/em>.<\/strong> Que vous soyez \u00e0 la recherche d&rsquo;une escapade romantique, de vacances en famille ou d&rsquo;un voyage plein d&rsquo;aventures avec tous vos amis, <a href=\"https:\/\/www.5starshome.com\/es\/\"> 5 Stars Home<\/a> a l&rsquo;h\u00e9bergement id\u00e9al pour vous.<\/p>\n\t\t\t\t\t\t<\/div>\n\t\t\t\t<\/div>\n\t\t\t\t\t<\/div>\n\t\t\t\t<\/div>\n\t\t<div class=\"elementor-element elementor-element-7d950dee e-flex e-con-boxed e-con e-parent\" data-id=\"7d950dee\" data-element_type=\"container\">\n\t\t\t\t\t<div class=\"e-con-inner\">\n\t\t<div class=\"elementor-element elementor-element-455b59bc e-con-full e-flex e-con e-child\" data-id=\"455b59bc\" data-element_type=\"container\">\n\t\t\t\t<div class=\"elementor-element elementor-element-63829e28 elementor-align-center elementor-widget elementor-widget-button\" data-id=\"63829e28\" data-element_type=\"widget\" data-widget_type=\"button.default\">\n\t\t\t\t<div class=\"elementor-widget-container\">\n\t\t\t\t\t<div class=\"elementor-button-wrapper\">\n\t\t\t<a class=\"elementor-button elementor-button-link elementor-size-sm\" href=\"https:\/\/www.5starshome.com\/fr\/logement-majorque\/\">\n\t\t\t\t\t\t<span class=\"elementor-button-content-wrapper\">\n\t\t\t\t\t\t\t\t\t<span class=\"elementor-button-text\">H\u00e9b\u00e9rgement  \u00e0 Mallorca<\/span>\n\t\t\t\t\t<\/span>\n\t\t\t\t\t<\/a>\n\t\t<\/div>\n\t\t\t\t<\/div>\n\t\t\t\t<\/div>\n\t\t\t\t<\/div>\n\t\t<div class=\"elementor-element elementor-element-24782f2c e-con-full e-flex e-con e-child\" data-id=\"24782f2c\" data-element_type=\"container\">\n\t\t\t\t<div class=\"elementor-element elementor-element-18f86b6d elementor-align-center elementor-widget elementor-widget-button\" data-id=\"18f86b6d\" data-element_type=\"widget\" data-widget_type=\"button.default\">\n\t\t\t\t<div class=\"elementor-widget-container\">\n\t\t\t\t\t<div class=\"elementor-button-wrapper\">\n\t\t\t<a class=\"elementor-button elementor-button-link elementor-size-sm\" href=\"https:\/\/www.5starshome.com\/fr\/finca-majorque\/\">\n\t\t\t\t\t\t<span class=\"elementor-button-content-wrapper\">\n\t\t\t\t\t\t\t\t\t<span class=\"elementor-button-text\">Domaine \u00e0  Mallorca<\/span>\n\t\t\t\t\t<\/span>\n\t\t\t\t\t<\/a>\n\t\t<\/div>\n\t\t\t\t<\/div>\n\t\t\t\t<\/div>\n\t\t\t\t<\/div>\n\t\t<div class=\"elementor-element elementor-element-6ccacf5 e-con-full e-flex e-con e-child\" data-id=\"6ccacf5\" data-element_type=\"container\">\n\t\t\t\t<div class=\"elementor-element elementor-element-7b67f96b elementor-align-center elementor-widget elementor-widget-button\" data-id=\"7b67f96b\" data-element_type=\"widget\" data-widget_type=\"button.default\">\n\t\t\t\t<div class=\"elementor-widget-container\">\n\t\t\t\t\t<div class=\"elementor-button-wrapper\">\n\t\t\t<a class=\"elementor-button elementor-button-link elementor-size-sm\" href=\"https:\/\/www.5starshome.com\/fr\/villa-a-majorque\/\">\n\t\t\t\t\t\t<span class=\"elementor-button-content-wrapper\">\n\t\t\t\t\t\t\t\t\t<span class=\"elementor-button-text\">Villas \u00e0 Majorque<\/span>\n\t\t\t\t\t<\/span>\n\t\t\t\t\t<\/a>\n\t\t<\/div>\n\t\t\t\t<\/div>\n\t\t\t\t<\/div>\n\t\t\t\t<\/div>\n\t\t<div class=\"elementor-element elementor-element-43a0a49d e-con-full e-flex e-con e-child\" data-id=\"43a0a49d\" data-element_type=\"container\">\n\t\t\t\t<div class=\"elementor-element elementor-element-606197a0 elementor-align-center elementor-widget elementor-widget-button\" data-id=\"606197a0\" data-element_type=\"widget\" data-widget_type=\"button.default\">\n\t\t\t\t<div class=\"elementor-widget-container\">\n\t\t\t\t\t<div class=\"elementor-button-wrapper\">\n\t\t\t<a class=\"elementor-button elementor-button-link elementor-size-sm\" href=\"https:\/\/www.5starshome.com\/fr\/location-maison-a-majorque\/\">\n\t\t\t\t\t\t<span class=\"elementor-button-content-wrapper\">\n\t\t\t\t\t\t\t\t\t<span class=\"elementor-button-text\">Maison \u00e0 Majorque<\/span>\n\t\t\t\t\t<\/span>\n\t\t\t\t\t<\/a>\n\t\t<\/div>\n\t\t\t\t<\/div>\n\t\t\t\t<\/div>\n\t\t\t\t<\/div>\n\t\t\t\t\t<\/div>\n\t\t\t\t<\/div>\n\t\t\t\t<\/div>\n\t\t","protected":false},"excerpt":{"rendered":"<p>Majorque est l&rsquo;un des tr\u00e9sors cach\u00e9s de la M\u00e9diterran\u00e9e et se distingue surtout par ses plages et ses criques pratiquement vierges et par la combinaison parfaite d&rsquo;eaux cristallines, de sable dor\u00e9 et de paysages spectaculaires qui les entourent. Tout cela fait de l&rsquo;\u00eele une destination de r\u00eave pour les amoureux du soleil et de la [&hellip;]<\/p>\n","protected":false},"author":4,"featured_media":136,"comment_status":"open","ping_status":"open","sticky":false,"template":"","format":"standard","meta":{"footnotes":""},"categories":[64,1],"tags":[],"class_list":["post-195","post","type-post","status-publish","format-standard","has-post-thumbnail","hentry","category-mallorca-es","category-uncategorized"],"yoast_head":"<!-- This site is optimized with the Yoast SEO plugin v23.1 - https:\/\/yoast.com\/wordpress\/plugins\/seo\/ -->\n<title>D\u00e9couvrez quels sont les 10 meilleures plages de Majorque - Voyage aux \u00celes Bal\u00e9ares<\/title>\n<meta name=\"description\" content=\"D\u00e9couvrez les meilleures plages et les criques les plus paradisiaques des c\u00f4tes de Majorque et pr\u00e9parez-vous \u00e0 les d\u00e9couvrir.\" \/>\n<meta name=\"robots\" content=\"index, follow, max-snippet:-1, max-image-preview:large, max-video-preview:-1\" \/>\n<link rel=\"canonical\" href=\"https:\/\/www.5starshome.com\/blog\/fr\/plages-majorque\/\" \/>\n<meta property=\"og:locale\" content=\"fr_FR\" \/>\n<meta property=\"og:type\" content=\"article\" \/>\n<meta property=\"og:title\" content=\"D\u00e9couvrez quels sont les 10 meilleures plages de Majorque - Voyage aux \u00celes Bal\u00e9ares\" \/>\n<meta property=\"og:description\" content=\"D\u00e9couvrez les meilleures plages et les criques les plus paradisiaques des c\u00f4tes de Majorque et pr\u00e9parez-vous \u00e0 les d\u00e9couvrir.\" \/>\n<meta property=\"og:url\" content=\"https:\/\/www.5starshome.com\/blog\/fr\/plages-majorque\/\" \/>\n<meta property=\"og:site_name\" content=\"Voyage aux \u00celes Bal\u00e9ares\" \/>\n<meta property=\"article:published_time\" content=\"2024-07-17T12:27:53+00:00\" \/>\n<meta property=\"article:modified_time\" content=\"2024-09-16T09:01:31+00:00\" \/>\n<meta property=\"og:image\" content=\"https:\/\/www.5starshome.com\/blog\/wp-content\/uploads\/2024\/07\/playas-mallorca.jpg\" \/>\n\t<meta property=\"og:image:width\" content=\"1920\" \/>\n\t<meta property=\"og:image:height\" content=\"640\" \/>\n\t<meta property=\"og:image:type\" content=\"image\/jpeg\" \/>\n<meta name=\"author\" content=\"Laura\" \/>\n<meta name=\"twitter:card\" content=\"summary_large_image\" \/>\n<meta name=\"twitter:label1\" content=\"\u00c9crit par\" \/>\n\t<meta name=\"twitter:data1\" content=\"Laura\" \/>\n\t<meta name=\"twitter:label2\" content=\"Dur\u00e9e de lecture estim\u00e9e\" \/>\n\t<meta name=\"twitter:data2\" content=\"9 minutes\" \/>\n<script type=\"application\/ld+json\" class=\"yoast-schema-graph\">{\"@context\":\"https:\/\/schema.org\",\"@graph\":[{\"@type\":\"Article\",\"@id\":\"https:\/\/www.5starshome.com\/blog\/fr\/plages-majorque\/#article\",\"isPartOf\":{\"@id\":\"https:\/\/www.5starshome.com\/blog\/fr\/plages-majorque\/\"},\"author\":{\"name\":\"Laura\",\"@id\":\"https:\/\/www.5starshome.com\/blog\/fr\/#\/schema\/person\/5194e40bccdc6e994889f3c3216b6bff\"},\"headline\":\"D\u00e9couvrez quels sont les 10 meilleures plages de Majorque\",\"datePublished\":\"2024-07-17T12:27:53+00:00\",\"dateModified\":\"2024-09-16T09:01:31+00:00\",\"mainEntityOfPage\":{\"@id\":\"https:\/\/www.5starshome.com\/blog\/fr\/plages-majorque\/\"},\"wordCount\":1505,\"commentCount\":0,\"publisher\":{\"@id\":\"https:\/\/www.5starshome.com\/blog\/fr\/#organization\"},\"image\":{\"@id\":\"https:\/\/www.5starshome.com\/blog\/fr\/plages-majorque\/#primaryimage\"},\"thumbnailUrl\":\"https:\/\/www.5starshome.com\/blog\/wp-content\/uploads\/2024\/07\/playas-mallorca.jpg\",\"articleSection\":[\"Mallorca\",\"Uncategorized\"],\"inLanguage\":\"fr-FR\",\"potentialAction\":[{\"@type\":\"CommentAction\",\"name\":\"Comment\",\"target\":[\"https:\/\/www.5starshome.com\/blog\/fr\/plages-majorque\/#respond\"]}]},{\"@type\":\"WebPage\",\"@id\":\"https:\/\/www.5starshome.com\/blog\/fr\/plages-majorque\/\",\"url\":\"https:\/\/www.5starshome.com\/blog\/fr\/plages-majorque\/\",\"name\":\"D\u00e9couvrez quels sont les 10 meilleures plages de Majorque - Voyage aux \u00celes Bal\u00e9ares\",\"isPartOf\":{\"@id\":\"https:\/\/www.5starshome.com\/blog\/fr\/#website\"},\"primaryImageOfPage\":{\"@id\":\"https:\/\/www.5starshome.com\/blog\/fr\/plages-majorque\/#primaryimage\"},\"image\":{\"@id\":\"https:\/\/www.5starshome.com\/blog\/fr\/plages-majorque\/#primaryimage\"},\"thumbnailUrl\":\"https:\/\/www.5starshome.com\/blog\/wp-content\/uploads\/2024\/07\/playas-mallorca.jpg\",\"datePublished\":\"2024-07-17T12:27:53+00:00\",\"dateModified\":\"2024-09-16T09:01:31+00:00\",\"description\":\"D\u00e9couvrez les meilleures plages et les criques les plus paradisiaques des c\u00f4tes de Majorque et pr\u00e9parez-vous \u00e0 les d\u00e9couvrir.\",\"breadcrumb\":{\"@id\":\"https:\/\/www.5starshome.com\/blog\/fr\/plages-majorque\/#breadcrumb\"},\"inLanguage\":\"fr-FR\",\"potentialAction\":[{\"@type\":\"ReadAction\",\"target\":[\"https:\/\/www.5starshome.com\/blog\/fr\/plages-majorque\/\"]}]},{\"@type\":\"ImageObject\",\"inLanguage\":\"fr-FR\",\"@id\":\"https:\/\/www.5starshome.com\/blog\/fr\/plages-majorque\/#primaryimage\",\"url\":\"https:\/\/www.5starshome.com\/blog\/wp-content\/uploads\/2024\/07\/playas-mallorca.jpg\",\"contentUrl\":\"https:\/\/www.5starshome.com\/blog\/wp-content\/uploads\/2024\/07\/playas-mallorca.jpg\",\"width\":1920,\"height\":640,\"caption\":\"playas mallorca\"},{\"@type\":\"BreadcrumbList\",\"@id\":\"https:\/\/www.5starshome.com\/blog\/fr\/plages-majorque\/#breadcrumb\",\"itemListElement\":[{\"@type\":\"ListItem\",\"position\":1,\"name\":\"Home\",\"item\":\"https:\/\/www.5starshome.com\/blog\/fr\/\"},{\"@type\":\"ListItem\",\"position\":2,\"name\":\"D\u00e9couvrez quels sont les 10 meilleures plages de Majorque\"}]},{\"@type\":\"WebSite\",\"@id\":\"https:\/\/www.5starshome.com\/blog\/fr\/#website\",\"url\":\"https:\/\/www.5starshome.com\/blog\/fr\/\",\"name\":\"Voyage aux \u00celes Bal\u00e9ares\",\"description\":\"Holiday Rentals 5starshome\",\"publisher\":{\"@id\":\"https:\/\/www.5starshome.com\/blog\/fr\/#organization\"},\"potentialAction\":[{\"@type\":\"SearchAction\",\"target\":{\"@type\":\"EntryPoint\",\"urlTemplate\":\"https:\/\/www.5starshome.com\/blog\/fr\/?s={search_term_string}\"},\"query-input\":\"required name=search_term_string\"}],\"inLanguage\":\"fr-FR\"},{\"@type\":\"Organization\",\"@id\":\"https:\/\/www.5starshome.com\/blog\/fr\/#organization\",\"name\":\"Voyage aux \u00celes Bal\u00e9ares\",\"url\":\"https:\/\/www.5starshome.com\/blog\/fr\/\",\"logo\":{\"@type\":\"ImageObject\",\"inLanguage\":\"fr-FR\",\"@id\":\"https:\/\/www.5starshome.com\/blog\/fr\/#\/schema\/logo\/image\/\",\"url\":\"https:\/\/www.5starshome.com\/blog\/wp-content\/uploads\/2024\/10\/logo-1.png\",\"contentUrl\":\"https:\/\/www.5starshome.com\/blog\/wp-content\/uploads\/2024\/10\/logo-1.png\",\"width\":200,\"height\":68,\"caption\":\"Voyage aux \u00celes Bal\u00e9ares\"},\"image\":{\"@id\":\"https:\/\/www.5starshome.com\/blog\/fr\/#\/schema\/logo\/image\/\"}},{\"@type\":\"Person\",\"@id\":\"https:\/\/www.5starshome.com\/blog\/fr\/#\/schema\/person\/5194e40bccdc6e994889f3c3216b6bff\",\"name\":\"Laura\",\"image\":{\"@type\":\"ImageObject\",\"inLanguage\":\"fr-FR\",\"@id\":\"https:\/\/www.5starshome.com\/blog\/fr\/#\/schema\/person\/image\/\",\"url\":\"https:\/\/secure.gravatar.com\/avatar\/38b396224481eeb6edadb558d7e4a6d1ff1c8ba1e6abd3951e451527e107c96b?s=96&d=mm&r=g\",\"contentUrl\":\"https:\/\/secure.gravatar.com\/avatar\/38b396224481eeb6edadb558d7e4a6d1ff1c8ba1e6abd3951e451527e107c96b?s=96&d=mm&r=g\",\"caption\":\"Laura\"},\"url\":\"https:\/\/www.5starshome.com\/blog\/fr\/author\/laura\/\"}]}<\/script>\n<!-- \/ Yoast SEO plugin. -->","yoast_head_json":{"title":"D\u00e9couvrez quels sont les 10 meilleures plages de Majorque - Voyage aux \u00celes Bal\u00e9ares","description":"D\u00e9couvrez les meilleures plages et les criques les plus paradisiaques des c\u00f4tes de Majorque et pr\u00e9parez-vous \u00e0 les d\u00e9couvrir.","robots":{"index":"index","follow":"follow","max-snippet":"max-snippet:-1","max-image-preview":"max-image-preview:large","max-video-preview":"max-video-preview:-1"},"canonical":"https:\/\/www.5starshome.com\/blog\/fr\/plages-majorque\/","og_locale":"fr_FR","og_type":"article","og_title":"D\u00e9couvrez quels sont les 10 meilleures plages de Majorque - Voyage aux \u00celes Bal\u00e9ares","og_description":"D\u00e9couvrez les meilleures plages et les criques les plus paradisiaques des c\u00f4tes de Majorque et pr\u00e9parez-vous \u00e0 les d\u00e9couvrir.","og_url":"https:\/\/www.5starshome.com\/blog\/fr\/plages-majorque\/","og_site_name":"Voyage aux \u00celes Bal\u00e9ares","article_published_time":"2024-07-17T12:27:53+00:00","article_modified_time":"2024-09-16T09:01:31+00:00","og_image":[{"width":1920,"height":640,"url":"https:\/\/www.5starshome.com\/blog\/wp-content\/uploads\/2024\/07\/playas-mallorca.jpg","type":"image\/jpeg"}],"author":"Laura","twitter_card":"summary_large_image","twitter_misc":{"\u00c9crit par":"Laura","Dur\u00e9e de lecture estim\u00e9e":"9 minutes"},"schema":{"@context":"https:\/\/schema.org","@graph":[{"@type":"Article","@id":"https:\/\/www.5starshome.com\/blog\/fr\/plages-majorque\/#article","isPartOf":{"@id":"https:\/\/www.5starshome.com\/blog\/fr\/plages-majorque\/"},"author":{"name":"Laura","@id":"https:\/\/www.5starshome.com\/blog\/fr\/#\/schema\/person\/5194e40bccdc6e994889f3c3216b6bff"},"headline":"D\u00e9couvrez quels sont les 10 meilleures plages de Majorque","datePublished":"2024-07-17T12:27:53+00:00","dateModified":"2024-09-16T09:01:31+00:00","mainEntityOfPage":{"@id":"https:\/\/www.5starshome.com\/blog\/fr\/plages-majorque\/"},"wordCount":1505,"commentCount":0,"publisher":{"@id":"https:\/\/www.5starshome.com\/blog\/fr\/#organization"},"image":{"@id":"https:\/\/www.5starshome.com\/blog\/fr\/plages-majorque\/#primaryimage"},"thumbnailUrl":"https:\/\/www.5starshome.com\/blog\/wp-content\/uploads\/2024\/07\/playas-mallorca.jpg","articleSection":["Mallorca","Uncategorized"],"inLanguage":"fr-FR","potentialAction":[{"@type":"CommentAction","name":"Comment","target":["https:\/\/www.5starshome.com\/blog\/fr\/plages-majorque\/#respond"]}]},{"@type":"WebPage","@id":"https:\/\/www.5starshome.com\/blog\/fr\/plages-majorque\/","url":"https:\/\/www.5starshome.com\/blog\/fr\/plages-majorque\/","name":"D\u00e9couvrez quels sont les 10 meilleures plages de Majorque - Voyage aux \u00celes Bal\u00e9ares","isPartOf":{"@id":"https:\/\/www.5starshome.com\/blog\/fr\/#website"},"primaryImageOfPage":{"@id":"https:\/\/www.5starshome.com\/blog\/fr\/plages-majorque\/#primaryimage"},"image":{"@id":"https:\/\/www.5starshome.com\/blog\/fr\/plages-majorque\/#primaryimage"},"thumbnailUrl":"https:\/\/www.5starshome.com\/blog\/wp-content\/uploads\/2024\/07\/playas-mallorca.jpg","datePublished":"2024-07-17T12:27:53+00:00","dateModified":"2024-09-16T09:01:31+00:00","description":"D\u00e9couvrez les meilleures plages et les criques les plus paradisiaques des c\u00f4tes de Majorque et pr\u00e9parez-vous \u00e0 les d\u00e9couvrir.","breadcrumb":{"@id":"https:\/\/www.5starshome.com\/blog\/fr\/plages-majorque\/#breadcrumb"},"inLanguage":"fr-FR","potentialAction":[{"@type":"ReadAction","target":["https:\/\/www.5starshome.com\/blog\/fr\/plages-majorque\/"]}]},{"@type":"ImageObject","inLanguage":"fr-FR","@id":"https:\/\/www.5starshome.com\/blog\/fr\/plages-majorque\/#primaryimage","url":"https:\/\/www.5starshome.com\/blog\/wp-content\/uploads\/2024\/07\/playas-mallorca.jpg","contentUrl":"https:\/\/www.5starshome.com\/blog\/wp-content\/uploads\/2024\/07\/playas-mallorca.jpg","width":1920,"height":640,"caption":"playas mallorca"},{"@type":"BreadcrumbList","@id":"https:\/\/www.5starshome.com\/blog\/fr\/plages-majorque\/#breadcrumb","itemListElement":[{"@type":"ListItem","position":1,"name":"Home","item":"https:\/\/www.5starshome.com\/blog\/fr\/"},{"@type":"ListItem","position":2,"name":"D\u00e9couvrez quels sont les 10 meilleures plages de Majorque"}]},{"@type":"WebSite","@id":"https:\/\/www.5starshome.com\/blog\/fr\/#website","url":"https:\/\/www.5starshome.com\/blog\/fr\/","name":"Voyage aux \u00celes Bal\u00e9ares","description":"Holiday Rentals 5starshome","publisher":{"@id":"https:\/\/www.5starshome.com\/blog\/fr\/#organization"},"potentialAction":[{"@type":"SearchAction","target":{"@type":"EntryPoint","urlTemplate":"https:\/\/www.5starshome.com\/blog\/fr\/?s={search_term_string}"},"query-input":"required name=search_term_string"}],"inLanguage":"fr-FR"},{"@type":"Organization","@id":"https:\/\/www.5starshome.com\/blog\/fr\/#organization","name":"Voyage aux \u00celes Bal\u00e9ares","url":"https:\/\/www.5starshome.com\/blog\/fr\/","logo":{"@type":"ImageObject","inLanguage":"fr-FR","@id":"https:\/\/www.5starshome.com\/blog\/fr\/#\/schema\/logo\/image\/","url":"https:\/\/www.5starshome.com\/blog\/wp-content\/uploads\/2024\/10\/logo-1.png","contentUrl":"https:\/\/www.5starshome.com\/blog\/wp-content\/uploads\/2024\/10\/logo-1.png","width":200,"height":68,"caption":"Voyage aux \u00celes Bal\u00e9ares"},"image":{"@id":"https:\/\/www.5starshome.com\/blog\/fr\/#\/schema\/logo\/image\/"}},{"@type":"Person","@id":"https:\/\/www.5starshome.com\/blog\/fr\/#\/schema\/person\/5194e40bccdc6e994889f3c3216b6bff","name":"Laura","image":{"@type":"ImageObject","inLanguage":"fr-FR","@id":"https:\/\/www.5starshome.com\/blog\/fr\/#\/schema\/person\/image\/","url":"https:\/\/secure.gravatar.com\/avatar\/38b396224481eeb6edadb558d7e4a6d1ff1c8ba1e6abd3951e451527e107c96b?s=96&d=mm&r=g","contentUrl":"https:\/\/secure.gravatar.com\/avatar\/38b396224481eeb6edadb558d7e4a6d1ff1c8ba1e6abd3951e451527e107c96b?s=96&d=mm&r=g","caption":"Laura"},"url":"https:\/\/www.5starshome.com\/blog\/fr\/author\/laura\/"}]}},"_links":{"self":[{"href":"https:\/\/www.5starshome.com\/blog\/fr\/wp-json\/wp\/v2\/posts\/195","targetHints":{"allow":["GET"]}}],"collection":[{"href":"https:\/\/www.5starshome.com\/blog\/fr\/wp-json\/wp\/v2\/posts"}],"about":[{"href":"https:\/\/www.5starshome.com\/blog\/fr\/wp-json\/wp\/v2\/types\/post"}],"author":[{"embeddable":true,"href":"https:\/\/www.5starshome.com\/blog\/fr\/wp-json\/wp\/v2\/users\/4"}],"replies":[{"embeddable":true,"href":"https:\/\/www.5starshome.com\/blog\/fr\/wp-json\/wp\/v2\/comments?post=195"}],"version-history":[{"count":7,"href":"https:\/\/www.5starshome.com\/blog\/fr\/wp-json\/wp\/v2\/posts\/195\/revisions"}],"predecessor-version":[{"id":735,"href":"https:\/\/www.5starshome.com\/blog\/fr\/wp-json\/wp\/v2\/posts\/195\/revisions\/735"}],"wp:featuredmedia":[{"embeddable":true,"href":"https:\/\/www.5starshome.com\/blog\/fr\/wp-json\/wp\/v2\/media\/136"}],"wp:attachment":[{"href":"https:\/\/www.5starshome.com\/blog\/fr\/wp-json\/wp\/v2\/media?parent=195"}],"wp:term":[{"taxonomy":"category","embeddable":true,"href":"https:\/\/www.5starshome.com\/blog\/fr\/wp-json\/wp\/v2\/categories?post=195"},{"taxonomy":"post_tag","embeddable":true,"href":"https:\/\/www.5starshome.com\/blog\/fr\/wp-json\/wp\/v2\/tags?post=195"}],"curies":[{"name":"wp","href":"https:\/\/api.w.org\/{rel}","templated":true}]}}