{"id":605,"date":"2024-09-19T11:40:45","date_gmt":"2024-09-19T11:40:45","guid":{"rendered":"https:\/\/www.5starshome.com\/blog\/?p=605"},"modified":"2024-09-30T07:59:56","modified_gmt":"2024-09-30T07:59:56","slug":"vieil-ibiza","status":"publish","type":"post","link":"https:\/\/www.5starshome.com\/blog\/fr\/vieil-ibiza\/","title":{"rendered":"La viei d&rsquo;Ibiza, le tr\u00e9sor m\u00e9connu de l&rsquo;\u00eele"},"content":{"rendered":"\t\t<div data-elementor-type=\"wp-post\" data-elementor-id=\"605\" class=\"elementor elementor-605 elementor-599\" data-elementor-post-type=\"post\">\n\t\t\t\t<div class=\"elementor-element elementor-element-7407bdb1 e-flex e-con-boxed e-con e-parent\" data-id=\"7407bdb1\" data-element_type=\"container\">\n\t\t\t\t\t<div class=\"e-con-inner\">\n\t\t\t\t<div class=\"elementor-element elementor-element-48ffd459 elementor-widget elementor-widget-text-editor\" data-id=\"48ffd459\" data-element_type=\"widget\" data-widget_type=\"text-editor.default\">\n\t\t\t\t<div class=\"elementor-widget-container\">\n\t\t\t<style>\/*! elementor - v3.23.0 - 23-07-2024 *\/\n.elementor-widget-text-editor.elementor-drop-cap-view-stacked .elementor-drop-cap{background-color:#69727d;color:#fff}.elementor-widget-text-editor.elementor-drop-cap-view-framed .elementor-drop-cap{color:#69727d;border:3px solid;background-color:transparent}.elementor-widget-text-editor:not(.elementor-drop-cap-view-default) .elementor-drop-cap{margin-top:8px}.elementor-widget-text-editor:not(.elementor-drop-cap-view-default) .elementor-drop-cap-letter{width:1em;height:1em}.elementor-widget-text-editor .elementor-drop-cap{float:left;text-align:center;line-height:1;font-size:50px}.elementor-widget-text-editor .elementor-drop-cap-letter{display:inline-block}<\/style>\t\t\t\t<p>La vieil d&rsquo;ibiza, connu sous le nom de Dalt Vila, est l&rsquo;un de ces endroits qui vous t\u00e9l\u00e9porte dans le pass\u00e9 d\u00e8s que vous posez le pied dans ses rues. Il a \u00e9t\u00e9 class\u00e9 au <strong>patrimoine mondial de l&rsquo;UNESCO <\/strong>en 1999, et ce n&rsquo;est pas \u00e9tonnant, car <strong>son m\u00e9lange d&rsquo;histoire, de culture et de vues \u00e0 couper le souffle s\u00e9duit tout le monde.<\/strong> Nous sommes convaincus qu&rsquo;avec vous aussi, il y parviendra.<\/p><p>Regardez la quantit\u00e9 de choses qu&rsquo;il a \u00e0 offrir !<\/p>\t\t\t\t\t\t<\/div>\n\t\t\t\t<\/div>\n\t\t\t\t\t<\/div>\n\t\t\t\t<\/div>\n\t\t<div class=\"elementor-element elementor-element-1ae035e9 e-flex e-con-boxed e-con e-parent\" data-id=\"1ae035e9\" data-element_type=\"container\">\n\t\t\t\t\t<div class=\"e-con-inner\">\n\t\t\t\t<div class=\"elementor-element elementor-element-75722f78 elementor-widget elementor-widget-table-of-contents\" data-id=\"75722f78\" data-element_type=\"widget\" data-settings=\"{&quot;headings_by_tags&quot;:[&quot;h2&quot;,&quot;h3&quot;],&quot;exclude_headings_by_selector&quot;:[],&quot;marker_view&quot;:&quot;bullets&quot;,&quot;icon&quot;:{&quot;value&quot;:&quot;&quot;,&quot;library&quot;:&quot;&quot;},&quot;hierarchical_view&quot;:&quot;yes&quot;,&quot;min_height&quot;:{&quot;unit&quot;:&quot;px&quot;,&quot;size&quot;:&quot;&quot;,&quot;sizes&quot;:[]},&quot;min_height_tablet&quot;:{&quot;unit&quot;:&quot;px&quot;,&quot;size&quot;:&quot;&quot;,&quot;sizes&quot;:[]},&quot;min_height_mobile&quot;:{&quot;unit&quot;:&quot;px&quot;,&quot;size&quot;:&quot;&quot;,&quot;sizes&quot;:[]}}\" data-widget_type=\"table-of-contents.default\">\n\t\t\t\t<div class=\"elementor-widget-container\">\n\t\t\t<style>\/*! elementor-pro - v3.23.0 - 23-07-2024 *\/\n.elementor-widget-table-of-contents .elementor-toc__header-title{color:var(--header-color)}.elementor-widget-table-of-contents.elementor-toc--collapsed .elementor-toc__toggle-button--collapse,.elementor-widget-table-of-contents:not(.elementor-toc--collapsed) .elementor-toc__toggle-button--expand{display:none}.elementor-widget-table-of-contents .elementor-widget-container{min-height:var(--box-min-height);border:var(--box-border-width,1px) solid var(--box-border-color,#9da5ae);border-radius:var(--box-border-radius,3px);background-color:var(--box-background-color);transition:min-height .4s;overflow:hidden}.elementor-toc__header{display:flex;align-items:center;justify-content:space-between;padding:var(--box-padding,20px);background-color:var(--header-background-color);border-bottom:var(--separator-width,1px) solid var(--box-border-color,#9da5ae)}.elementor-toc__header-title{font-size:18px;margin:0;color:var(--header-color);flex-grow:1}.elementor-toc__toggle-button{cursor:pointer;display:inline-flex}.elementor-toc__toggle-button i{color:var(--toggle-button-color)}.elementor-toc__toggle-button svg{height:1em;width:1em;fill:var(--toggle-button-color)}.elementor-toc__spinner-container{text-align:center}.elementor-toc__spinner{font-size:2em}.elementor-toc__spinner.e-font-icon-svg{height:1em;width:1em}.elementor-toc__body{padding:var(--box-padding,20px);max-height:var(--toc-body-max-height);overflow-y:auto}.elementor-toc__body::-webkit-scrollbar{width:7px}.elementor-toc__body::-webkit-scrollbar-thumb{background-color:#babfc5;border-radius:10px}.elementor-toc__list-wrapper{list-style:none;padding:0}.elementor-toc__list-item{margin-bottom:.5em}.elementor-toc__list-item.elementor-item-active{font-weight:700}.elementor-toc__list-item .elementor-toc__list-wrapper{margin-top:.5em;margin-inline-start:var(--nested-list-indent,1em)}.elementor-toc__list-item-text{transition-duration:var(--item-text-transition-duration)}.elementor-toc__list-item-text:hover{color:var(--item-text-hover-color);-webkit-text-decoration:var(--item-text-hover-decoration);text-decoration:var(--item-text-hover-decoration)}.elementor-toc__list-item-text.elementor-item-active{color:var(--item-text-active-color);-webkit-text-decoration:var(--item-text-active-decoration);text-decoration:var(--item-text-active-decoration)}.elementor-toc__list-item-text-wrapper{display:flex;align-items:center}.elementor-toc__list-item-text-wrapper:before,.elementor-toc__list-item-text-wrapper i{margin-inline-end:8px;color:var(--marker-color)}.elementor-toc__list-item-text-wrapper svg{margin-inline-end:8px;fill:var(--marker-color);height:var(--marker-size,.5em);width:var(--marker-size,.5em)}.elementor-toc__list-item-text-wrapper i{font-size:var(--marker-size,.5em)}.elementor-toc__list-item-text-wrapper:before{font-size:var(--marker-size,1em)}.elementor-toc--content-ellipsis .elementor-toc__list-item-text{white-space:nowrap;overflow:hidden;text-overflow:ellipsis}.elementor-toc__list-items--collapsible>.elementor-toc__list-wrapper>.elementor-toc__list-item>.elementor-toc__list-wrapper{display:none}.elementor-toc__heading-anchor{position:absolute}.elementor-toc__body .elementor-toc__list-item-text{color:var(--item-text-color);-webkit-text-decoration:var(--item-text-decoration);text-decoration:var(--item-text-decoration);transition-duration:var(--item-text-transition-duration)}.elementor-toc__body .elementor-toc__list-item-text:hover{color:var(--item-text-hover-color);-webkit-text-decoration:var(--item-text-hover-decoration);text-decoration:var(--item-text-hover-decoration)}.elementor-toc__body .elementor-toc__list-item-text.elementor-item-active{color:var(--item-text-active-color);-webkit-text-decoration:var(--item-text-active-decoration);text-decoration:var(--item-text-active-decoration)}ol.elementor-toc__list-wrapper{counter-reset:item}ol.elementor-toc__list-wrapper .elementor-toc__list-item{counter-increment:item}ol.elementor-toc__list-wrapper .elementor-toc__list-item-text-wrapper:before{content:counters(item,\".\") \". \"}<\/style>\t\t<div class=\"elementor-toc__header\">\n\t\t\t<div class=\"elementor-toc__header-title\">\n\t\t\t\tSommaire\t\t\t<\/div>\n\t\t\t\t\t<\/div>\n\t\t<div id=\"elementor-toc__75722f78\" class=\"elementor-toc__body\">\n\t\t\t<div class=\"elementor-toc__spinner-container\">\n\t\t\t\t<svg class=\"elementor-toc__spinner eicon-animation-spin e-font-icon-svg e-eicon-loading\" aria-hidden=\"true\" viewBox=\"0 0 1000 1000\" xmlns=\"http:\/\/www.w3.org\/2000\/svg\"><path d=\"M500 975V858C696 858 858 696 858 500S696 142 500 142 142 304 142 500H25C25 237 238 25 500 25S975 237 975 500 763 975 500 975Z\"><\/path><\/svg>\t\t\t<\/div>\n\t\t<\/div>\n\t\t\t\t<\/div>\n\t\t\t\t<\/div>\n\t\t\t\t\t<\/div>\n\t\t\t\t<\/div>\n\t\t<div class=\"elementor-element elementor-element-65f8b3dc e-flex e-con-boxed e-con e-parent\" data-id=\"65f8b3dc\" data-element_type=\"container\">\n\t\t\t\t\t<div class=\"e-con-inner\">\n\t\t\t\t<div class=\"elementor-element elementor-element-770bf0b1 elementor-widget elementor-widget-heading\" data-id=\"770bf0b1\" data-element_type=\"widget\" data-widget_type=\"heading.default\">\n\t\t\t\t<div class=\"elementor-widget-container\">\n\t\t\t<style>\/*! elementor - v3.23.0 - 23-07-2024 *\/\n.elementor-heading-title{padding:0;margin:0;line-height:1}.elementor-widget-heading .elementor-heading-title[class*=elementor-size-]>a{color:inherit;font-size:inherit;line-height:inherit}.elementor-widget-heading .elementor-heading-title.elementor-size-small{font-size:15px}.elementor-widget-heading .elementor-heading-title.elementor-size-medium{font-size:19px}.elementor-widget-heading .elementor-heading-title.elementor-size-large{font-size:29px}.elementor-widget-heading .elementor-heading-title.elementor-size-xl{font-size:39px}.elementor-widget-heading .elementor-heading-title.elementor-size-xxl{font-size:59px}<\/style><h2 class=\"elementor-heading-title elementor-size-default\">L'histoire et le patrimoine de la vieille ville d'Ibiza ont beaucoup \u00e0 offrir<\/h2>\t\t<\/div>\n\t\t\t\t<\/div>\n\t\t\t\t<div class=\"elementor-element elementor-element-7e169403 elementor-widget elementor-widget-text-editor\" data-id=\"7e169403\" data-element_type=\"widget\" data-widget_type=\"text-editor.default\">\n\t\t\t\t<div class=\"elementor-widget-container\">\n\t\t\t\t\t\t\t<p>Contrairement \u00e0 l&rsquo;image de f\u00eate que l&rsquo;on associe \u00e0 Ibiza, la vieille ville offre une exp\u00e9rience totalement diff\u00e9rente ; vous y trouverez une<strong> atmosph\u00e8re tranquille, pleine d&rsquo;histoire et de patrimoine<\/strong>.<\/p><p>Fond\u00e9e par les Ph\u00e9niciens au VIIe si\u00e8cle avant J.-C., Dalt Vila a connu de nombreuses civilisations qui ont laiss\u00e9 leur empreinte : les Romains, les Byzantins, les Arabes et les Chr\u00e9tiens, il y a eu de tout ! Et l&rsquo;on peut encore en voir les traces aujourd&rsquo;hui. Les plus remarquables sont les <strong>remparts, qui d\u00e9fendaient la ville contre les attaques des pirates<\/strong>. Ils poss\u00e8dent sept bastions et plusieurs portes comme le Portal de Ses Taules. Ces imposantes fortifications, avec leurs sept bastions et leurs portes monumentales comme le Portal de Ses Taules.<\/p><p>La vieille ville d&rsquo;Ibiza est \u00e9galement tr\u00e8s int\u00e9ressante ; ses rues \u00e9troites et ses maisons blanchies \u00e0 la chaux avec des balcons fleuris et des fen\u00eatres color\u00e9es cr\u00e9ent une atmosph\u00e8re tr\u00e8s attrayante qui incite \u00e0 la promenade et \u00e0 l&rsquo;exploration.<\/p><p>Et \u00e0 l&rsquo;int\u00e9rieur des murs, il y a de nombreux b\u00e2timents historiques. Voyez par vous-m\u00eame !<\/p>\t\t\t\t\t\t<\/div>\n\t\t\t\t<\/div>\n\t\t\t\t\t<\/div>\n\t\t\t\t<\/div>\n\t\t<div class=\"elementor-element elementor-element-d541cd2 e-flex e-con-boxed e-con e-parent\" data-id=\"d541cd2\" data-element_type=\"container\">\n\t\t\t\t\t<div class=\"e-con-inner\">\n\t\t\t\t<div class=\"elementor-element elementor-element-41ffa58 elementor-widget elementor-widget-image\" data-id=\"41ffa58\" data-element_type=\"widget\" data-widget_type=\"image.default\">\n\t\t\t\t<div class=\"elementor-widget-container\">\n\t\t\t<style>\/*! elementor - v3.23.0 - 23-07-2024 *\/\n.elementor-widget-image{text-align:center}.elementor-widget-image a{display:inline-block}.elementor-widget-image a img[src$=\".svg\"]{width:48px}.elementor-widget-image img{vertical-align:middle;display:inline-block}<\/style>\t\t\t\t\t\t\t\t\t\t<img decoding=\"async\" width=\"1200\" height=\"599\" src=\"https:\/\/www.5starshome.com\/blog\/wp-content\/uploads\/2024\/09\/casco-antiguo-ibiza.jpg\" class=\"attachment-full size-full wp-image-820\" alt=\"casco-antiguo-ibiza\" srcset=\"https:\/\/www.5starshome.com\/blog\/wp-content\/uploads\/2024\/09\/casco-antiguo-ibiza.jpg 1200w, https:\/\/www.5starshome.com\/blog\/wp-content\/uploads\/2024\/09\/casco-antiguo-ibiza-768x383.jpg 768w\" sizes=\"(max-width: 1200px) 100vw, 1200px\" \/>\t\t\t\t\t\t\t\t\t\t\t\t\t<\/div>\n\t\t\t\t<\/div>\n\t\t\t\t\t<\/div>\n\t\t\t\t<\/div>\n\t\t<div class=\"elementor-element elementor-element-d963a72 e-flex e-con-boxed e-con e-parent\" data-id=\"d963a72\" data-element_type=\"container\">\n\t\t\t\t\t<div class=\"e-con-inner\">\n\t\t<div class=\"elementor-element elementor-element-b9755e9 e-con-full e-flex e-con e-child\" data-id=\"b9755e9\" data-element_type=\"container\">\n\t\t\t\t<div class=\"elementor-element elementor-element-7b44d617 elementor-widget elementor-widget-heading\" data-id=\"7b44d617\" data-element_type=\"widget\" data-widget_type=\"heading.default\">\n\t\t\t\t<div class=\"elementor-widget-container\">\n\t\t\t<h3 class=\"elementor-heading-title elementor-size-default\">La cath\u00e9drale Sainte-Marie<\/h3>\t\t<\/div>\n\t\t\t\t<\/div>\n\t\t\t\t<div class=\"elementor-element elementor-element-7f73239b elementor-widget elementor-widget-text-editor\" data-id=\"7f73239b\" data-element_type=\"widget\" data-widget_type=\"text-editor.default\">\n\t\t\t\t<div class=\"elementor-widget-container\">\n\t\t\t\t\t\t\t<p>La cath\u00e9drale privil\u00e9gi\u00e9e de Sainte-Marie se dresse au sommet de la vieille ville d&rsquo;Ibiza et constitue un symbole de la ville. Elle a \u00e9t\u00e9 construite au XIIIe si\u00e8cle sur le site d&rsquo;une ancienne mosqu\u00e9e, ce qui explique qu&rsquo;elle combine les styles gothique et baroque. Et m\u00eame si ce n&rsquo;est pas ce qu&rsquo;il y a de mieux dans cet \u00e9difice, la vue panoramique qu&rsquo;il offre sur Ibiza n&rsquo;a pas de prix.<\/p>\t\t\t\t\t\t<\/div>\n\t\t\t\t<\/div>\n\t\t\t\t<\/div>\n\t\t<div class=\"elementor-element elementor-element-3bcd52b e-con-full e-flex e-con e-child\" data-id=\"3bcd52b\" data-element_type=\"container\">\n\t\t\t\t<div class=\"elementor-element elementor-element-a6f3304 elementor-widget elementor-widget-heading\" data-id=\"a6f3304\" data-element_type=\"widget\" data-widget_type=\"heading.default\">\n\t\t\t\t<div class=\"elementor-widget-container\">\n\t\t\t<h3 class=\"elementor-heading-title elementor-size-default\">Le Ch\u00e2teau d\u2019Ibiza<\/h3>\t\t<\/div>\n\t\t\t\t<\/div>\n\t\t\t\t<div class=\"elementor-element elementor-element-fa222a3 elementor-widget elementor-widget-text-editor\" data-id=\"fa222a3\" data-element_type=\"widget\" data-widget_type=\"text-editor.default\">\n\t\t\t\t<div class=\"elementor-widget-container\">\n\t\t\t\t\t\t\t<p>Juste \u00e0 c\u00f4t\u00e9 de la cath\u00e9drale de Santa Maria se trouve le ch\u00e2teau d&rsquo;Ibiza, une forteresse m\u00e9di\u00e9vale qui remonte \u00e9galement \u00e0 la p\u00e9riode arabe et qui se compose du ch\u00e2teau, du donjon et de la maison du gouverneur. Bien qu&rsquo;il ait subi plusieurs phases de reconstruction au cours des si\u00e8cles, le ch\u00e2teau reste un symbole de l&rsquo;histoire d\u00e9fensive et gouvernementale d&rsquo;Ibiza, puisqu&rsquo;il a \u00e9t\u00e9 une r\u00e9sidence militaire et le si\u00e8ge du gouvernement pendant de nombreuses ann\u00e9es.<\/p>\t\t\t\t\t\t<\/div>\n\t\t\t\t<\/div>\n\t\t\t\t<\/div>\n\t\t<div class=\"elementor-element elementor-element-1097f32 e-con-full e-flex e-con e-child\" data-id=\"1097f32\" data-element_type=\"container\">\n\t\t\t\t<div class=\"elementor-element elementor-element-f7de271 elementor-widget elementor-widget-heading\" data-id=\"f7de271\" data-element_type=\"widget\" data-widget_type=\"heading.default\">\n\t\t\t\t<div class=\"elementor-widget-container\">\n\t\t\t<h3 class=\"elementor-heading-title elementor-size-default\">Portal de Ses Taules<\/h3>\t\t<\/div>\n\t\t\t\t<\/div>\n\t\t\t\t<div class=\"elementor-element elementor-element-1e0ff49 elementor-widget elementor-widget-text-editor\" data-id=\"1e0ff49\" data-element_type=\"widget\" data-widget_type=\"text-editor.default\">\n\t\t\t\t<div class=\"elementor-widget-container\">\n\t\t\t\t\t\t\t<p>C&rsquo;est l&rsquo;entr\u00e9e principale de Dalt Vila et l&rsquo;une des pr\u00e9f\u00e9r\u00e9es des habitants. Elle est bord\u00e9e de deux statues romaines et d&rsquo;un pont-levis digne d&rsquo;un film. Une fois \u00e0 l&rsquo;int\u00e9rieur, vous vous retrouverez sur la Plaza de Vila, un espace charmant rempli de restaurants, de bars et de petites boutiques o\u00f9 vous pourrez trouver des souvenirs, des produits artisanaux et frais.<\/p>\t\t\t\t\t\t<\/div>\n\t\t\t\t<\/div>\n\t\t\t\t<\/div>\n\t\t\t\t\t<\/div>\n\t\t\t\t<\/div>\n\t\t<div class=\"elementor-element elementor-element-dadae33 e-flex e-con-boxed e-con e-parent\" data-id=\"dadae33\" data-element_type=\"container\">\n\t\t\t\t\t<div class=\"e-con-inner\">\n\t\t<div class=\"elementor-element elementor-element-fa8c0b0 e-con-full e-flex e-con e-child\" data-id=\"fa8c0b0\" data-element_type=\"container\">\n\t\t\t\t<div class=\"elementor-element elementor-element-1f6247c elementor-widget elementor-widget-heading\" data-id=\"1f6247c\" data-element_type=\"widget\" data-widget_type=\"heading.default\">\n\t\t\t\t<div class=\"elementor-widget-container\">\n\t\t\t<h3 class=\"elementor-heading-title elementor-size-default\">Mus\u00e9e arch\u00e9ologique d'Ibiza et de Formentera<\/h3>\t\t<\/div>\n\t\t\t\t<\/div>\n\t\t\t\t<div class=\"elementor-element elementor-element-f502bfe elementor-widget elementor-widget-text-editor\" data-id=\"f502bfe\" data-element_type=\"widget\" data-widget_type=\"text-editor.default\">\n\t\t\t\t<div class=\"elementor-widget-container\">\n\t\t\t\t\t\t\t<p>Le mus\u00e9e arch\u00e9ologique d&rsquo;Ibiza et de Formentera, situ\u00e9 dans un b\u00e2timent gothique, est une autre curiosit\u00e9 du vieux quartier d&rsquo;Ibiza, juste \u00e0 c\u00f4t\u00e9 de la cath\u00e9drale de Sainte-Marie. Il abrite de v\u00e9ritables reliques et raconte l&rsquo;histoire de Dalt Vila, de la pr\u00e9histoire au Moyen \u00c2ge. Une visite s&rsquo;impose pour se mettre en contexte avec les environs.<\/p>\t\t\t\t\t\t<\/div>\n\t\t\t\t<\/div>\n\t\t\t\t<\/div>\n\t\t<div class=\"elementor-element elementor-element-a325150 e-con-full e-flex e-con e-child\" data-id=\"a325150\" data-element_type=\"container\">\n\t\t\t\t<div class=\"elementor-element elementor-element-fb6aadc elementor-widget elementor-widget-heading\" data-id=\"fb6aadc\" data-element_type=\"widget\" data-widget_type=\"heading.default\">\n\t\t\t\t<div class=\"elementor-widget-container\">\n\t\t\t<h3 class=\"elementor-heading-title elementor-size-default\">Le bastion de Santa Lucia<\/h3>\t\t<\/div>\n\t\t\t\t<\/div>\n\t\t\t\t<div class=\"elementor-element elementor-element-f8e8127 elementor-widget elementor-widget-text-editor\" data-id=\"f8e8127\" data-element_type=\"widget\" data-widget_type=\"text-editor.default\">\n\t\t\t\t<div class=\"elementor-widget-container\">\n\t\t\t\t\t\t\t<p>L&rsquo;un des sept bastions qui composent l&rsquo;enceinte de Dalt Vila est celui de Santa Luc\u00eda, particuli\u00e8rement appr\u00e9ci\u00e9 pour ses vues sur le port et le reste de la ville. Un endroit id\u00e9al pour profiter d&rsquo;un coucher de soleil ou simplement pour se d\u00e9tendre tout en observant le mouvement de la ville \u00e0 vos pieds.<\/p>\t\t\t\t\t\t<\/div>\n\t\t\t\t<\/div>\n\t\t\t\t<\/div>\n\t\t\t\t\t<\/div>\n\t\t\t\t<\/div>\n\t\t<div class=\"elementor-element elementor-element-5fb0ffa e-flex e-con-boxed e-con e-parent\" data-id=\"5fb0ffa\" data-element_type=\"container\">\n\t\t\t\t\t<div class=\"e-con-inner\">\n\t\t\t\t<div class=\"elementor-element elementor-element-e1c6c4d elementor-widget elementor-widget-image\" data-id=\"e1c6c4d\" data-element_type=\"widget\" data-widget_type=\"image.default\">\n\t\t\t\t<div class=\"elementor-widget-container\">\n\t\t\t\t\t\t\t\t\t\t\t\t\t<img decoding=\"async\" width=\"800\" height=\"263\" src=\"https:\/\/www.5starshome.com\/blog\/wp-content\/uploads\/2024\/09\/casco-historico-ibiza-1920x630.jpg\" class=\"attachment-large size-large wp-image-832\" alt=\"casco hist\u00f3rico ibiza\" \/>\t\t\t\t\t\t\t\t\t\t\t\t\t<\/div>\n\t\t\t\t<\/div>\n\t\t\t\t\t<\/div>\n\t\t\t\t<\/div>\n\t\t<div class=\"elementor-element elementor-element-05c52a4 e-flex e-con-boxed e-con e-parent\" data-id=\"05c52a4\" data-element_type=\"container\">\n\t\t\t\t\t<div class=\"e-con-inner\">\n\t\t\t\t<div class=\"elementor-element elementor-element-d0c91c8 elementor-widget elementor-widget-heading\" data-id=\"d0c91c8\" data-element_type=\"widget\" data-widget_type=\"heading.default\">\n\t\t\t\t<div class=\"elementor-widget-container\">\n\t\t\t<h2 class=\"elementor-heading-title elementor-size-default\">Comment se rendre dans la vieille ville d'Ibiza<\/h2>\t\t<\/div>\n\t\t\t\t<\/div>\n\t\t\t\t<div class=\"elementor-element elementor-element-d47978c elementor-widget elementor-widget-text-editor\" data-id=\"d47978c\" data-element_type=\"widget\" data-widget_type=\"text-editor.default\">\n\t\t\t\t<div class=\"elementor-widget-container\">\n\t\t\t\t\t\t\t<p>Nous avons saut\u00e9 la partie la plus importante, celle o\u00f9 nous vous indiquons comment vous rendre dans la vieille ville d&rsquo;Ibiza. Vous pouvez facilement y <strong>acc\u00e9der depuis le port en remontant les rues pav\u00e9es ou en empruntant la Calle de la Virgen, qui vous m\u00e8nera directement \u00e0 la Portal de Ses Taules, l&rsquo;entr\u00e9e principale de Dalt Vila.<\/strong> Mais attention, la mont\u00e9e est assez exigeante. Bien entendu, vous pouvez vous arr\u00eater dans l&rsquo;un des bars, restaurants ou aires de repos qui jalonnent le parcours.<\/p><p>Si vous pr\u00e9f\u00e9rez ne pas marcher, des <strong>transports en commun &#8211; lignes 03, 08, 11, 13, 25A &#8211; et des taxis<\/strong> peuvent vous conduire \u00e0 l&rsquo;entr\u00e9e de la vieille ville. En outre, en haute saison, un <strong>petit train touristique<\/strong> circule dans la ville et vous d\u00e9pose juste \u00e0 l&rsquo;entr\u00e9e de Dalt Vila, ce qui est id\u00e9al si vous voyagez avec des enfants ou si vous voulez simplement \u00e9viter la mont\u00e9e.<\/p>\t\t\t\t\t\t<\/div>\n\t\t\t\t<\/div>\n\t\t\t\t\t<\/div>\n\t\t\t\t<\/div>\n\t\t<div class=\"elementor-element elementor-element-da887c7 e-flex e-con-boxed e-con e-parent\" data-id=\"da887c7\" data-element_type=\"container\">\n\t\t\t\t\t<div class=\"e-con-inner\">\n\t\t\t\t<div class=\"elementor-element elementor-element-23000d5 elementor-widget elementor-widget-heading\" data-id=\"23000d5\" data-element_type=\"widget\" data-widget_type=\"heading.default\">\n\t\t\t\t<div class=\"elementor-widget-container\">\n\t\t\t<h2 class=\"elementor-heading-title elementor-size-default\">\u00c9v\u00e9nements et festivit\u00e9s dignes d'int\u00e9r\u00eat dans la vieille ville d'Ibiza<\/h2>\t\t<\/div>\n\t\t\t\t<\/div>\n\t\t\t\t<div class=\"elementor-element elementor-element-88c7e93 elementor-widget elementor-widget-text-editor\" data-id=\"88c7e93\" data-element_type=\"widget\" data-widget_type=\"text-editor.default\">\n\t\t\t\t<div class=\"elementor-widget-container\">\n\t\t\t\t\t\t\t<p>Et attention, Dalt Vila, ce n&rsquo;est pas seulement une histoire, un patrimoine et des vues \u00e0 couper le souffle ; c&rsquo;est aussi un lieu qui a une vie propre gr\u00e2ce \u00e0 la vari\u00e9t\u00e9 des \u00e9v\u00e9nements et des festivit\u00e9s qu&rsquo;il abrite.<\/p><p>Le <strong>festival m\u00e9di\u00e9val d&rsquo;Ibiza<\/strong>, qui a lieu chaque ann\u00e9e en mai, en est un bon exemple. Il transforme Ibiza et sa vieille ville en un march\u00e9 m\u00e9di\u00e9val avec des stands de nourriture, de l&rsquo;artisanat, de la musique, de la danse et du th\u00e9\u00e2tre de rue.<\/p><p>Ou encore les <strong>Fiestas de la Virgen del Carmen<\/strong>, en juillet, qui honorent la patronne des marins avec des d\u00e9fil\u00e9s maritimes, de la musique live et des feux d&rsquo;artifice spectaculaires.<\/p><p>En octobre, malgr\u00e9 la basse saison, il y a un \u00e9v\u00e9nement \u00e0 ne pas manquer, le <strong>festival des lumi\u00e8res d&rsquo;Ibiza<\/strong>, au cours duquel des b\u00e2timents renomm\u00e9s de la vieille ville d&rsquo;Ibiza sont illumin\u00e9s par des installations artistiques et des projections lumineuses, cr\u00e9ant un spectacle visuel impressionnant.<\/p>\t\t\t\t\t\t<\/div>\n\t\t\t\t<\/div>\n\t\t\t\t\t<\/div>\n\t\t\t\t<\/div>\n\t\t<div class=\"elementor-element elementor-element-d871ec1 e-flex e-con-boxed e-con e-parent\" data-id=\"d871ec1\" data-element_type=\"container\">\n\t\t\t\t\t<div class=\"e-con-inner\">\n\t\t\t\t<div class=\"elementor-element elementor-element-799c93c elementor-widget elementor-widget-image\" data-id=\"799c93c\" data-element_type=\"widget\" data-widget_type=\"image.default\">\n\t\t\t\t<div class=\"elementor-widget-container\">\n\t\t\t\t\t\t\t\t\t\t\t\t\t<img decoding=\"async\" width=\"800\" height=\"400\" src=\"https:\/\/www.5starshome.com\/blog\/wp-content\/uploads\/2024\/09\/fiesta-medieval-ibiza.jpg\" class=\"attachment-large size-large wp-image-828\" alt=\"fiesta-medieval-ibiza\" srcset=\"https:\/\/www.5starshome.com\/blog\/wp-content\/uploads\/2024\/09\/fiesta-medieval-ibiza.jpg 1254w, https:\/\/www.5starshome.com\/blog\/wp-content\/uploads\/2024\/09\/fiesta-medieval-ibiza-768x384.jpg 768w\" sizes=\"(max-width: 800px) 100vw, 800px\" \/>\t\t\t\t\t\t\t\t\t\t\t\t\t<\/div>\n\t\t\t\t<\/div>\n\t\t\t\t\t<\/div>\n\t\t\t\t<\/div>\n\t\t<div class=\"elementor-element elementor-element-a3d8781 e-flex e-con-boxed e-con e-parent\" data-id=\"a3d8781\" data-element_type=\"container\">\n\t\t\t\t\t<div class=\"e-con-inner\">\n\t\t\t\t<div class=\"elementor-element elementor-element-237f5e9 elementor-widget elementor-widget-heading\" data-id=\"237f5e9\" data-element_type=\"widget\" data-widget_type=\"heading.default\">\n\t\t\t\t<div class=\"elementor-widget-container\">\n\t\t\t<h2 class=\"elementor-heading-title elementor-size-default\">Vous souhaitez d\u00e9couvrir Ibiza et sa vieille ville ?<\/h2>\t\t<\/div>\n\t\t\t\t<\/div>\n\t\t\t\t<div class=\"elementor-element elementor-element-91c0a48 elementor-widget elementor-widget-text-editor\" data-id=\"91c0a48\" data-element_type=\"widget\" data-widget_type=\"text-editor.default\">\n\t\t\t\t<div class=\"elementor-widget-container\">\n\t\t\t\t\t\t\t<p>La vieille ville d&rsquo;Ibiza a beaucoup \u00e0 offrir, qu&rsquo;il s&rsquo;agisse de se promener le long de ses murs, de profiter de ses panoramas ou de participer \u00e0 l&rsquo;un de ses \u00e9v\u00e9nements ; Dalt Vila offre une exp\u00e9rience unique qui montre un aspect d&rsquo;Ibiza qui va bien au-del\u00e0 des plages et des f\u00eates.<\/p><p>Si vous cherchez un coin de l&rsquo;\u00eele qui allie le meilleur du pass\u00e9 et du pr\u00e9sent, Dalt Vila vous attend. Il ne vous reste plus qu&rsquo;\u00e0 chercher un logement \u00e0 proximit\u00e9 ou dans la vieille ville d&rsquo;Ibiza et \u00e0 venir en profiter.<\/p><p>Vous ne savez pas o\u00f9 dormir ? Ne vous inqui\u00e9tez pas, chez 5 StarsHome nous avons de nombreux logements pour tous les go\u00fbts et tous les budgets. Jetez un coup d&rsquo;\u0153il \u00e0 <a href=\"https:\/\/www.5starshome.com\/es\/\">notre site web<\/a> et dites-nous ce qu&rsquo;il en est.<\/p>\t\t\t\t\t\t<\/div>\n\t\t\t\t<\/div>\n\t\t\t\t\t<\/div>\n\t\t\t\t<\/div>\n\t\t<div class=\"elementor-element elementor-element-34df6b20 e-flex e-con-boxed e-con e-parent\" data-id=\"34df6b20\" data-element_type=\"container\">\n\t\t\t\t\t<div class=\"e-con-inner\">\n\t\t<div class=\"elementor-element elementor-element-160edff2 e-con-full e-flex e-con e-child\" data-id=\"160edff2\" data-element_type=\"container\">\n\t\t\t\t<div class=\"elementor-element elementor-element-1422a2a7 elementor-align-center elementor-widget elementor-widget-button\" data-id=\"1422a2a7\" data-element_type=\"widget\" data-widget_type=\"button.default\">\n\t\t\t\t<div class=\"elementor-widget-container\">\n\t\t\t\t\t<div class=\"elementor-button-wrapper\">\n\t\t\t<a class=\"elementor-button elementor-button-link elementor-size-sm\" href=\"https:\/\/www.5starshome.com\/fr\/location\/locations-ibiza-e7\/\">\n\t\t\t\t\t\t<span class=\"elementor-button-content-wrapper\">\n\t\t\t\t\t\t\t\t\t<span class=\"elementor-button-text\">H\u00e9bergement \u00e0 Ibiza<\/span>\n\t\t\t\t\t<\/span>\n\t\t\t\t\t<\/a>\n\t\t<\/div>\n\t\t\t\t<\/div>\n\t\t\t\t<\/div>\n\t\t\t\t<\/div>\n\t\t<div class=\"elementor-element elementor-element-6bb14288 e-con-full e-flex e-con e-child\" data-id=\"6bb14288\" data-element_type=\"container\">\n\t\t\t\t<div class=\"elementor-element elementor-element-1a94dd32 elementor-align-center elementor-widget elementor-widget-button\" data-id=\"1a94dd32\" data-element_type=\"widget\" data-widget_type=\"button.default\">\n\t\t\t\t<div class=\"elementor-widget-container\">\n\t\t\t\t\t<div class=\"elementor-button-wrapper\">\n\t\t\t<a class=\"elementor-button elementor-button-link elementor-size-sm\" href=\"https:\/\/www.5starshome.com\/fr\/location\/domaine-ibiza-c22e7\/\">\n\t\t\t\t\t\t<span class=\"elementor-button-content-wrapper\">\n\t\t\t\t\t\t\t\t\t<span class=\"elementor-button-text\">Fincas \u00e0 Ibiza<\/span>\n\t\t\t\t\t<\/span>\n\t\t\t\t\t<\/a>\n\t\t<\/div>\n\t\t\t\t<\/div>\n\t\t\t\t<\/div>\n\t\t\t\t<\/div>\n\t\t<div class=\"elementor-element elementor-element-3c775c49 e-con-full e-flex e-con e-child\" data-id=\"3c775c49\" data-element_type=\"container\">\n\t\t\t\t<div class=\"elementor-element elementor-element-5dacd181 elementor-align-center elementor-widget elementor-widget-button\" data-id=\"5dacd181\" data-element_type=\"widget\" data-widget_type=\"button.default\">\n\t\t\t\t<div class=\"elementor-widget-container\">\n\t\t\t\t\t<div class=\"elementor-button-wrapper\">\n\t\t\t<a class=\"elementor-button elementor-button-link elementor-size-sm\" href=\"https:\/\/www.5starshome.com\/fr\/location\/villas-ibiza-c2e7\/vue-liste\/\">\n\t\t\t\t\t\t<span class=\"elementor-button-content-wrapper\">\n\t\t\t\t\t\t\t\t\t<span class=\"elementor-button-text\">Villas de luxe \u00e0 Ibiza<\/span>\n\t\t\t\t\t<\/span>\n\t\t\t\t\t<\/a>\n\t\t<\/div>\n\t\t\t\t<\/div>\n\t\t\t\t<\/div>\n\t\t\t\t<\/div>\n\t\t<div class=\"elementor-element elementor-element-6afee8bd e-con-full e-flex e-con e-child\" data-id=\"6afee8bd\" data-element_type=\"container\">\n\t\t\t\t<div class=\"elementor-element elementor-element-734af702 elementor-align-center elementor-widget elementor-widget-button\" data-id=\"734af702\" data-element_type=\"widget\" data-widget_type=\"button.default\">\n\t\t\t\t<div class=\"elementor-widget-container\">\n\t\t\t\t\t<div class=\"elementor-button-wrapper\">\n\t\t\t<a class=\"elementor-button elementor-button-link elementor-size-sm\" href=\"https:\/\/www.5starshome.com\/fr\/location\/maisons-ibiza-c19e7\/\">\n\t\t\t\t\t\t<span class=\"elementor-button-content-wrapper\">\n\t\t\t\t\t\t\t\t\t<span class=\"elementor-button-text\">Maisons \u00e0 Ibiza<\/span>\n\t\t\t\t\t<\/span>\n\t\t\t\t\t<\/a>\n\t\t<\/div>\n\t\t\t\t<\/div>\n\t\t\t\t<\/div>\n\t\t\t\t<\/div>\n\t\t\t\t\t<\/div>\n\t\t\t\t<\/div>\n\t\t\t\t<\/div>\n\t\t","protected":false},"excerpt":{"rendered":"<p>La vieil d&rsquo;ibiza, connu sous le nom de Dalt Vila, est l&rsquo;un de ces endroits qui vous t\u00e9l\u00e9porte dans le pass\u00e9 d\u00e8s que vous posez le pied dans ses rues. Il a \u00e9t\u00e9 class\u00e9 au patrimoine mondial de l&rsquo;UNESCO en 1999, et ce n&rsquo;est pas \u00e9tonnant, car son m\u00e9lange d&rsquo;histoire, de culture et de vues [&hellip;]<\/p>\n","protected":false},"author":6,"featured_media":832,"comment_status":"open","ping_status":"open","sticky":false,"template":"","format":"standard","meta":{"footnotes":""},"categories":[54,4],"tags":[],"class_list":["post-605","post","type-post","status-publish","format-standard","has-post-thumbnail","hentry","category-ibiza-fr","category-non-classifiee"],"yoast_head":"<!-- This site is optimized with the Yoast SEO plugin v23.1 - https:\/\/yoast.com\/wordpress\/plugins\/seo\/ -->\n<title>La viei d&#039;Ibiza, le tr\u00e9sor m\u00e9connu de l&#039;\u00eele - Voyage aux \u00celes Bal\u00e9ares<\/title>\n<meta name=\"description\" content=\"D\u00e9couvrez la magie du le vieil Ibiza, avec ses charmantes rues pav\u00e9es, ses anciens remparts et ses vues panoramiques.\" \/>\n<meta name=\"robots\" content=\"index, follow, max-snippet:-1, max-image-preview:large, max-video-preview:-1\" \/>\n<link rel=\"canonical\" href=\"https:\/\/www.5starshome.com\/blog\/fr\/vieil-ibiza\/\" \/>\n<meta property=\"og:locale\" content=\"fr_FR\" \/>\n<meta property=\"og:type\" content=\"article\" \/>\n<meta property=\"og:title\" content=\"La viei d&#039;Ibiza, le tr\u00e9sor m\u00e9connu de l&#039;\u00eele - Voyage aux \u00celes Bal\u00e9ares\" \/>\n<meta property=\"og:description\" content=\"D\u00e9couvrez la magie du le vieil Ibiza, avec ses charmantes rues pav\u00e9es, ses anciens remparts et ses vues panoramiques.\" \/>\n<meta property=\"og:url\" content=\"https:\/\/www.5starshome.com\/blog\/fr\/vieil-ibiza\/\" \/>\n<meta property=\"og:site_name\" content=\"Voyage aux \u00celes Bal\u00e9ares\" \/>\n<meta property=\"article:published_time\" content=\"2024-09-19T11:40:45+00:00\" \/>\n<meta property=\"article:modified_time\" content=\"2024-09-30T07:59:56+00:00\" \/>\n<meta property=\"og:image\" content=\"https:\/\/www.5starshome.com\/blog\/wp-content\/uploads\/2024\/09\/casco-historico-ibiza.jpg\" \/>\n\t<meta property=\"og:image:width\" content=\"2121\" \/>\n\t<meta property=\"og:image:height\" content=\"740\" \/>\n\t<meta property=\"og:image:type\" content=\"image\/jpeg\" \/>\n<meta name=\"author\" content=\"Thibaut\" \/>\n<meta name=\"twitter:card\" content=\"summary_large_image\" \/>\n<meta name=\"twitter:label1\" content=\"\u00c9crit par\" \/>\n\t<meta name=\"twitter:data1\" content=\"Thibaut\" \/>\n\t<meta name=\"twitter:label2\" content=\"Dur\u00e9e de lecture estim\u00e9e\" \/>\n\t<meta name=\"twitter:data2\" content=\"7 minutes\" \/>\n<script type=\"application\/ld+json\" class=\"yoast-schema-graph\">{\"@context\":\"https:\/\/schema.org\",\"@graph\":[{\"@type\":\"Article\",\"@id\":\"https:\/\/www.5starshome.com\/blog\/fr\/vieil-ibiza\/#article\",\"isPartOf\":{\"@id\":\"https:\/\/www.5starshome.com\/blog\/fr\/vieil-ibiza\/\"},\"author\":{\"name\":\"Thibaut\",\"@id\":\"https:\/\/www.5starshome.com\/blog\/fr\/#\/schema\/person\/f6f1eaa7ed2531be71dd94614016c927\"},\"headline\":\"La viei d&rsquo;Ibiza, le tr\u00e9sor m\u00e9connu de l&rsquo;\u00eele\",\"datePublished\":\"2024-09-19T11:40:45+00:00\",\"dateModified\":\"2024-09-30T07:59:56+00:00\",\"mainEntityOfPage\":{\"@id\":\"https:\/\/www.5starshome.com\/blog\/fr\/vieil-ibiza\/\"},\"wordCount\":1247,\"commentCount\":0,\"publisher\":{\"@id\":\"https:\/\/www.5starshome.com\/blog\/fr\/#organization\"},\"image\":{\"@id\":\"https:\/\/www.5starshome.com\/blog\/fr\/vieil-ibiza\/#primaryimage\"},\"thumbnailUrl\":\"https:\/\/www.5starshome.com\/blog\/wp-content\/uploads\/2024\/09\/casco-historico-ibiza.jpg\",\"articleSection\":[\"Ibiza\",\"Non classifi\u00e9(e)\"],\"inLanguage\":\"fr-FR\",\"potentialAction\":[{\"@type\":\"CommentAction\",\"name\":\"Comment\",\"target\":[\"https:\/\/www.5starshome.com\/blog\/fr\/vieil-ibiza\/#respond\"]}]},{\"@type\":\"WebPage\",\"@id\":\"https:\/\/www.5starshome.com\/blog\/fr\/vieil-ibiza\/\",\"url\":\"https:\/\/www.5starshome.com\/blog\/fr\/vieil-ibiza\/\",\"name\":\"La viei d'Ibiza, le tr\u00e9sor m\u00e9connu de l'\u00eele - Voyage aux \u00celes Bal\u00e9ares\",\"isPartOf\":{\"@id\":\"https:\/\/www.5starshome.com\/blog\/fr\/#website\"},\"primaryImageOfPage\":{\"@id\":\"https:\/\/www.5starshome.com\/blog\/fr\/vieil-ibiza\/#primaryimage\"},\"image\":{\"@id\":\"https:\/\/www.5starshome.com\/blog\/fr\/vieil-ibiza\/#primaryimage\"},\"thumbnailUrl\":\"https:\/\/www.5starshome.com\/blog\/wp-content\/uploads\/2024\/09\/casco-historico-ibiza.jpg\",\"datePublished\":\"2024-09-19T11:40:45+00:00\",\"dateModified\":\"2024-09-30T07:59:56+00:00\",\"description\":\"D\u00e9couvrez la magie du le vieil Ibiza, avec ses charmantes rues pav\u00e9es, ses anciens remparts et ses vues panoramiques.\",\"breadcrumb\":{\"@id\":\"https:\/\/www.5starshome.com\/blog\/fr\/vieil-ibiza\/#breadcrumb\"},\"inLanguage\":\"fr-FR\",\"potentialAction\":[{\"@type\":\"ReadAction\",\"target\":[\"https:\/\/www.5starshome.com\/blog\/fr\/vieil-ibiza\/\"]}]},{\"@type\":\"ImageObject\",\"inLanguage\":\"fr-FR\",\"@id\":\"https:\/\/www.5starshome.com\/blog\/fr\/vieil-ibiza\/#primaryimage\",\"url\":\"https:\/\/www.5starshome.com\/blog\/wp-content\/uploads\/2024\/09\/casco-historico-ibiza.jpg\",\"contentUrl\":\"https:\/\/www.5starshome.com\/blog\/wp-content\/uploads\/2024\/09\/casco-historico-ibiza.jpg\",\"width\":2121,\"height\":740,\"caption\":\"1401988523\"},{\"@type\":\"BreadcrumbList\",\"@id\":\"https:\/\/www.5starshome.com\/blog\/fr\/vieil-ibiza\/#breadcrumb\",\"itemListElement\":[{\"@type\":\"ListItem\",\"position\":1,\"name\":\"Home\",\"item\":\"https:\/\/www.5starshome.com\/blog\/fr\/\"},{\"@type\":\"ListItem\",\"position\":2,\"name\":\"La viei d&rsquo;Ibiza, le tr\u00e9sor m\u00e9connu de l&rsquo;\u00eele\"}]},{\"@type\":\"WebSite\",\"@id\":\"https:\/\/www.5starshome.com\/blog\/fr\/#website\",\"url\":\"https:\/\/www.5starshome.com\/blog\/fr\/\",\"name\":\"Voyage aux \u00celes Bal\u00e9ares\",\"description\":\"Holiday Rentals 5starshome\",\"publisher\":{\"@id\":\"https:\/\/www.5starshome.com\/blog\/fr\/#organization\"},\"potentialAction\":[{\"@type\":\"SearchAction\",\"target\":{\"@type\":\"EntryPoint\",\"urlTemplate\":\"https:\/\/www.5starshome.com\/blog\/fr\/?s={search_term_string}\"},\"query-input\":\"required name=search_term_string\"}],\"inLanguage\":\"fr-FR\"},{\"@type\":\"Organization\",\"@id\":\"https:\/\/www.5starshome.com\/blog\/fr\/#organization\",\"name\":\"Voyage aux \u00celes Bal\u00e9ares\",\"url\":\"https:\/\/www.5starshome.com\/blog\/fr\/\",\"logo\":{\"@type\":\"ImageObject\",\"inLanguage\":\"fr-FR\",\"@id\":\"https:\/\/www.5starshome.com\/blog\/fr\/#\/schema\/logo\/image\/\",\"url\":\"https:\/\/www.5starshome.com\/blog\/wp-content\/uploads\/2024\/10\/logo-1.png\",\"contentUrl\":\"https:\/\/www.5starshome.com\/blog\/wp-content\/uploads\/2024\/10\/logo-1.png\",\"width\":200,\"height\":68,\"caption\":\"Voyage aux \u00celes Bal\u00e9ares\"},\"image\":{\"@id\":\"https:\/\/www.5starshome.com\/blog\/fr\/#\/schema\/logo\/image\/\"}},{\"@type\":\"Person\",\"@id\":\"https:\/\/www.5starshome.com\/blog\/fr\/#\/schema\/person\/f6f1eaa7ed2531be71dd94614016c927\",\"name\":\"Thibaut\",\"image\":{\"@type\":\"ImageObject\",\"inLanguage\":\"fr-FR\",\"@id\":\"https:\/\/www.5starshome.com\/blog\/fr\/#\/schema\/person\/image\/\",\"url\":\"https:\/\/secure.gravatar.com\/avatar\/1657d3e03cb74dfd00a369778744d0f6773802ba2d5232a1fad7d484cfa7dcbe?s=96&d=mm&r=g\",\"contentUrl\":\"https:\/\/secure.gravatar.com\/avatar\/1657d3e03cb74dfd00a369778744d0f6773802ba2d5232a1fad7d484cfa7dcbe?s=96&d=mm&r=g\",\"caption\":\"Thibaut\"},\"url\":\"https:\/\/www.5starshome.com\/blog\/fr\/author\/thibaut\/\"}]}<\/script>\n<!-- \/ Yoast SEO plugin. -->","yoast_head_json":{"title":"La viei d'Ibiza, le tr\u00e9sor m\u00e9connu de l'\u00eele - Voyage aux \u00celes Bal\u00e9ares","description":"D\u00e9couvrez la magie du le vieil Ibiza, avec ses charmantes rues pav\u00e9es, ses anciens remparts et ses vues panoramiques.","robots":{"index":"index","follow":"follow","max-snippet":"max-snippet:-1","max-image-preview":"max-image-preview:large","max-video-preview":"max-video-preview:-1"},"canonical":"https:\/\/www.5starshome.com\/blog\/fr\/vieil-ibiza\/","og_locale":"fr_FR","og_type":"article","og_title":"La viei d'Ibiza, le tr\u00e9sor m\u00e9connu de l'\u00eele - Voyage aux \u00celes Bal\u00e9ares","og_description":"D\u00e9couvrez la magie du le vieil Ibiza, avec ses charmantes rues pav\u00e9es, ses anciens remparts et ses vues panoramiques.","og_url":"https:\/\/www.5starshome.com\/blog\/fr\/vieil-ibiza\/","og_site_name":"Voyage aux \u00celes Bal\u00e9ares","article_published_time":"2024-09-19T11:40:45+00:00","article_modified_time":"2024-09-30T07:59:56+00:00","og_image":[{"width":2121,"height":740,"url":"https:\/\/www.5starshome.com\/blog\/wp-content\/uploads\/2024\/09\/casco-historico-ibiza.jpg","type":"image\/jpeg"}],"author":"Thibaut","twitter_card":"summary_large_image","twitter_misc":{"\u00c9crit par":"Thibaut","Dur\u00e9e de lecture estim\u00e9e":"7 minutes"},"schema":{"@context":"https:\/\/schema.org","@graph":[{"@type":"Article","@id":"https:\/\/www.5starshome.com\/blog\/fr\/vieil-ibiza\/#article","isPartOf":{"@id":"https:\/\/www.5starshome.com\/blog\/fr\/vieil-ibiza\/"},"author":{"name":"Thibaut","@id":"https:\/\/www.5starshome.com\/blog\/fr\/#\/schema\/person\/f6f1eaa7ed2531be71dd94614016c927"},"headline":"La viei d&rsquo;Ibiza, le tr\u00e9sor m\u00e9connu de l&rsquo;\u00eele","datePublished":"2024-09-19T11:40:45+00:00","dateModified":"2024-09-30T07:59:56+00:00","mainEntityOfPage":{"@id":"https:\/\/www.5starshome.com\/blog\/fr\/vieil-ibiza\/"},"wordCount":1247,"commentCount":0,"publisher":{"@id":"https:\/\/www.5starshome.com\/blog\/fr\/#organization"},"image":{"@id":"https:\/\/www.5starshome.com\/blog\/fr\/vieil-ibiza\/#primaryimage"},"thumbnailUrl":"https:\/\/www.5starshome.com\/blog\/wp-content\/uploads\/2024\/09\/casco-historico-ibiza.jpg","articleSection":["Ibiza","Non classifi\u00e9(e)"],"inLanguage":"fr-FR","potentialAction":[{"@type":"CommentAction","name":"Comment","target":["https:\/\/www.5starshome.com\/blog\/fr\/vieil-ibiza\/#respond"]}]},{"@type":"WebPage","@id":"https:\/\/www.5starshome.com\/blog\/fr\/vieil-ibiza\/","url":"https:\/\/www.5starshome.com\/blog\/fr\/vieil-ibiza\/","name":"La viei d'Ibiza, le tr\u00e9sor m\u00e9connu de l'\u00eele - Voyage aux \u00celes Bal\u00e9ares","isPartOf":{"@id":"https:\/\/www.5starshome.com\/blog\/fr\/#website"},"primaryImageOfPage":{"@id":"https:\/\/www.5starshome.com\/blog\/fr\/vieil-ibiza\/#primaryimage"},"image":{"@id":"https:\/\/www.5starshome.com\/blog\/fr\/vieil-ibiza\/#primaryimage"},"thumbnailUrl":"https:\/\/www.5starshome.com\/blog\/wp-content\/uploads\/2024\/09\/casco-historico-ibiza.jpg","datePublished":"2024-09-19T11:40:45+00:00","dateModified":"2024-09-30T07:59:56+00:00","description":"D\u00e9couvrez la magie du le vieil Ibiza, avec ses charmantes rues pav\u00e9es, ses anciens remparts et ses vues panoramiques.","breadcrumb":{"@id":"https:\/\/www.5starshome.com\/blog\/fr\/vieil-ibiza\/#breadcrumb"},"inLanguage":"fr-FR","potentialAction":[{"@type":"ReadAction","target":["https:\/\/www.5starshome.com\/blog\/fr\/vieil-ibiza\/"]}]},{"@type":"ImageObject","inLanguage":"fr-FR","@id":"https:\/\/www.5starshome.com\/blog\/fr\/vieil-ibiza\/#primaryimage","url":"https:\/\/www.5starshome.com\/blog\/wp-content\/uploads\/2024\/09\/casco-historico-ibiza.jpg","contentUrl":"https:\/\/www.5starshome.com\/blog\/wp-content\/uploads\/2024\/09\/casco-historico-ibiza.jpg","width":2121,"height":740,"caption":"1401988523"},{"@type":"BreadcrumbList","@id":"https:\/\/www.5starshome.com\/blog\/fr\/vieil-ibiza\/#breadcrumb","itemListElement":[{"@type":"ListItem","position":1,"name":"Home","item":"https:\/\/www.5starshome.com\/blog\/fr\/"},{"@type":"ListItem","position":2,"name":"La viei d&rsquo;Ibiza, le tr\u00e9sor m\u00e9connu de l&rsquo;\u00eele"}]},{"@type":"WebSite","@id":"https:\/\/www.5starshome.com\/blog\/fr\/#website","url":"https:\/\/www.5starshome.com\/blog\/fr\/","name":"Voyage aux \u00celes Bal\u00e9ares","description":"Holiday Rentals 5starshome","publisher":{"@id":"https:\/\/www.5starshome.com\/blog\/fr\/#organization"},"potentialAction":[{"@type":"SearchAction","target":{"@type":"EntryPoint","urlTemplate":"https:\/\/www.5starshome.com\/blog\/fr\/?s={search_term_string}"},"query-input":"required name=search_term_string"}],"inLanguage":"fr-FR"},{"@type":"Organization","@id":"https:\/\/www.5starshome.com\/blog\/fr\/#organization","name":"Voyage aux \u00celes Bal\u00e9ares","url":"https:\/\/www.5starshome.com\/blog\/fr\/","logo":{"@type":"ImageObject","inLanguage":"fr-FR","@id":"https:\/\/www.5starshome.com\/blog\/fr\/#\/schema\/logo\/image\/","url":"https:\/\/www.5starshome.com\/blog\/wp-content\/uploads\/2024\/10\/logo-1.png","contentUrl":"https:\/\/www.5starshome.com\/blog\/wp-content\/uploads\/2024\/10\/logo-1.png","width":200,"height":68,"caption":"Voyage aux \u00celes Bal\u00e9ares"},"image":{"@id":"https:\/\/www.5starshome.com\/blog\/fr\/#\/schema\/logo\/image\/"}},{"@type":"Person","@id":"https:\/\/www.5starshome.com\/blog\/fr\/#\/schema\/person\/f6f1eaa7ed2531be71dd94614016c927","name":"Thibaut","image":{"@type":"ImageObject","inLanguage":"fr-FR","@id":"https:\/\/www.5starshome.com\/blog\/fr\/#\/schema\/person\/image\/","url":"https:\/\/secure.gravatar.com\/avatar\/1657d3e03cb74dfd00a369778744d0f6773802ba2d5232a1fad7d484cfa7dcbe?s=96&d=mm&r=g","contentUrl":"https:\/\/secure.gravatar.com\/avatar\/1657d3e03cb74dfd00a369778744d0f6773802ba2d5232a1fad7d484cfa7dcbe?s=96&d=mm&r=g","caption":"Thibaut"},"url":"https:\/\/www.5starshome.com\/blog\/fr\/author\/thibaut\/"}]}},"_links":{"self":[{"href":"https:\/\/www.5starshome.com\/blog\/fr\/wp-json\/wp\/v2\/posts\/605","targetHints":{"allow":["GET"]}}],"collection":[{"href":"https:\/\/www.5starshome.com\/blog\/fr\/wp-json\/wp\/v2\/posts"}],"about":[{"href":"https:\/\/www.5starshome.com\/blog\/fr\/wp-json\/wp\/v2\/types\/post"}],"author":[{"embeddable":true,"href":"https:\/\/www.5starshome.com\/blog\/fr\/wp-json\/wp\/v2\/users\/6"}],"replies":[{"embeddable":true,"href":"https:\/\/www.5starshome.com\/blog\/fr\/wp-json\/wp\/v2\/comments?post=605"}],"version-history":[{"count":18,"href":"https:\/\/www.5starshome.com\/blog\/fr\/wp-json\/wp\/v2\/posts\/605\/revisions"}],"predecessor-version":[{"id":926,"href":"https:\/\/www.5starshome.com\/blog\/fr\/wp-json\/wp\/v2\/posts\/605\/revisions\/926"}],"wp:featuredmedia":[{"embeddable":true,"href":"https:\/\/www.5starshome.com\/blog\/fr\/wp-json\/wp\/v2\/media\/832"}],"wp:attachment":[{"href":"https:\/\/www.5starshome.com\/blog\/fr\/wp-json\/wp\/v2\/media?parent=605"}],"wp:term":[{"taxonomy":"category","embeddable":true,"href":"https:\/\/www.5starshome.com\/blog\/fr\/wp-json\/wp\/v2\/categories?post=605"},{"taxonomy":"post_tag","embeddable":true,"href":"https:\/\/www.5starshome.com\/blog\/fr\/wp-json\/wp\/v2\/tags?post=605"}],"curies":[{"name":"wp","href":"https:\/\/api.w.org\/{rel}","templated":true}]}}